{"id":1002,"date":"2010-03-16T11:14:41","date_gmt":"2010-03-16T09:14:41","guid":{"rendered":"http:\/\/www.habitaturban.ro\/?p=1002"},"modified":"2010-03-16T11:23:29","modified_gmt":"2010-03-16T09:23:29","slug":"informare-4","status":"publish","type":"post","link":"https:\/\/www.habitaturban.ro\/?p=1002","title":{"rendered":"Intalnire de lucru &#8211; Uniunea  Asociatiilor de Proprietari Arad  si specialistii Ligii Habitat"},"content":{"rendered":"<p>Pe <strong>12 martie<\/strong>, \u00eentre orele <strong>09.00 \u015fi 14.00<\/strong>, la sediul Uniunii Asociatiilor de Proprietari Arad au avut loc doua evenimente: <strong>o intalnire si o Conferinta de Presa dedicate problemelor asociatiilor de proprietari.<\/strong><br \/>\nCu acest prilej a fost analizat\u0103 activitatea desf\u0103\u015furat\u0103 de reprezentantii asociatilor de proprietari, \u00eens\u0103 a avut loc \u015fi un schimb de experien\u0163\u0103 \u00eentre acestia si specialistii <strong>Ligii Habitat<\/strong>.<br \/>\n<br \/>\n<strong>La aceasta intalnire au participat:<\/strong><br \/>\n\u2022\tdin partea Ligii Asociatiilor de Proprietari Habitat doamna Tatiana Musteata si domnul Mihai Mereuta,<br \/>\n\u2022\tdin partea Uniunii Asociatiilor de Proprietari Arad doamna Lupse Dorina, domnul Vasile Arion, reprezentanti ai asociatiilor de proprietari,<br \/>\n\u2022\tziaristi.<br \/>\n<br \/>\n<strong>Printre subiectele abordate<\/strong><br \/>\n\u2022\tenergia termic\u0103<br \/>\n\u2022\ts\u0103r\u0103cirea popula\u0163iei<br \/>\n\u2022\tfacturile la \u00eentre\u0163inere<br \/>\n\u2022\tprogramul de reabilitare termic\u0103<br \/>\n\u2022\tcontorizare si repartizare<br \/>\n\u2022\tfinantare si utilizarea instrumentelor bancare<br \/>\nInformarea corecta si de calitate a reprezentantilor asociatiilor de proprietari cu privire la drepturile si obligatiile acestora este benefica tuturor partilor implicate!<\/p>\n","protected":false},"excerpt":{"rendered":"<p>Pe 12 martie, \u00eentre orele 09.00 \u015fi 14.00, la sediul Uniunii Asociatiilor de Proprietari Arad au avut loc doua evenimente: o intalnire si o Conferinta de Presa dedicate problemelor asociatiilor de proprietari. Cu acest prilej a fost analizat\u0103 activitatea desf\u0103\u015furat\u0103 de reprezentantii asociatilor de proprietari, \u00eens\u0103 a avut loc \u015fi un schimb de experien\u0163\u0103 \u00eentre [&hellip;]<\/p>\n","protected":false},"author":3,"featured_media":0,"comment_status":"open","ping_status":"open","sticky":false,"template":"","format":"standard","meta":{"footnotes":""},"categories":[1,75],"tags":[],"class_list":["post-1002","post","type-post","status-publish","format-standard","hentry","category-noutati","category-utilitati-publice"],"_links":{"self":[{"href":"https:\/\/www.habitaturban.ro\/index.php?rest_route=\/wp\/v2\/posts\/1002","targetHints":{"allow":["GET"]}}],"collection":[{"href":"https:\/\/www.habitaturban.ro\/index.php?rest_route=\/wp\/v2\/posts"}],"about":[{"href":"https:\/\/www.habitaturban.ro\/index.php?rest_route=\/wp\/v2\/types\/post"}],"author":[{"embeddable":true,"href":"https:\/\/www.habitaturban.ro\/index.php?rest_route=\/wp\/v2\/users\/3"}],"replies":[{"embeddable":true,"href":"https:\/\/www.habitaturban.ro\/index.php?rest_route=%2Fwp%2Fv2%2Fcomments&post=1002"}],"version-history":[{"count":3,"href":"https:\/\/www.habitaturban.ro\/index.php?rest_route=\/wp\/v2\/posts\/1002\/revisions"}],"predecessor-version":[{"id":1006,"href":"https:\/\/www.habitaturban.ro\/index.php?rest_route=\/wp\/v2\/posts\/1002\/revisions\/1006"}],"wp:attachment":[{"href":"https:\/\/www.habitaturban.ro\/index.php?rest_route=%2Fwp%2Fv2%2Fmedia&parent=1002"}],"wp:term":[{"taxonomy":"category","embeddable":true,"href":"https:\/\/www.habitaturban.ro\/index.php?rest_route=%2Fwp%2Fv2%2Fcategories&post=1002"},{"taxonomy":"post_tag","embeddable":true,"href":"https:\/\/www.habitaturban.ro\/index.php?rest_route=%2Fwp%2Fv2%2Ftags&post=1002"}],"curies":[{"name":"wp","href":"https:\/\/api.w.org\/{rel}","templated":true}]}}