{"id":1009,"date":"2010-03-18T10:10:29","date_gmt":"2010-03-18T08:10:29","guid":{"rendered":"http:\/\/www.habitaturban.ro\/?p=1009"},"modified":"2010-03-18T10:10:29","modified_gmt":"2010-03-18T08:10:29","slug":"informare-intalnire-dedicata-problemelor-asociatiilor-de-proprietari","status":"publish","type":"post","link":"https:\/\/www.habitaturban.ro\/?p=1009","title":{"rendered":"Informare &#8211; Intalnire dedicata problemelor asociatiilor de proprietari"},"content":{"rendered":"<p>Pe <strong>18 martie, \u00eentre orele 09.00 \u015fi 14.00, la sediul Uniunii Judetene a Asociatiilor de Proprietari Ramnicu Valcea<\/strong> se desfasoara o intalnire dedicata problemelor asociatiilor de proprietari.<br \/>\nCu acest prilej va fi analizat\u0103 activitatea desf\u0103\u015furat\u0103 de reprezentantii asociatilor de proprietari, \u00eens\u0103 va avea loc \u015fi un schimb de experien\u0163\u0103 \u00eentre acestia si specialistii Ligii Habitat.<\/p>\n<p><strong>La aceasta intalnire vor participa:<\/strong><br \/>\n\u2022\tdin partea Ligii Asociatiilor de Proprietari Habitat <strong>doamna Tatiana Musteata si domnul Mihai Mereuta<\/strong>,<br \/>\n\u2022\tdin partea Uniunii Judetene a Asociatiilor de Proprietari Ramnicu Valcea <strong>domnul Ioan Cojocaru, domnul Mitica Cumpanasu<\/strong>, reprezentanti ai asociatiilor de proprietari,<\/p>\n<p><strong>Printre subiectele ce vor fi abordate<\/strong><br \/>\n\u2022\tenergia termic\u0103<br \/>\n\u2022\ts\u0103r\u0103cirea popula\u0163iei<br \/>\n\u2022\tfacturile la \u00eentre\u0163inere<br \/>\n\u2022\tprogramul de reabilitare termic\u0103<br \/>\n\u2022\tcontorizare si repartizare<br \/>\n\u2022\tfinantare si utilizarea instrumentelor bancare<\/p>\n","protected":false},"excerpt":{"rendered":"<p>Pe 18 martie, \u00eentre orele 09.00 \u015fi 14.00, la sediul Uniunii Judetene a Asociatiilor de Proprietari Ramnicu Valcea se desfasoara o intalnire dedicata problemelor asociatiilor de proprietari. Cu acest prilej va fi analizat\u0103 activitatea desf\u0103\u015furat\u0103 de reprezentantii asociatilor de proprietari, \u00eens\u0103 va avea loc \u015fi un schimb de experien\u0163\u0103 \u00eentre acestia si specialistii Ligii Habitat. [&hellip;]<\/p>\n","protected":false},"author":3,"featured_media":0,"comment_status":"open","ping_status":"open","sticky":false,"template":"","format":"standard","meta":{"footnotes":""},"categories":[1],"tags":[],"class_list":["post-1009","post","type-post","status-publish","format-standard","hentry","category-noutati"],"_links":{"self":[{"href":"https:\/\/www.habitaturban.ro\/index.php?rest_route=\/wp\/v2\/posts\/1009","targetHints":{"allow":["GET"]}}],"collection":[{"href":"https:\/\/www.habitaturban.ro\/index.php?rest_route=\/wp\/v2\/posts"}],"about":[{"href":"https:\/\/www.habitaturban.ro\/index.php?rest_route=\/wp\/v2\/types\/post"}],"author":[{"embeddable":true,"href":"https:\/\/www.habitaturban.ro\/index.php?rest_route=\/wp\/v2\/users\/3"}],"replies":[{"embeddable":true,"href":"https:\/\/www.habitaturban.ro\/index.php?rest_route=%2Fwp%2Fv2%2Fcomments&post=1009"}],"version-history":[{"count":1,"href":"https:\/\/www.habitaturban.ro\/index.php?rest_route=\/wp\/v2\/posts\/1009\/revisions"}],"predecessor-version":[{"id":1010,"href":"https:\/\/www.habitaturban.ro\/index.php?rest_route=\/wp\/v2\/posts\/1009\/revisions\/1010"}],"wp:attachment":[{"href":"https:\/\/www.habitaturban.ro\/index.php?rest_route=%2Fwp%2Fv2%2Fmedia&parent=1009"}],"wp:term":[{"taxonomy":"category","embeddable":true,"href":"https:\/\/www.habitaturban.ro\/index.php?rest_route=%2Fwp%2Fv2%2Fcategories&post=1009"},{"taxonomy":"post_tag","embeddable":true,"href":"https:\/\/www.habitaturban.ro\/index.php?rest_route=%2Fwp%2Fv2%2Ftags&post=1009"}],"curies":[{"name":"wp","href":"https:\/\/api.w.org\/{rel}","templated":true}]}}