{"id":1116,"date":"2010-07-21T20:19:06","date_gmt":"2010-07-21T18:19:06","guid":{"rendered":"http:\/\/www.habitaturban.ro\/?p=1116"},"modified":"2010-07-21T20:23:09","modified_gmt":"2010-07-21T18:23:09","slug":"comunicat-3","status":"publish","type":"post","link":"https:\/\/www.habitaturban.ro\/?p=1116","title":{"rendered":"Comunicat"},"content":{"rendered":"<p>Federa\u0163ia Asocia\u0163iilor de Locatari Timi\u015foara atrage aten\u0163ia asocia\u0163iilor de locatari\/proprietari asupra pericolului pe care \u00eel reprezint\u0103 antenele montate pe cl\u0103diri \u00eenainte de anul 1989 pentru recep\u0163ionarea posturilor TV str\u0103ine.<\/p>\n<p>Pentru a nu fi angajat\u0103 r\u0103spunderea civil\u0103 sau penal\u0103 a reprezentan\u0163ilor asocia\u0163iei, ace\u015ftia au obliga\u0163ia de a demonta aceste antene, c\u00e2t mai repede posibil, av\u00e2nd \u00een vedere c\u0103 nu mai sunt necesare, dar pot produce accidente grave, \u015fi nu sunt nici estetice. R\u0103spunderea pentru aceste antene revine conducerii asocia\u0163iilor de locatari\/proprietari \u00eentruc\u00e2t aceste antene sunt montate pe p\u0103r\u0163ile comune ale cl\u0103dirilor.<\/p>\n<p>Preciz\u0103m c\u0103 aceast\u0103 problem\u0103 a fost ridicat\u0103 \u015fi \u00een cadrul Consiliului Local Timi\u015foara, printr-o interpelare.<\/p>\n<p>Din aceste motive solicit\u0103m asocia\u0163iilor de locatari\/proprietari s\u0103 trateze cu maxim\u0103 aten\u0163ie \u015fi seriozitate aspectele sesizate, iar, \u00een m\u0103sura \u00een care \u00eent\u00e2mpin\u0103 probleme sau doresc informa\u0163ii suplimentare, s\u0103 ne contacteze la sediul Federa\u0163iei Asocia\u0163iilor de Locatari Timi\u015foara, str. Bra\u015fov nr. 8, tel. 0256201237.<\/p>\n<p><a href=\"https:\/\/www.habitaturban.ro\/wp-content\/uploads\/2010\/07\/semnatura.png\"><img loading=\"lazy\" decoding=\"async\" class=\"alignleft size-full wp-image-1115\" title=\"semnatura\" src=\"https:\/\/www.habitaturban.ro\/wp-content\/uploads\/2010\/07\/semnatura.png\" alt=\"\" width=\"212\" height=\"129\" srcset=\"https:\/\/www.habitaturban.ro\/wp-content\/uploads\/2010\/07\/semnatura.png 739w, https:\/\/www.habitaturban.ro\/wp-content\/uploads\/2010\/07\/semnatura-300x183.png 300w\" sizes=\"auto, (max-width: 212px) 100vw, 212px\" \/><\/a><\/p>\n","protected":false},"excerpt":{"rendered":"<p>Federa\u0163ia Asocia\u0163iilor de Locatari Timi\u015foara atrage aten\u0163ia asocia\u0163iilor de locatari\/proprietari asupra pericolului pe care \u00eel reprezint\u0103 antenele montate pe cl\u0103diri \u00eenainte de anul 1989 pentru recep\u0163ionarea posturilor TV str\u0103ine. Pentru a nu fi angajat\u0103 r\u0103spunderea civil\u0103 sau penal\u0103 a reprezentan\u0163ilor asocia\u0163iei, ace\u015ftia au obliga\u0163ia de a demonta aceste antene, c\u00e2t mai repede posibil, av\u00e2nd \u00een [&hellip;]<\/p>\n","protected":false},"author":3,"featured_media":0,"comment_status":"open","ping_status":"open","sticky":false,"template":"","format":"standard","meta":{"footnotes":""},"categories":[83],"tags":[],"class_list":["post-1116","post","type-post","status-publish","format-standard","hentry","category-stiri-locale"],"_links":{"self":[{"href":"https:\/\/www.habitaturban.ro\/index.php?rest_route=\/wp\/v2\/posts\/1116","targetHints":{"allow":["GET"]}}],"collection":[{"href":"https:\/\/www.habitaturban.ro\/index.php?rest_route=\/wp\/v2\/posts"}],"about":[{"href":"https:\/\/www.habitaturban.ro\/index.php?rest_route=\/wp\/v2\/types\/post"}],"author":[{"embeddable":true,"href":"https:\/\/www.habitaturban.ro\/index.php?rest_route=\/wp\/v2\/users\/3"}],"replies":[{"embeddable":true,"href":"https:\/\/www.habitaturban.ro\/index.php?rest_route=%2Fwp%2Fv2%2Fcomments&post=1116"}],"version-history":[{"count":2,"href":"https:\/\/www.habitaturban.ro\/index.php?rest_route=\/wp\/v2\/posts\/1116\/revisions"}],"predecessor-version":[{"id":1121,"href":"https:\/\/www.habitaturban.ro\/index.php?rest_route=\/wp\/v2\/posts\/1116\/revisions\/1121"}],"wp:attachment":[{"href":"https:\/\/www.habitaturban.ro\/index.php?rest_route=%2Fwp%2Fv2%2Fmedia&parent=1116"}],"wp:term":[{"taxonomy":"category","embeddable":true,"href":"https:\/\/www.habitaturban.ro\/index.php?rest_route=%2Fwp%2Fv2%2Fcategories&post=1116"},{"taxonomy":"post_tag","embeddable":true,"href":"https:\/\/www.habitaturban.ro\/index.php?rest_route=%2Fwp%2Fv2%2Ftags&post=1116"}],"curies":[{"name":"wp","href":"https:\/\/api.w.org\/{rel}","templated":true}]}}