{"id":1166,"date":"2010-08-31T09:13:07","date_gmt":"2010-08-31T07:13:07","guid":{"rendered":"http:\/\/www.habitaturban.ro\/?p=1166"},"modified":"2010-08-31T09:14:13","modified_gmt":"2010-08-31T07:14:13","slug":"scrisoare-deschisa-catre-presedintia-romaniei-cu-privire-la-regandirea-ordonantei-58-2010","status":"publish","type":"post","link":"https:\/\/www.habitaturban.ro\/?p=1166","title":{"rendered":"Scrisoare deschisa catre Presedintia Romaniei cu privire la reg\u00e2ndirea Ordonan\u0163ei 58 \/ 2010"},"content":{"rendered":"<table style=\"font-size:12px;\" border=\"0\" cellspacing=\"10\" cellpadding=\"8\">\n<tbody>\n<tr>\n<td><strong>CATRE:<\/strong><\/td>\n<td><strong>PRESEDINTIA ROMANIEI<\/strong><\/td>\n<\/tr>\n<tr>\n<td><strong> <\/strong><\/td>\n<td><strong>DOMNULUI PRESEDINTE TRAIAN BASESCU<\/strong><\/td>\n<\/tr>\n<tr>\n<td><strong>SPRE STIINTA:<\/strong><\/td>\n<td><strong>GUVERNUL ROMANIEI DOMNULUI PRIM-MINISTRU<\/strong><\/td>\n<\/tr>\n<tr>\n<td><strong> <\/strong><\/td>\n<td><strong>GUVERNUL ROMANIEI DOMNULUI VICEPRIM-MINISTRU MARKO BELA<br \/>\nMINISTERUL FINANTELOR PUBLICE \u2013DOMNULUI MINISTRU SEBASTIAN VLADESCU<br \/>\nMINISTERUL DEZVOLT\u00c3RII REGIONALE SI TURISMULUI &#8211; DOAMNEI MINISTRU ELENA UDREA<br \/>\nMINISTERUL MEDIULUI \u2013 DOMNULUI MINISTRU LASZLO BORBELY<br \/>\nMINISTERUL MUNCII, FAMILIEI SI PROTECTIEI SOCIALE \u2013 DOMNULUI MINISTRU MIHAI SEITAN<br \/>\nSENATUL ROMANIEI \u2013 DOAMNELOR \/ DOMNILOR SENATORI<br \/>\nCAMERA DEPUTATILOR \u2013 DOAMNELOR \/ DOMNILOR DEPUTATI <\/strong><\/td>\n<\/tr>\n<\/tbody>\n<\/table>\n<p>Stimate domnule,<\/p>\n<p>Organiza\u0163iile membre ale Ligii Habitat (Uniunea Locala a Asociatiilor Locative Arad, Liga Asociatiilor de Proprietari Habitat -Campulung Muscel, Uniunea Judeteana a Asociatiilor de Locatari Arges, Uniunea Asociatiilor de Proprietari Bacau, Asociatia de Proprietari &#8222;Fagului 174&#8221; &#8211; Oradea, Asoc Proprietari Bl. &#8222;Dacia 303&#8221; &#8211; Oradea, Federatia Asociatiilor de Proprietari Botosani, Federatia &#8222;Uniunea Asociatiilor de Proprietari&#8221; Braila, Asoc. Propr. Locuinte si a Operatorilor de servicii din Municipale Brasov, Uniunea Asociatiilor de Proprietari din Buzau, Uniunea Municipala a Asociatiilor de Locatari si Proprietari Resita, Federatia Asociatiilor de Proprietari &#8211; Cluj, Federatia Asociatiilor de Proprietari Mangalia, Federatia Asociatiilor de Proprietari Navodari, Liga Asociatiilor de Proprietari Habitat Bucuresti, Uniunea Asociatiilor de Proprietari Constanta, Uniunea Asociatiilor de Proprietari Medgidia, Uniunea Judeteana a Asociatiilor de Locatari si Proprietari Dolj, Grupul de Integrare a Asociatiilor de Proprietari Iasi, Asociatia De Proprietari Mihai Eminescu nr. 2 Borsec, Uniunea Asociatiilor de Locatari Deva, Liga Asociatiilor de Proprietari Habitat Filiala Ialomita, Uniunea Asociatiilor de Proprietari si Locatari din Mun. Piatra Neamt, Uniunea Judeteana Olt a Asociatiilor de Proprietari si Chiriasi, Uniunea Asociatiilor de Proprietari &#8211; Prahova, Liga Asociatiilor de Proprietari Habitat\u00a0 &#8211; Negresti Oas, Liga Asociatiilor de Proprietari Targu Mures, Liga\u00a0 Habitat &#8211; Turnu Magurele, Federatia Asociatiilor de Proprietari Lugoj, Federatia Asociatiilor de Locatari Timisoara, Uniunea Judeteana a Asociatiilor de Proprietari Rm Valcea, Uniunea Asociatiilor de Locatari Focsani) v\u0103 solicit\u0103 sprijinul pentru <strong>reg\u00e2ndirea Ordonan\u0163ei 58 \/ 2010<\/strong>, printr-o consultare cu to\u0163i factorii interesa\u0163i din urm\u0103toarele motive:<\/p>\n<p>1.\u00a0\u00a0\u00a0\u00a0\u00a0\u00a0\u00a0\u00a0\u00a0\u00a0\u00a0 Necesitatea reducerii personalului bugetar \u015fi a cheltuielilor cu acest sector;<\/p>\n<p>2.\u00a0\u00a0\u00a0\u00a0\u00a0\u00a0\u00a0\u00a0\u00a0\u00a0\u00a0 Eficien\u0163a \u00een sistemul bugetar (procesarea unor declara\u0163ii, lunar, \u015fi \u00eencasarea unor sume foarte mici care nu acoper\u0103 sub nici o form\u0103 cheltuieli de operare, nu va eficientiza sistemul);<\/p>\n<p>3.\u00a0\u00a0\u00a0\u00a0\u00a0\u00a0\u00a0\u00a0\u00a0\u00a0\u00a0 Timpul pe care \u00eel pierd persoanele care, pentru activit\u0103\u0163i profesionale, trebuie s\u0103 completeze declara\u0163ii prost concepute \u015fi s\u0103 fac\u0103 pl\u0103\u0163i la caserii \u00een loc s\u0103 produc\u0103 eficient pentru binele societ\u0103\u0163ii \u00een ansamblu;<\/p>\n<p>4.\u00a0\u00a0\u00a0\u00a0\u00a0\u00a0\u00a0\u00a0\u00a0\u00a0\u00a0 Complexitatea declara\u0163iilor, necesitatea cunoa\u015fterii unor date, precum \u201esalariul mediu brut utilizat la fundamentarea asigur\u0103rilor sociale de stat&#8221; etc., pe care cet\u0103\u0163eanul f\u0103r\u0103 preg\u0103tire de specialitate nu le cunoa\u015fte;<\/p>\n<p><!--more--><\/p>\n<p>5.\u00a0\u00a0\u00a0\u00a0\u00a0\u00a0\u00a0\u00a0\u00a0\u00a0\u00a0 Stresul creat de aplicarea Ordonan\u0163ei 58 \/ 2010, c\u00e2nd, \u00een fiecare lun\u0103 persoana \u00een cauz\u0103 trebuie s\u0103 mearg\u0103 la cel pu\u0163in trei institu\u0163ii s\u0103 depun\u0103 declara\u0163ii \u015fi s\u0103 fac\u0103 pl\u0103\u0163i, mai ales c\u0103 este obligatoriu s\u0103 mearg\u0103 personal sau s\u0103 fac\u0103 procur\u0103 notarial\u0103, \u015fi cu at\u00e2t mai aberant c\u0103 este obligat s\u0103 depun\u0103 declara\u0163ie \u015fi \u00een luna \u00een care nu are activitate, prevederea c\u0103 doar dac\u0103 se modific\u0103 venitul trebuie s\u0103 fac\u0103 aceast\u0103 birocra\u0163ie nu rezolv\u0103 problema \u00eentruc\u00e2t persoanele \u00een cauz\u0103 nu pot avea un venit constant (nefiind pl\u0103tite de la stat);<\/p>\n<p>6.\u00a0\u00a0\u00a0\u00a0\u00a0\u00a0\u00a0\u00a0\u00a0\u00a0\u00a0 Stresul personalului din institu\u0163iile \u00een care se depun declara\u0163ii \u015fi se fac pl\u0103\u0163i;<\/p>\n<p>7.\u00a0\u00a0\u00a0\u00a0\u00a0\u00a0\u00a0\u00a0\u00a0\u00a0\u00a0 Afectarea \u00eentregii popula\u0163ii active care vine \u00een contact cu aceste institu\u0163ii \u00eentruc\u00e2t dau de cozi \u015fi personal mult prea ocupat atunci c\u00e2nd apeleaz\u0103 la respectivele institu\u0163ii;<\/p>\n<p>8.\u00a0\u00a0\u00a0\u00a0\u00a0\u00a0\u00a0\u00a0\u00a0\u00a0\u00a0 Birocra\u0163ia ne\u00eenl\u0103turat\u0103 la timp va duce la cresterea evaziunii fiscale;<\/p>\n<p>9.\u00a0\u00a0\u00a0\u00a0\u00a0\u00a0\u00a0\u00a0\u00a0\u00a0\u00a0 Legea \u015fi normele sunt confuze, contradictorii \u015fi nu pot fi \u00een\u0163elese nici de avoca\u0163i, juri\u015fti , exper\u0163i contabili, consultan\u0163i etc.;<\/p>\n<p>10.\u00a0\u00a0\u00a0\u00a0\u00a0\u00a0\u00a0\u00a0 Cre\u015fterea ne\u00eencrederii cet\u0103\u0163enilor \u00een institu\u0163iile statului care trebuie s\u0103 \u00eei respecte, \u015fi nu s\u0103 le creeze probleme artificiale;<\/p>\n<p>11.\u00a0\u00a0\u00a0\u00a0\u00a0\u00a0\u00a0\u00a0 Dovada faptului c\u0103 putem recunoa\u015fte gre\u015felile \u015fi c\u0103 suntem capabili s\u0103 le corect\u0103m.<\/p>\n<p>Argumentele ar putea continua dac\u0103 este necesar.<\/p>\n<p>Din argumentele enumerate mai sus credem c\u0103 reiese foarte clar c\u0103 actuala reglementare nu a fost g\u00e2ndit\u0103 \u015fi nici nu a avut parte de consultarea Societ\u0103\u0163ii Civile.<\/p>\n<p>Nu suntem \u00eempotriva taxelor pe care contribuabilii le datoreaz\u0103 statului, dar nu putem fi de acord cu modul \u00een care s-a g\u00e2ndit respectiva Ordonan\u0163\u0103 \u015fi cu at\u00e2t mai mult normele de aplicare. Dac\u0103 se dore\u015fte de c\u0103tre stat ca anumite categorii profesionale s\u0103 pl\u0103teasc\u0103 de mai multe ori contribu\u0163ii sociale, at\u00e2t la locul de munc\u0103, c\u00e2t \u015fi ca persoane care realizeaz\u0103 venituri din activit\u0103\u0163i profesionale sau alte activit\u0103\u0163i, <strong>propunem s\u0103 se fac\u0103 o declara\u0163ie anual\u0103 unic\u0103, plata s\u0103 se fac\u0103 anual \u00eentr-un singur cont \u015fi re\u0163inerea s\u0103 se fac\u0103 la surs\u0103 a\u015fa cum se face \u015fi la impozit, lucru benefic at\u00e2t pentru stat ca eficien\u0163\u0103 \u015fi procesare, c\u00e2t \u015fi pentru cet\u0103\u0163eanul pus s\u0103 pl\u0103teasc\u0103 pe l\u00e2ng\u0103 impozitul aferent venitului net \u015fi contribu\u0163iile sociale. <\/strong>Problemele sunt comune pentru toate categoriile de cet\u0103\u0163eni, care, pe l\u00e2ng\u0103 contractul de munc\u0103, mai au un al doilea job prin alte forme dec\u00e2t contractul de munc\u0103.<\/p>\n<p>Sper\u0103m ca demersul nostru s\u0103 fie luat \u00een seam\u0103 ca un demers constructiv \u015fi c\u0103 \u00een cel mai scurt timp se vor lua m\u0103surile necesare.<\/p>\n<p>V\u0103 asigur\u0103m de sprijinul nostru \u00een reg\u00e2ndirea actualei Ordonan\u0163e \u015fi a normelor de aplicare.<\/p>\n<p>Multumindu-va anticipat pentru colaborare, va asiguram de deplina noastra consideratie.<\/p>\n<table border=\"0\" cellspacing=\"0\" cellpadding=\"0\">\n<tbody>\n<tr>\n<td width=\"347\" valign=\"top\"><strong><em>DIRECTOR EXECUTIV<\/em><\/strong><\/p>\n<p><strong><em>TATIANA MUSTEATA<\/em><\/strong><\/td>\n<td width=\"347\" valign=\"top\">\n<h2><em>PRESEDINTE<\/em><\/h2>\n<p align=\"right\"><strong><em>Mihai Mereuta<\/em><\/strong><strong><em><\/em><\/strong><\/p>\n<\/td>\n<\/tr>\n<\/tbody>\n<\/table>\n","protected":false},"excerpt":{"rendered":"<p>CATRE: PRESEDINTIA ROMANIEI DOMNULUI PRESEDINTE TRAIAN BASESCU SPRE STIINTA: GUVERNUL ROMANIEI DOMNULUI PRIM-MINISTRU GUVERNUL ROMANIEI DOMNULUI VICEPRIM-MINISTRU MARKO BELA MINISTERUL FINANTELOR PUBLICE \u2013DOMNULUI MINISTRU SEBASTIAN VLADESCU MINISTERUL DEZVOLT\u00c3RII REGIONALE SI TURISMULUI &#8211; DOAMNEI MINISTRU ELENA UDREA MINISTERUL MEDIULUI \u2013 DOMNULUI MINISTRU LASZLO BORBELY MINISTERUL MUNCII, FAMILIEI SI PROTECTIEI SOCIALE \u2013 DOMNULUI MINISTRU MIHAI SEITAN SENATUL [&hellip;]<\/p>\n","protected":false},"author":3,"featured_media":0,"comment_status":"open","ping_status":"open","sticky":false,"template":"","format":"standard","meta":{"footnotes":""},"categories":[1],"tags":[],"class_list":["post-1166","post","type-post","status-publish","format-standard","hentry","category-noutati"],"_links":{"self":[{"href":"https:\/\/www.habitaturban.ro\/index.php?rest_route=\/wp\/v2\/posts\/1166","targetHints":{"allow":["GET"]}}],"collection":[{"href":"https:\/\/www.habitaturban.ro\/index.php?rest_route=\/wp\/v2\/posts"}],"about":[{"href":"https:\/\/www.habitaturban.ro\/index.php?rest_route=\/wp\/v2\/types\/post"}],"author":[{"embeddable":true,"href":"https:\/\/www.habitaturban.ro\/index.php?rest_route=\/wp\/v2\/users\/3"}],"replies":[{"embeddable":true,"href":"https:\/\/www.habitaturban.ro\/index.php?rest_route=%2Fwp%2Fv2%2Fcomments&post=1166"}],"version-history":[{"count":2,"href":"https:\/\/www.habitaturban.ro\/index.php?rest_route=\/wp\/v2\/posts\/1166\/revisions"}],"predecessor-version":[{"id":1168,"href":"https:\/\/www.habitaturban.ro\/index.php?rest_route=\/wp\/v2\/posts\/1166\/revisions\/1168"}],"wp:attachment":[{"href":"https:\/\/www.habitaturban.ro\/index.php?rest_route=%2Fwp%2Fv2%2Fmedia&parent=1166"}],"wp:term":[{"taxonomy":"category","embeddable":true,"href":"https:\/\/www.habitaturban.ro\/index.php?rest_route=%2Fwp%2Fv2%2Fcategories&post=1166"},{"taxonomy":"post_tag","embeddable":true,"href":"https:\/\/www.habitaturban.ro\/index.php?rest_route=%2Fwp%2Fv2%2Ftags&post=1166"}],"curies":[{"name":"wp","href":"https:\/\/api.w.org\/{rel}","templated":true}]}}