{"id":1219,"date":"2010-10-11T09:06:18","date_gmt":"2010-10-11T07:06:18","guid":{"rendered":"http:\/\/www.habitaturban.ro\/?p=1219"},"modified":"2010-10-11T09:07:23","modified_gmt":"2010-10-11T07:07:23","slug":"comunicat-federatia-asociatiilor-de-locatari-timisoara","status":"publish","type":"post","link":"https:\/\/www.habitaturban.ro\/?p=1219","title":{"rendered":"Colterm recalculare SAD"},"content":{"rendered":"<p><strong>Federa\u0163ia Asocia\u0163iilor de Locatari Timi\u015foara<\/strong>, v\u0103 aduce la cuno\u015ftin\u0163\u0103 c\u0103, \u00een conformitate cu Art. 12. alin. (1) din Ordinul Autorit\u0103\u0163i Na\u0163ionale de Reglementare pentru Serviciile Comunitare de Utilit\u0103\u0163i Publice nr. 483\/2008 privind aprobarea Contractului-cadru de furnizare a energiei termice, \u00een acele condominii \u00een care sunt montate repartitoare de costuri, cantitatea de energie termic\u0103 aferent\u0103 consumului propriu pentru \u00eenc\u0103lzirea spa\u0163iilor cu alt\u0103 destina\u0163ie dec\u00e2t cea de locuin\u0163\u0103, \u00een care nu sunt montate repartitoare de costuri, este propor\u0163ional\u0103 cu suprafa\u0163a echivalent\u0103 termic a corpurilor de \u00eenc\u0103lzire existente \u00een aceste spa\u0163ii, majorat\u0103 cu 30%.<\/p>\n<p>Prin urmare, Asocia\u0163iile care se afl\u0103 \u00een situa\u0163ia de a avea montate repartitoare de costuri \u015fi care au spa\u0163ii cu alt\u0103 destina\u0163ie dec\u00e2t cea de locuin\u0163\u0103 \u00een care nu sunt montate repartitoare de costuri, trebuie s\u0103 se adreseze \u00een scris S.C. Colterm S.A. pentru ca plata s\u0103 se fac\u0103 conform celor de mai sus \u015fi eventual s\u0103 se fac\u0103 regularizarea \u00eentre Asocia\u0163ie, reprezentat\u0103 de proprietarii de apartamente \u015fi de\u0163in\u0103torii de spa\u0163ii cu alt\u0103 destina\u0163ie, a costurilor aferente energiei termice furnizate, dac\u0103 este cazul, de la data intr\u0103rii \u00een vigoare a Ordinului nr. 483\/2008 privind aprobarea Contractului-cadru de furnizare a energiei termice<\/p>\n<p><a href=\"..\/wp-content\/uploads\/2010\/10\/clip_image002.jpg\"><img loading=\"lazy\" decoding=\"async\" class=\"alignnone size-full wp-image-1218\" title=\"clip_image002\" src=\"..\/wp-content\/uploads\/2010\/10\/clip_image002.jpg\" alt=\"\" width=\"147\" height=\"91\" \/><\/a><\/p>\n","protected":false},"excerpt":{"rendered":"<p>Federa\u0163ia Asocia\u0163iilor de Locatari Timi\u015foara, v\u0103 aduce la cuno\u015ftin\u0163\u0103 c\u0103, \u00een conformitate cu Art. 12. alin. (1) din Ordinul Autorit\u0103\u0163i Na\u0163ionale de Reglementare pentru Serviciile Comunitare de Utilit\u0103\u0163i Publice nr. 483\/2008 privind aprobarea Contractului-cadru de furnizare a energiei termice, \u00een acele condominii \u00een care sunt montate repartitoare de costuri, cantitatea de energie termic\u0103 aferent\u0103 consumului [&hellip;]<\/p>\n","protected":false},"author":3,"featured_media":0,"comment_status":"open","ping_status":"open","sticky":false,"template":"","format":"standard","meta":{"footnotes":""},"categories":[83],"tags":[],"class_list":["post-1219","post","type-post","status-publish","format-standard","hentry","category-stiri-locale"],"_links":{"self":[{"href":"https:\/\/www.habitaturban.ro\/index.php?rest_route=\/wp\/v2\/posts\/1219","targetHints":{"allow":["GET"]}}],"collection":[{"href":"https:\/\/www.habitaturban.ro\/index.php?rest_route=\/wp\/v2\/posts"}],"about":[{"href":"https:\/\/www.habitaturban.ro\/index.php?rest_route=\/wp\/v2\/types\/post"}],"author":[{"embeddable":true,"href":"https:\/\/www.habitaturban.ro\/index.php?rest_route=\/wp\/v2\/users\/3"}],"replies":[{"embeddable":true,"href":"https:\/\/www.habitaturban.ro\/index.php?rest_route=%2Fwp%2Fv2%2Fcomments&post=1219"}],"version-history":[{"count":7,"href":"https:\/\/www.habitaturban.ro\/index.php?rest_route=\/wp\/v2\/posts\/1219\/revisions"}],"predecessor-version":[{"id":1235,"href":"https:\/\/www.habitaturban.ro\/index.php?rest_route=\/wp\/v2\/posts\/1219\/revisions\/1235"}],"wp:attachment":[{"href":"https:\/\/www.habitaturban.ro\/index.php?rest_route=%2Fwp%2Fv2%2Fmedia&parent=1219"}],"wp:term":[{"taxonomy":"category","embeddable":true,"href":"https:\/\/www.habitaturban.ro\/index.php?rest_route=%2Fwp%2Fv2%2Fcategories&post=1219"},{"taxonomy":"post_tag","embeddable":true,"href":"https:\/\/www.habitaturban.ro\/index.php?rest_route=%2Fwp%2Fv2%2Ftags&post=1219"}],"curies":[{"name":"wp","href":"https:\/\/api.w.org\/{rel}","templated":true}]}}