{"id":1247,"date":"2010-10-20T08:58:52","date_gmt":"2010-10-20T06:58:52","guid":{"rendered":"http:\/\/www.habitaturban.ro\/?p=1247"},"modified":"2010-10-20T08:58:52","modified_gmt":"2010-10-20T06:58:52","slug":"scrisoare-deschisa-catre-presedintia-romaniei","status":"publish","type":"post","link":"https:\/\/www.habitaturban.ro\/?p=1247","title":{"rendered":"Scrisoare deschisa catre Presedintia Romaniei"},"content":{"rendered":"<table style=\"font-size:12px;\" border=\"0\" cellspacing=\"10\" cellpadding=\"8\">\n<tbody>\n<tr>\n<td><strong>CATRE:<\/strong><\/td>\n<td><strong>Presedintia Romaniei &#8211; Domnului Presedinte <\/strong><\/td>\n<\/tr>\n<tr>\n<td><strong> Spre stiinta<\/strong>:<\/td>\n<td><strong>GUVERNUL ROMANIEI Domnului Prim-ministru<\/strong><\/td>\n<\/tr>\n<tr>\n<td><strong><\/strong><\/td>\n<td><strong>GUVERNUL ROMANIEI domnului viceprim-ministru<\/strong><\/td>\n<\/tr>\n<tr>\n<td><strong> <\/strong><\/td>\n<td><strong>Ministerul Finantelor Publice -Domnului Ministru<br \/>\nMinisterul Mediului &#8211; Domnului Ministru<br \/>\nMinisterul Muncii, Familiei si Protectiei Sociale &#8211; Domnului Ministru<br \/>\nSenatul Romaniei &#8211; Doamnelor \/ Domnilor Senatori<br \/>\nCamera Deputatilor &#8211; Doamnelor \/ Domnilor Deputati<\/strong><\/td>\n<\/tr>\n<\/tbody>\n<\/table>\n<p>Stimate domnule,<\/p>\n<p>Prevederile Legii nr. 230\/2007, privind \u00eenfiin\u0163area, organizarea \u015fi func\u0163ionarea asocia\u0163iilor de proprietari, precum \u015fi Hot\u0103r\u00e2rea de Guvern nr. 1588\/2007 pentru aprobarea Normelor de aplicare ale Legii 230\/2007 dau posibilitatea asocia\u0163iilor de proprietari s\u0103 \u00eencheie contracte sau conven\u0163ii de prest\u0103ri servicii (contracte\/conven\u0163ii civile). Art. <a name=\"tree#85\">17 punctul <\/a><a name=\"ref#\"><\/a>(5) din HG nr. 1588\/2007 prevede: \u201eComitetul executiv poate angaja personal specializat pentru \u00eendeplinirea atribu\u0163iilor ce \u00eei revin \u015fi adopt\u0103 decizii asupra cuantumului salariilor, indemniza\u0163iilor, remunera\u0163iilor \u015fi al eventualelor premieri care se acord\u0103 personalului \u00eencadrat cu contract individual de munc\u0103 sau \u00een baza unei conven\u0163ii civile de prest\u0103ri de servicii, \u00een limita bugetului aprobat de adunarea general\u0103&#8221;.<\/p>\n<p>Atragem atentia c\u0103 ultimele modific\u0103ri aduse cadrului legal \u00een domeniul fiscal prin OUG 58\/2010 \u015fi OUG 82\/2010 determin\u0103 cre\u015fteri semnificative ale costurilor de administrare a imobilelor, cre\u015fteri care se reflect\u0103 \u00een nivelul cotelor de \u00eentre\u0163inere ce trebuie achitate de locatari.<\/p>\n<p>Ex. \u00een situa\u0163ia \u00een care la o asocia\u0163ie o persoan\u0103 face curat de dou\u0103 trei ori pe s\u0103pt\u0103m\u00e2n\u0103 maxim c\u00e2te 2 ore, asocia\u0163ia trebuie s\u0103 fac\u0103 \u015fi s\u0103 depun\u0103 declara\u0163ii lunare la Administra\u0163ia Financiar\u0103, la Casa Jude\u0163ean\u0103 de Pensii, la AJOFM. \u00cen aceast\u0103 situa\u0163ie asocia\u0163ia trebuie s\u0103 \u00ee\u015fi achizi\u0163ioneze calculator, monitor, imprimant\u0103, etc., s\u0103 \u00ee\u015fi angajeze persoane calificate care s\u0103 descarce programele pentru declara\u0163ii, s\u0103 fac\u0103 acele declara\u0163ii \u015fi s\u0103 le depun\u0103, \u00een plus asocia\u0163ia trebuie s\u0103 retin\u0103 \u015fi s\u0103 pl\u0103teasc\u0103 lunar noi contribu\u0163ii la pensii \u015fi \u015fomaj. Men\u0163ion\u0103m c\u0103 sumele re\u0163inute \u015fi virate \u00een situa\u0163ia actual\u0103 la bugetul de stat de c\u0103tre asocia\u0163iile de proprietari sunt de multe ori derizorii \u015fi sunt mai mici dec\u00e2t costurile de procesare.<\/p>\n<p>Av\u00e2nd \u00een vedere situa\u0163ia economica \u015fi social\u0103 actual\u0103 \u015fi cre\u015fterile de tarife la utilit\u0103\u0163i, consider\u0103m c\u0103 m\u0103surile de simplificare \u015fi reducere a costurilor de administrare a imobilelor sunt esen\u0163iale pentru a sprijini categoriile vulnerabile de popula\u0163ie s\u0103 dep\u0103\u015feasc\u0103 o perioad\u0103 extrem de dificil\u0103. M\u0103surile pe care le solicit\u0103m ar reduce considerabil \u015fi costurile bugetare de procesare a acestor declara\u0163ii.<\/p>\n<p><strong>Solicit\u0103m adoptarea de urgen\u0163\u0103 a unei reglement\u0103ri care s\u0103 stabileasc\u0103:<\/strong><\/p>\n<ul>\n<li>plata doar a impozitului pe venit (cota unic\u0103 de impozit pe venit de 16%) f\u0103r\u0103 nicio alt\u0103 contribu\u0163ie (ex. pensii, \u015fomaj, s\u0103n\u0103tate) pentru contractele\/conven\u0163iile civile \u00eencheiate potrivit <span style=\"text-decoration: underline;\"><a title=\"Codul Civil 1993 - Parlamentul Rom\u00e2niei\" href=\"lnk:CIV%20PRL%201000000%201993%201\">Codului<\/a> civil<\/span> de c\u0103tre asocia\u0163iile de proprietari pentru persoanele care desf\u0103\u015foar\u0103 diverse activit\u0103\u0163i \u00een beneficiul acestora. (administrator, femeie de serviciu, etc. )<\/li>\n<li>declararea \u015fi plata impozitului s\u0103 se fac\u0103 anual.<\/li>\n<\/ul>\n<p>Solicit\u0103m ca aceste m\u0103suri s\u0103 fie adoptate de urgen\u0163\u0103, pentru a reduce impactul asupra costului \u00eentre\u0163inerii determinat de cre\u015fterile de tarife anun\u0163ate.<\/p>\n<p><em>Avand in vedere ca de mai bine de 2 ani tot solicitam modificarea Codului Fiscal si a celui de Procedura Fiscala va rugam sa ne comunicati data cand veti introduce solicitarile noastre. Nu mai dorim raspunsuri de genul:<\/em><a href=\"..\/wp-content\/uploads\/2010\/10\/clip_image002.gif\"><img loading=\"lazy\" decoding=\"async\" class=\"aligncenter size-full wp-image-1248\" title=\"clip_image002\" src=\"..\/wp-content\/uploads\/2010\/10\/clip_image002.gif\" alt=\"\" width=\"500\" height=\"145\" srcset=\"https:\/\/www.habitaturban.ro\/wp-content\/uploads\/2010\/10\/clip_image002.gif 679w, https:\/\/www.habitaturban.ro\/wp-content\/uploads\/2010\/10\/clip_image002-300x87.gif 300w\" sizes=\"auto, (max-width: 500px) 100vw, 500px\" \/><\/a><\/p>\n<p><em><\/em><\/p>\n<p><strong><em>Vrem modificarile aprobate si publicate in Monitorul Oficial!!!!<\/em><\/strong><\/p>\n","protected":false},"excerpt":{"rendered":"<p>CATRE: Presedintia Romaniei &#8211; Domnului Presedinte Spre stiinta: GUVERNUL ROMANIEI Domnului Prim-ministru GUVERNUL ROMANIEI domnului viceprim-ministru Ministerul Finantelor Publice -Domnului Ministru Ministerul Mediului &#8211; Domnului Ministru Ministerul Muncii, Familiei si Protectiei Sociale &#8211; Domnului Ministru Senatul Romaniei &#8211; Doamnelor \/ Domnilor Senatori Camera Deputatilor &#8211; Doamnelor \/ Domnilor Deputati Stimate domnule, Prevederile Legii nr. 230\/2007, [&hellip;]<\/p>\n","protected":false},"author":3,"featured_media":0,"comment_status":"open","ping_status":"open","sticky":false,"template":"","format":"standard","meta":{"footnotes":""},"categories":[1],"tags":[],"class_list":["post-1247","post","type-post","status-publish","format-standard","hentry","category-noutati"],"_links":{"self":[{"href":"https:\/\/www.habitaturban.ro\/index.php?rest_route=\/wp\/v2\/posts\/1247","targetHints":{"allow":["GET"]}}],"collection":[{"href":"https:\/\/www.habitaturban.ro\/index.php?rest_route=\/wp\/v2\/posts"}],"about":[{"href":"https:\/\/www.habitaturban.ro\/index.php?rest_route=\/wp\/v2\/types\/post"}],"author":[{"embeddable":true,"href":"https:\/\/www.habitaturban.ro\/index.php?rest_route=\/wp\/v2\/users\/3"}],"replies":[{"embeddable":true,"href":"https:\/\/www.habitaturban.ro\/index.php?rest_route=%2Fwp%2Fv2%2Fcomments&post=1247"}],"version-history":[{"count":1,"href":"https:\/\/www.habitaturban.ro\/index.php?rest_route=\/wp\/v2\/posts\/1247\/revisions"}],"predecessor-version":[{"id":1250,"href":"https:\/\/www.habitaturban.ro\/index.php?rest_route=\/wp\/v2\/posts\/1247\/revisions\/1250"}],"wp:attachment":[{"href":"https:\/\/www.habitaturban.ro\/index.php?rest_route=%2Fwp%2Fv2%2Fmedia&parent=1247"}],"wp:term":[{"taxonomy":"category","embeddable":true,"href":"https:\/\/www.habitaturban.ro\/index.php?rest_route=%2Fwp%2Fv2%2Fcategories&post=1247"},{"taxonomy":"post_tag","embeddable":true,"href":"https:\/\/www.habitaturban.ro\/index.php?rest_route=%2Fwp%2Fv2%2Ftags&post=1247"}],"curies":[{"name":"wp","href":"https:\/\/api.w.org\/{rel}","templated":true}]}}