{"id":1257,"date":"2010-10-27T11:22:47","date_gmt":"2010-10-27T09:22:47","guid":{"rendered":"http:\/\/www.habitaturban.ro\/?p=1257"},"modified":"2010-10-27T11:23:13","modified_gmt":"2010-10-27T09:23:13","slug":"stoparea-vanzarii-locuintelor-anl-destinate-inchirierii-si-demararea-parteneriatelor-public-private-in-constructia-de-locuinte","status":"publish","type":"post","link":"https:\/\/www.habitaturban.ro\/?p=1257","title":{"rendered":"Stoparea vanzarii locuintelor ANL destinate inchirierii si demararea  parteneriatelor public private in constructia de locuinte!"},"content":{"rendered":"<p><strong><em>Ref: Directorul adjunct al ANL, Liviu Marchi\u015f, a declarat c\u0103 din cauza crizei economice cu care se confrunt\u0103 \u0163ara, resursele bugetare pentru construc\u0163ia unor astfel de locuin\u0163e pentru tinerii cu v\u00e2rste p\u00e2n\u0103 \u00een 35 ani vor fi mult diminuate, singura solu\u0163ie de continuare a programului fiind aceea de a determina actualii de\u0163in\u0103tori de spa\u0163ii s\u0103 le achizi\u0163ioneze.<\/em><\/strong><\/p>\n<p align=\"center\"><strong><em>Asociatia Romana pentru Locuinte &#8211; CASA PLUS\u00a0 si Liga Asociatiilor de Proprietari Habitat <\/em><\/strong><\/p>\n<p align=\"center\"><strong><em>cer autoritatilor stoparea vanzarii locuintelor ANL destinate inchirierii si demararea<\/em><\/strong><\/p>\n<p align=\"center\"><strong><em> parteneriatelor public private in constructia de locuinte!<\/em><\/strong><strong><\/strong><\/p>\n<p>In fiecare an constatam invariabil solutii &#8222;inedite&#8221; cu privire la vanzarea apartamentelor destinate inchirierii, construite in Programele A.N.L.!<\/p>\n<p><strong>Stim ca:<\/strong><strong><\/strong><\/p>\n<ul class=\"unIndentedList\">\n<li> Mii de familii (tineri, cazuri sociale, evacuati din casele nationalizate s.a.) asteapta pe tot felul de liste sa le vina randul la o locuinta oferita spre inchiriere;<\/li>\n<li> Pretul chiriilor pe piata libera este unul dintre cele mai mari din Europa (raportat la metru patrat inchiriat);<\/li>\n<li> Nu putem discuta de mobilitatea fortei de munca atat timp cat nu-ti poti permite sa-ti schimbi locul de munca in alta localitate deoarece dintr-un salariu mediu inchirierea unui spatiu de locuit devine greu de realizat;<\/li>\n<li> Zeci de cazuri \u201esociale&#8221; &#8211; beneficiare ale locuintelor oferite spre inchiriere &#8211; devin intr-un an, doi &#8222;povesti de succes&#8221;, oferindu-se sa achite zeci de mii de euro pentru locuintele respective;<\/li>\n<li> Ziarele abunda de cazuri in care sunt semnalate subevaluari ale locuintelor oferite spre vanzare;<\/li>\n<li> Rata oficiala a inchirierilor pe piata libera este de 6-7% din fondul locativ, in realitate ea ajungand la 19% (diferenta reprezentand inchirieri nedeclarate in care efectiv chiriasi nu au nici un drept).<\/li>\n<\/ul>\n<p><strong>Fara un fond locativ destinat inchirierii (de minimum 30-40 % din totalul fondului locativ),\u00a0 presiunea pe piata libera va face prohibitiv costul inchirierii pentru o familie cu venituri medii! <\/strong><\/p>\n<p><!--more--><\/p>\n<p>Normal ar fi ca statul sa ii sprijine cu prioritate pe cei care doresc o locuinta cu chirie si numai dupa ce fiecare cetatean va avea acces la o locuinta, sa ii sprijinim pe aceia care isi pot permite sa achizitioneze si sa intretina o proprietate. Tinerii care trebuie sa fie foarte mobili pe piata muncii nu se leaga de o proprietate (ce faci in situatia in care trebuie sa iti schimbi locul de munca de la Cluj la Bucuresti?!). In prezent, nu mai este valabila situatia in care aveai un singur loc de munca 30-40 de ani, de la care te si pensionai!<\/p>\n<p>Toate politicile promovate la nivelul Uniunii Europene vizeaz\u0103 asigurarea accesului fiec\u0103rui cet\u0103\u021bean la o locuin\u021b\u0103 decent\u0103 pe care s\u0103 \u0219i-o poat\u0103 permite ca o condi\u021bie esen\u021bial\u0103 pentru dezvoltarea economic\u0103 \u0219i coeziunea social\u0103.<\/p>\n<p><strong>Mai mult Ordonan\u0163a de Urgen\u0163\u0103 a Guvernului nr. 65\/2010 permite realizarea parteneriatelor publice private in constructia de locuinte! <\/strong><\/p>\n<p><strong>Asociatia Romana pentru Locuinte &#8211; CASA PLUS, partenera a Ligii Habitat, solicita de mai bine de 1 an <\/strong><strong>realizarea de parteneriate public private pentru constructia de locuin\u0163e destinate \u00eenchirierii la preturi accesibile \u00een colaborare cu autoritatile locale din diferite orase ale Rom\u00e2niei.<\/strong> In contextul dezvoltarii sectorului public de inchiriere a locuintelor sociale, initiativa de fata este in acord cu politicile in domeniu si respecta principiile de piata, eficienta economica si eficienta sociala.<\/p>\n<p><strong> <\/strong><\/p>\n<p><strong>Totusi reprezentantii statului practica aceeasi strategie invechita si nu tin cont de solutii ce de zeci de ani se aplica cu succes in tarile membre UE! <\/strong><\/p>\n<p><strong>Consideram ca masurile de vanzare a locuintelor oferite ini\u021bial spre inchiriere reprezinta o grava eroare care se perpetueaza de ani de zile si solicitam stoparea acestor practici! <\/strong><\/p>\n<p>Cu deosebit respect,<\/p>\n<table border=\"0\" cellspacing=\"0\" cellpadding=\"0\">\n<tbody>\n<tr>\n<td width=\"245\" valign=\"top\">Director executivTatiana   MUSTEATA<\/td>\n<td width=\"449\" valign=\"top\">\n<p align=\"right\">PRESEDINTE<\/p>\n<p align=\"right\">Mihai MEREUTA<\/p>\n<\/td>\n<\/tr>\n<\/tbody>\n<\/table>\n","protected":false},"excerpt":{"rendered":"<p>Ref: Directorul adjunct al ANL, Liviu Marchi\u015f, a declarat c\u0103 din cauza crizei economice cu care se confrunt\u0103 \u0163ara, resursele bugetare pentru construc\u0163ia unor astfel de locuin\u0163e pentru tinerii cu v\u00e2rste p\u00e2n\u0103 \u00een 35 ani vor fi mult diminuate, singura solu\u0163ie de continuare a programului fiind aceea de a determina actualii de\u0163in\u0103tori de spa\u0163ii s\u0103 [&hellip;]<\/p>\n","protected":false},"author":3,"featured_media":0,"comment_status":"open","ping_status":"open","sticky":false,"template":"","format":"standard","meta":{"footnotes":""},"categories":[1],"tags":[],"class_list":["post-1257","post","type-post","status-publish","format-standard","hentry","category-noutati"],"_links":{"self":[{"href":"https:\/\/www.habitaturban.ro\/index.php?rest_route=\/wp\/v2\/posts\/1257","targetHints":{"allow":["GET"]}}],"collection":[{"href":"https:\/\/www.habitaturban.ro\/index.php?rest_route=\/wp\/v2\/posts"}],"about":[{"href":"https:\/\/www.habitaturban.ro\/index.php?rest_route=\/wp\/v2\/types\/post"}],"author":[{"embeddable":true,"href":"https:\/\/www.habitaturban.ro\/index.php?rest_route=\/wp\/v2\/users\/3"}],"replies":[{"embeddable":true,"href":"https:\/\/www.habitaturban.ro\/index.php?rest_route=%2Fwp%2Fv2%2Fcomments&post=1257"}],"version-history":[{"count":2,"href":"https:\/\/www.habitaturban.ro\/index.php?rest_route=\/wp\/v2\/posts\/1257\/revisions"}],"predecessor-version":[{"id":1259,"href":"https:\/\/www.habitaturban.ro\/index.php?rest_route=\/wp\/v2\/posts\/1257\/revisions\/1259"}],"wp:attachment":[{"href":"https:\/\/www.habitaturban.ro\/index.php?rest_route=%2Fwp%2Fv2%2Fmedia&parent=1257"}],"wp:term":[{"taxonomy":"category","embeddable":true,"href":"https:\/\/www.habitaturban.ro\/index.php?rest_route=%2Fwp%2Fv2%2Fcategories&post=1257"},{"taxonomy":"post_tag","embeddable":true,"href":"https:\/\/www.habitaturban.ro\/index.php?rest_route=%2Fwp%2Fv2%2Ftags&post=1257"}],"curies":[{"name":"wp","href":"https:\/\/api.w.org\/{rel}","templated":true}]}}