{"id":1267,"date":"2010-11-05T09:38:15","date_gmt":"2010-11-05T07:38:15","guid":{"rendered":"http:\/\/www.habitaturban.ro\/?p=1267"},"modified":"2010-11-05T09:38:48","modified_gmt":"2010-11-05T07:38:48","slug":"incheiati-politele-de-asigurare-obligatorie-a-locuintei","status":"publish","type":"post","link":"https:\/\/www.habitaturban.ro\/?p=1267","title":{"rendered":"Incheiati politele de asigurare obligatorie a locuintei!"},"content":{"rendered":"<h3><strong><span style=\"text-decoration: underline;\"><a href=\"http:\/\/www.obiectivbr.ro\/administratie\/49412-incheiai-poliele-de-asigurare-obligatorie-a-locuinei.html\"><span style=\"text-decoration: underline;\">Incheiati politele de asigurare obligatorie a locuintei! <\/span><\/a><\/span><\/strong><strong><\/strong><\/h3>\n<p><strong>* acesta este \u00eendemnul Federa\u0163iei Uniunea Asocia\u0163iilor de Proprietari (FUAP) Br\u0103ila c\u0103tre proprietarii de locuin\u0163e * termenul limit\u0103 pentru asigurarea obligatorie este 15 ianuarie <\/strong><\/p>\n<p>Conducerea Federa\u0163iei Uniunea Asocia\u0163iilor de Proprietari (FUAP) din Br\u0103ila a lansat un apel public c\u0103tre proprietarii de locuin\u0163e din ora\u015f \u015fi jude\u0163, s\u0103-\u015fi \u00eencheie poli\u0163ele de asigurare obligatorie. &#8222;Singurul motiv pentru care lans\u0103m acest \u00eendemn este acela c\u0103 actuala guvernare ar fi \u00een stare s\u0103 treac\u0103 dup\u0103 expirarea termenului din 15 ianuarie la amendarea celor care nu \u015fi-au asigurat locuin\u0163ele, a\u015fa cum au f\u0103cut cu \u00abPoli\u0163ia concediilor medicale\u00bb! Un pericol c\u00e2t de c\u00e2t real pentru ora\u015f ar fi acela \u00een caz de cutremur, unul dintre riscurile pentru care se \u00eencheie poli\u0163a obligatorie, pentru c\u0103 despre alunec\u0103ri de teren sau inunda\u0163ie nu cred c\u0103 poate fi vorba&#8221;, a spus pre\u015fedintele FUAP Br\u0103ila, Marian Covache.<br \/>\nPotrivit Legii asigur\u0103rii obligatorii a locuin\u0163ei 260\/2008, prima obligatorie este de 20 euro \u00een cazul locuin\u0163elor tip A \u015fi de 10 euro \u00een cazul locuin\u0163elor tip B, iar riscurile pentru care se asigur\u0103 titularul poli\u0163ei sunt cutremur, inunda\u0163ii \u015fi alunec\u0103ri de teren.<\/p>\n<p>Tipul A reprezint\u0103 construc\u0163iile cu structura de rezisten\u0163\u0103 din beton armat, metal ori lemn sau cu pere\u0163i exteriori din piatr\u0103, c\u0103r\u0103mid\u0103 ars\u0103 sau din orice alte materiale rezultate \u00een urma unui tratament termic \u015fi\/sau chimic, \u00een timp ce locuin\u0163a de tip B este o construc\u0163ie cu pere\u0163i exteriori din c\u0103r\u0103mid\u0103 nears\u0103 sau din orice alte materiale nesupuse unui tratament termic \u015fi\/sau chimic. Pentru locuin\u0163ele de tip A, asigura\u0163ii trebuie s\u0103 pl\u0103teasc\u0103, anual, echivalentul \u00een lei a 20 de euro, iar pentru cele de tip B suma de 10 euro, sumele cresc\u00e2nd \u00een func\u0163ie de asigur\u0103rile suplimentare dorite de c\u0103tre clien\u0163i. \u00cen cazul producerii unor daune din gama celor pentru care s-a \u00eencheiat poli\u0163a, desp\u0103gubirile vor fi de 10.000 euro pentru locuin\u0163a de tip B \u015fi 20.000 euro pentru cea de tip A.<\/p>\n<p>Startul programului de asigurare obligatorie a locuin\u0163elor a fost dat oficial la data 14 iulie 2010 \u015fi, potrivit legii, \u00een termen de \u015fase luni, adic\u0103 p\u00e2n\u0103 \u00een data de 15 ianuarie anul viitor, proprietarii de locuin\u0163e trebuie s\u0103 \u00eencheie asigurarea obligatorie, altfel risc\u00e2nd o amend\u0103 de p\u00e2n\u0103 la 500 de lei.<\/p>\n","protected":false},"excerpt":{"rendered":"<p>Incheiati politele de asigurare obligatorie a locuintei! * acesta este \u00eendemnul Federa\u0163iei Uniunea Asocia\u0163iilor de Proprietari (FUAP) Br\u0103ila c\u0103tre proprietarii de locuin\u0163e * termenul limit\u0103 pentru asigurarea obligatorie este 15 ianuarie Conducerea Federa\u0163iei Uniunea Asocia\u0163iilor de Proprietari (FUAP) din Br\u0103ila a lansat un apel public c\u0103tre proprietarii de locuin\u0163e din ora\u015f \u015fi jude\u0163, s\u0103-\u015fi \u00eencheie [&hellip;]<\/p>\n","protected":false},"author":3,"featured_media":0,"comment_status":"open","ping_status":"open","sticky":false,"template":"","format":"standard","meta":{"footnotes":""},"categories":[83],"tags":[],"class_list":["post-1267","post","type-post","status-publish","format-standard","hentry","category-stiri-locale"],"_links":{"self":[{"href":"https:\/\/www.habitaturban.ro\/index.php?rest_route=\/wp\/v2\/posts\/1267","targetHints":{"allow":["GET"]}}],"collection":[{"href":"https:\/\/www.habitaturban.ro\/index.php?rest_route=\/wp\/v2\/posts"}],"about":[{"href":"https:\/\/www.habitaturban.ro\/index.php?rest_route=\/wp\/v2\/types\/post"}],"author":[{"embeddable":true,"href":"https:\/\/www.habitaturban.ro\/index.php?rest_route=\/wp\/v2\/users\/3"}],"replies":[{"embeddable":true,"href":"https:\/\/www.habitaturban.ro\/index.php?rest_route=%2Fwp%2Fv2%2Fcomments&post=1267"}],"version-history":[{"count":2,"href":"https:\/\/www.habitaturban.ro\/index.php?rest_route=\/wp\/v2\/posts\/1267\/revisions"}],"predecessor-version":[{"id":1269,"href":"https:\/\/www.habitaturban.ro\/index.php?rest_route=\/wp\/v2\/posts\/1267\/revisions\/1269"}],"wp:attachment":[{"href":"https:\/\/www.habitaturban.ro\/index.php?rest_route=%2Fwp%2Fv2%2Fmedia&parent=1267"}],"wp:term":[{"taxonomy":"category","embeddable":true,"href":"https:\/\/www.habitaturban.ro\/index.php?rest_route=%2Fwp%2Fv2%2Fcategories&post=1267"},{"taxonomy":"post_tag","embeddable":true,"href":"https:\/\/www.habitaturban.ro\/index.php?rest_route=%2Fwp%2Fv2%2Ftags&post=1267"}],"curies":[{"name":"wp","href":"https:\/\/api.w.org\/{rel}","templated":true}]}}