{"id":1274,"date":"2010-11-08T11:31:59","date_gmt":"2010-11-08T09:31:59","guid":{"rendered":"http:\/\/www.habitaturban.ro\/?p=1274"},"modified":"2010-11-08T11:32:48","modified_gmt":"2010-11-08T09:32:48","slug":"fuap-braila-reactie-dura-la-adresa-sc-cet","status":"publish","type":"post","link":"https:\/\/www.habitaturban.ro\/?p=1274","title":{"rendered":"FUAP Br\u0103ila: reac\u0163ie dur\u0103 la adresa SC CET"},"content":{"rendered":"<p>Interven\u0163ia pre\u015fedintelui Federa\u0163iei Uniunea Asocia\u0163iilor de Proprietari (FUAP) Br\u0103ila &#8211; dl. Marian Covache &#8211; la ultima \u015fedin\u0163\u0103 a Colegiului Prefectural, privind \u00eengrijorarea produs\u0103 (\u00een prag de iarn\u0103) \u00eentre beneficiarii de ap\u0103 cald\u0103 \u015fi c\u0103ldur\u0103, a adus \u00een prim plan modul diferit \u00een care SC CET \u015fi Prim\u0103ria \u00een\u0163eleg prevederile Legii nr. 175\/2010, pentru modificarea Legii nr. 230\/2007. \u00cen esen\u0163\u0103, este vorba de despre faptul c\u0103 potrivit Legii 175\/2010 &#8222;unui proprietar care \u00ee\u015fi achit\u0103 datoria de baz\u0103 c\u0103tre Asocia\u0163ia de Proprietari i se \u015fterg datoriile \u015fi (\u00een consecin\u0163\u0103) A.P. ar trebui s\u0103 scape de o parte din penalit\u0103\u0163i \u00een rela\u0163ia cu furnizorul de utilit\u0103\u0163i&#8221;. Dar, a sus\u0163inut dl. Marian Covache, &#8222;reprezentantul CET, Petri\u015for Motoc nu \u015ftia c\u0103 legea are norme de aplicare, iar primarul Aurel Simionescu a avut o atitudine p\u0103rtinitoare. Fie c\u0103 nu a citit legea, fie c\u0103 a fost prost informat sau dezinformat de c\u0103tre consilierii s\u0103i. Dar, nu-i a\u015fa, prim\u0103ria este ac\u0163ionar majoritar la CET&#8230; Mai mult, nici judec\u0103torii nu cunosc legea \u015fi dau sentin\u0163e pe ea, interpret\u00e2nd-o gre\u015fit&#8221;.<\/p>\n<p><strong>Acuze grave pe adresa CET<\/strong><\/p>\n<p>Pre\u015fedintele FUAP Br\u0103ila a venit (la ultima sa conferin\u0163\u0103 de pres\u0103) cu noi acuze : * &#8222;este necunoscut\u0103 metodologia de calcul a penalit\u0103\u0163ilor ce c\u0103tre CET * au loc modific\u0103ri flagrante \u00een facturi iar \u00een loc de \u00abanexe\u00bb ni se pun \u00een fa\u0163\u0103 diverse \u00abaccesorii\u00bb. D\u0103m bani pentru acestea, \u00een vreme ce facturile cu pl\u0103\u0163ile curente curg \u015fi sunt l\u0103sate de-o parte * de ce se \u00eentocmesc &#8211; \u00een 2007 &#8211; acte adi\u0163ionale pentru&#8230; 2002?! * \u00abaccesoriile\u00bb sunt ilegale (\u00eentocmite chiar cu fric\u0103 de unii func\u0163ionari ai CET) \u015fi ar trebui \u00eencheiat\u0103 o minut\u0103 \u00eentre noi \u015fi CET * de ce, pe site-ul CET nu apar \u015fi salariile foarte mari primite acolo, pe o schem\u0103 \u00eenc\u0103rcat\u0103 la nivelul c\u00e2nd existau 53.000 apartamente bran\u015fate la CET, iar acum abia sunt 15.000 de apartamente * \u00een neregul\u0103 este \u015fi faptul c\u0103 un operator r\u0103spunde simultan de mai multe puncte termice, cu o retribu\u0163ie nemotivat\u0103 * dac\u0103 SC CET nu \u015ftie sau nu vrea s\u0103 calculeze legal penalit\u0103\u0163ile nu \u015ftim, dar acestea ajung s\u0103 fie mai mari dec\u00e2t datoriile \u015fi \u00eei afund\u0103 \u015fi mai r\u0103u pe locatarii cu probleme; diferi\u0163i de r\u0103uplatnici. A se lua exemplul pozitiv al modului cum RA CUP \u00abDun\u0103rea\u00bb \u015fi AFEE (Electrica) procedeaz\u0103 la calculul\/re\u0163inerea\/e\u015falonarea penalit\u0103\u0163ilor \u015fi datoriilor * nu este vina AP c\u0103 CET vine cu ni\u015fte tarife astronomice, cauzate \u015fi de pierderile din re\u0163ea, starea tehnic\u0103 a unor instala\u0163ii, probleme cu cazanele \u015fi tehnica de la CET sau c\u00e2t\u0103 c\u0103ldur\u0103 se pierde cale de 10  km, p\u00e2n\u0103 la Br\u0103ila * de unde \u015fi de ce apar diferen\u0163e foarte mari \u00eentre contoarele AP \u015fi ale CET; \u00eentre gigacalorimetre \u015fi calorimetre se pune gre\u015fit semnul egal * este inadmisibil s\u0103 mai pl\u0103tim apa rece pe post de ap\u0103 cald\u0103!&#8221;.<\/p>\n<p><!--more--><\/p>\n<p><strong>\u00cen &#8222;vizor&#8221;, \u015fi Prim\u0103ria&#8230;<\/strong><\/p>\n<p>Se \u015ftie bine c\u00e2te discu\u0163ii s-au purtat, inclusiv \u00een public \u015fi dup\u0103 1990, privind autonomia A.P.; &#8222;\u00abingerin\u0163ele\u00bb prim\u0103riei etc., acum cer\u00e2ndu-se ca aceasta s\u0103 se implice nu doar \u00een atestarea administratorilor dar \u015fi \u00een probleme care afecteaz\u0103 confortul \u015fi via\u0163a a zeci de mii de locatari br\u0103ileni. Se propune, de exemplu, \u00eenfiin\u0163area unei comisii energetice; sunt aduse \u00een discu\u0163ie unele fraude de propor\u0163ii comise chiar de c\u0103tre aceia\u015fi persoan\u0103; FUAP semnaleaz\u0103 \u015fi valul de aten\u0163ion\u0103ri scrise \u015fi ilegale ale DFP, legate de penaliz\u0103ri \u015fi impozite &#8211; ceea ce ne apas\u0103 \u015fi mai mult&#8221; &#8211; sublinia dl. Marian Covache \u015fi al\u0163i membri ai conducerii FUAP Br\u0103ila.<\/p>\n<p><strong>&#8222;Scrie\u0163i cu majuscule!&#8221;<\/strong><\/p>\n<p>A fost rug\u0103mintea pre\u015fedintelui FUAP c\u0103tre mass-media, accentu\u00e2nd c\u0103: * &#8222;proprietarii care \u00ee\u015fi achit\u0103 integral cotele de contribu\u0163ie la cheltuielile A.P. \u00een termen de 12 luni de la data intr\u0103rii \u00een vigoare a Legii 175\/2010, VOR FI SCUTI\u0162I de la plata penalit\u0103\u0163ilor generate de suma restant\u0103 cu titlu de baz\u0103 (Art.II;1)&#8221; * &#8222;sumele cu titlu de penalit\u0103\u0163i datorate c\u0103tre A.P., anulate conform legii 175\/2010, vor fi ANULATE \u015fi din obliga\u0163iile contractuale existente \u00eentre A.P. \u015fi societatea furnizoare de servicii (Art. II; 4). TERMENUL CURGE DE LA 20 IUNIE 2010 P\u00c2N\u0102 LA 20 IUNIE 2011&#8221; * &#8222;\u00een actuala situa\u0163ie foarte grea din Rom\u00e2nia \u015fi anun\u0163\u00e2ndu-se o iarn\u0103 f\u0103r\u0103 precedent, ar fi normal \u015fi omene\u015fte ca, de comun acord cu A.P., compania CET s\u0103 accepte stingerea penalit\u0103\u0163ilor prin plata unei treimi din ele iar 2\/3 s\u0103 sting\u0103 datoria curent\u0103&#8221;.<br \/>\nEvident c\u0103 Prim\u0103ria \u015fi CET nu vor ezita s\u0103 reac\u0163ioneze, \u00eens\u0103 normal ar fi ca prin discu\u0163ii, dezbateri publice, dialog \u015fi respect\u00e2ndu-se legea, dar cu argumente, calcule, realism \u015fi flexibilitate din partea tuturor , s\u0103 fie dep\u0103\u015fit\u0103 aceast\u0103 situa\u0163ie.<\/p>\n","protected":false},"excerpt":{"rendered":"<p>Interven\u0163ia pre\u015fedintelui Federa\u0163iei Uniunea Asocia\u0163iilor de Proprietari (FUAP) Br\u0103ila &#8211; dl. Marian Covache &#8211; la ultima \u015fedin\u0163\u0103 a Colegiului Prefectural, privind \u00eengrijorarea produs\u0103 (\u00een prag de iarn\u0103) \u00eentre beneficiarii de ap\u0103 cald\u0103 \u015fi c\u0103ldur\u0103, a adus \u00een prim plan modul diferit \u00een care SC CET \u015fi Prim\u0103ria \u00een\u0163eleg prevederile Legii nr. 175\/2010, pentru modificarea Legii [&hellip;]<\/p>\n","protected":false},"author":3,"featured_media":0,"comment_status":"open","ping_status":"open","sticky":false,"template":"","format":"standard","meta":{"footnotes":""},"categories":[83],"tags":[],"class_list":["post-1274","post","type-post","status-publish","format-standard","hentry","category-stiri-locale"],"_links":{"self":[{"href":"https:\/\/www.habitaturban.ro\/index.php?rest_route=\/wp\/v2\/posts\/1274","targetHints":{"allow":["GET"]}}],"collection":[{"href":"https:\/\/www.habitaturban.ro\/index.php?rest_route=\/wp\/v2\/posts"}],"about":[{"href":"https:\/\/www.habitaturban.ro\/index.php?rest_route=\/wp\/v2\/types\/post"}],"author":[{"embeddable":true,"href":"https:\/\/www.habitaturban.ro\/index.php?rest_route=\/wp\/v2\/users\/3"}],"replies":[{"embeddable":true,"href":"https:\/\/www.habitaturban.ro\/index.php?rest_route=%2Fwp%2Fv2%2Fcomments&post=1274"}],"version-history":[{"count":2,"href":"https:\/\/www.habitaturban.ro\/index.php?rest_route=\/wp\/v2\/posts\/1274\/revisions"}],"predecessor-version":[{"id":1276,"href":"https:\/\/www.habitaturban.ro\/index.php?rest_route=\/wp\/v2\/posts\/1274\/revisions\/1276"}],"wp:attachment":[{"href":"https:\/\/www.habitaturban.ro\/index.php?rest_route=%2Fwp%2Fv2%2Fmedia&parent=1274"}],"wp:term":[{"taxonomy":"category","embeddable":true,"href":"https:\/\/www.habitaturban.ro\/index.php?rest_route=%2Fwp%2Fv2%2Fcategories&post=1274"},{"taxonomy":"post_tag","embeddable":true,"href":"https:\/\/www.habitaturban.ro\/index.php?rest_route=%2Fwp%2Fv2%2Ftags&post=1274"}],"curies":[{"name":"wp","href":"https:\/\/api.w.org\/{rel}","templated":true}]}}