{"id":1464,"date":"2011-08-30T12:06:47","date_gmt":"2011-08-30T10:06:47","guid":{"rendered":"http:\/\/www.habitaturban.ro\/?p=1464"},"modified":"2011-08-30T12:06:47","modified_gmt":"2011-08-30T10:06:47","slug":"scrisoare-deschisa-3","status":"publish","type":"post","link":"https:\/\/www.habitaturban.ro\/?p=1464","title":{"rendered":"Scrisoare deschisa"},"content":{"rendered":"<p><strong>C\u0103tre:<\/strong> Guvernul Rom\u00e2niei<\/p>\n<p><strong>\u00cen aten\u0163ia:<\/strong> Domnului Prim-ministru Emil Boc<\/p>\n<p><strong>Spre stiinta: <\/strong>Ministerul Finan\u0163elor Publice<\/p>\n<p><strong>\u00cen aten\u0163ia:<\/strong> Domnului Ministru Gheorghe Ialomi\u0163ianu<\/p>\n<p>Stimate domnule,<\/p>\n<p>In nenumarate randuri v-am \u00eenaintat solicitarile celor peste 15000 de asociatii de proprietari membre ale Ligii Habitat cu privire la <strong>reintroducerea termenelor anuale (sau in cel mai rau caz -semestriale) pentru declararea \u015fi plata impozitelor \u015fi contribu\u0163iilor aferente veniturilor din salarii \u015fi a impozitului re\u0163inut la surs\u0103 pentru asociatiile de proprietari \u0219i organizarea unei dezbateri publice pe problema fiscalit\u0103\u021bii pentru asociatiile de proprietari<\/strong>.<\/p>\n<p>\u00cen condi\u021biile public\u0103rii, spre dezbatere, pe pagina web a Ministerului Finan\u021belor Publice, a proiectului de Ordonan\u021b\u0103 pentru modificarea \u0219i completarea Legii Nr. 571\/2003 privind Codul Fiscal, modificarea \u0219i completarea Ordonan\u021bei de urgen\u021b\u0103 a Guvernului Nr. 29\/2011 privind reglementarea acord\u0103rii e\u015falon\u0103rilor la plat\u0103, precum \u015fi pentru reglementarea unor m\u0103suri financiar-fiscale, <strong>reiter\u0103m solicitarea de introducere a <\/strong><strong>termenelor anuale (sau in cel mai rau caz -semestriale) pentru declararea \u015fi plata impozitelor \u015fi contribu\u0163iilor aferente veniturilor din salarii \u015fi a impozitului re\u0163inut la surs\u0103 pentru asociatiile de proprietari<\/strong>.<\/p>\n<p>Ne exprim\u0103m dezaprobare fa\u021b\u0103 de Art. I, Alin.32 (2), litera a) \u0219i Art. I, Alin. 92 (1) din proiectul de Ordonan\u021b\u0103 pentru modificarea \u0219i completarea Legii Nr. 571\/2003 privind Codul Fiscal, dat publicit\u0103\u021bii vineri, 19.08.2011, numai asocia\u0163iile, funda\u0163iile sau alte entit\u0103\u0163i f\u0103r\u0103 scop patrimonial care au avut un num\u0103r mediu de p\u00e2n\u0103 la 3 salaria\u0163i inclusiv \u00een anul anterior beneficiaz\u0103 de posibilitatea de a declara \u0219i pl\u0103ti trimestrial impozitele \u0219i contribu\u021biile aferente veniturilor din salarii. <strong>Solicitam, pt asociatiile de proprietari, introducerea unui termen de 12 luni (sau in cel mai rau caz &#8211; 6 luni) \u00a0si eliminarea limitarii la 3 salariati<\/strong>.<\/p>\n<p><!--more--><\/p>\n<p>Reamintim si problemele legate de obligativitatea depunerii declara\u0163iilor prin mijloace electronice de transmitere la distan\u0163\u0103 incepand cu 1 iulie 2011 ceea ce nu se poate aplica pt asociatiile de proprietari si din acest motiv solicitam anularea<strong>! <\/strong>Solicitam ca, pentru asociatiile de proprietari, declaratia sa se poata depune prin una dintre urmatoarele modalitati: direct la administratia financiara, prin posta sau online (in baza unei parole acordata de catre administratorul site-ului finantelor publice).<\/p>\n<p>Aceasta Ordonanta supusa dezbaterii publice ar trebui sa fie ocazia de a corecta masurile gresite luate in ultimii ani care au dus la birocratizarea excesiva activitatii asociatiilor de proprietari.<\/p>\n<table border=\"0\" cellspacing=\"0\" cellpadding=\"0\">\n<tbody>\n<tr>\n<td width=\"695\" valign=\"top\">\n<h2 style=\"text-align: center;\"><em>PRESEDINTE<\/em><\/h2>\n<p align=\"center\"><strong><em>Mihai Mereuta<\/em><\/strong><strong><em><\/em><\/strong><\/p>\n<\/td>\n<\/tr>\n<\/tbody>\n<\/table>\n","protected":false},"excerpt":{"rendered":"<p>C\u0103tre: Guvernul Rom\u00e2niei \u00cen aten\u0163ia: Domnului Prim-ministru Emil Boc Spre stiinta: Ministerul Finan\u0163elor Publice \u00cen aten\u0163ia: Domnului Ministru Gheorghe Ialomi\u0163ianu Stimate domnule, In nenumarate randuri v-am \u00eenaintat solicitarile celor peste 15000 de asociatii de proprietari membre ale Ligii Habitat cu privire la reintroducerea termenelor anuale (sau in cel mai rau caz -semestriale) pentru declararea \u015fi [&hellip;]<\/p>\n","protected":false},"author":3,"featured_media":0,"comment_status":"open","ping_status":"open","sticky":false,"template":"","format":"standard","meta":{"footnotes":""},"categories":[1],"tags":[],"class_list":["post-1464","post","type-post","status-publish","format-standard","hentry","category-noutati"],"_links":{"self":[{"href":"https:\/\/www.habitaturban.ro\/index.php?rest_route=\/wp\/v2\/posts\/1464","targetHints":{"allow":["GET"]}}],"collection":[{"href":"https:\/\/www.habitaturban.ro\/index.php?rest_route=\/wp\/v2\/posts"}],"about":[{"href":"https:\/\/www.habitaturban.ro\/index.php?rest_route=\/wp\/v2\/types\/post"}],"author":[{"embeddable":true,"href":"https:\/\/www.habitaturban.ro\/index.php?rest_route=\/wp\/v2\/users\/3"}],"replies":[{"embeddable":true,"href":"https:\/\/www.habitaturban.ro\/index.php?rest_route=%2Fwp%2Fv2%2Fcomments&post=1464"}],"version-history":[{"count":1,"href":"https:\/\/www.habitaturban.ro\/index.php?rest_route=\/wp\/v2\/posts\/1464\/revisions"}],"predecessor-version":[{"id":1465,"href":"https:\/\/www.habitaturban.ro\/index.php?rest_route=\/wp\/v2\/posts\/1464\/revisions\/1465"}],"wp:attachment":[{"href":"https:\/\/www.habitaturban.ro\/index.php?rest_route=%2Fwp%2Fv2%2Fmedia&parent=1464"}],"wp:term":[{"taxonomy":"category","embeddable":true,"href":"https:\/\/www.habitaturban.ro\/index.php?rest_route=%2Fwp%2Fv2%2Fcategories&post=1464"},{"taxonomy":"post_tag","embeddable":true,"href":"https:\/\/www.habitaturban.ro\/index.php?rest_route=%2Fwp%2Fv2%2Ftags&post=1464"}],"curies":[{"name":"wp","href":"https:\/\/api.w.org\/{rel}","templated":true}]}}