{"id":1466,"date":"2011-09-01T10:34:43","date_gmt":"2011-09-01T08:34:43","guid":{"rendered":"http:\/\/www.habitaturban.ro\/?p=1466"},"modified":"2011-09-01T10:36:15","modified_gmt":"2011-09-01T08:36:15","slug":"comunicat-1092011","status":"publish","type":"post","link":"https:\/\/www.habitaturban.ro\/?p=1466","title":{"rendered":"Comunicat &#8211; 1\/09\/2011"},"content":{"rendered":"<p align=\"center\"><strong>Guvernul Romaniei si Ministerul Muncii, Familiei si Protectiei Sociale<\/strong><strong>ignora una dintre cele mai elementare reguli ale democratiei:<\/strong><strong>dezbaterea publica<\/strong><\/p>\n<p>Sambata, 27 august 2011, Ministerul Muncii a publicat, pe site, pentru dezbatere publica <strong><a href=\"http:\/\/www.mmuncii.ro\/ro\/articole\/2011-08-27\/proiect-de-ordonana-de-urgena-privind-masurile-de-protectie-sociala-in-perioada-sezonului-rece-2276-articol.html\">Proiectul de Ordonan\u021b\u0103 de Urgen\u021b\u0103 privind m\u0103surile de protec\u0163ie social\u0103 \u00een perioada sezonului rece<\/a>. <\/strong>Termenul precizat pe acelasi site pentru transmiterea observatiilor si propunerilor: joi, 1 septembrie 2011.<\/p>\n<p>Miercuri, 31 august 2011, Guvernul a adoptat <strong><a href=\"http:\/\/www.mmuncii.ro\/ro\/articole\/2011-08-27\/proiect-de-ordonana-de-urgena-privind-masurile-de-protectie-sociala-in-perioada-sezonului-rece-2276-articol.html\">Proiectul de Ordonan\u021b\u0103 de Urgen\u021b\u0103 privind m\u0103surile de protec\u0163ie social\u0103 \u00een perioada sezonului rece<\/a><\/strong>.<\/p>\n<p><strong><em>Autoritatile nu au respectat termenul 5 zile, asumat chiar de Ministerul Muncii. Mentionam ca, de fapt, Legea nr.52\/2003 privind transparen\u0163a decizional\u0103 \u00een administra\u0163ia public\u0103 prevede ca autoritatea administra\u0163iei publice este obligata sa stabileasca &#8222;o perioad\u0103 de cel pu\u0163in 10 zile pentru a primi \u00een scris propuneri, sugestii sau opinii cu privire la proiectul de act normativ supus dezbaterii publice&#8221;. <\/em><\/strong><\/p>\n<p>Nu consideram ca poate fi invocat un termen de urgenta pentru adoptarea acestui act normativ fara o dezbtare reala si fara preluarea observatiilor si propunerilor venite din partea societatii civile in conditiile in care despre necesitatea modificarii regulilor privind aujutoarele de incalzire se discuta inca din luna aprilie. In plus, sezonul rece incepe invariabil, in fiecare an, in lunile octombrie\/noiembrie.<\/p>\n<p><em>Ne-am obisnuit cu faptul ca oricum nu se iau in seama observatiile, constatam insa ca nici macar formal nu se mai respecta legea.<\/em><\/p>\n<p><a href=\"https:\/\/www.habitaturban.ro\/documente\/anexa-comunicat.doc\">Download Anexa<\/a><\/p>\n","protected":false},"excerpt":{"rendered":"<p>Guvernul Romaniei si Ministerul Muncii, Familiei si Protectiei Socialeignora una dintre cele mai elementare reguli ale democratiei:dezbaterea publica Sambata, 27 august 2011, Ministerul Muncii a publicat, pe site, pentru dezbatere publica Proiectul de Ordonan\u021b\u0103 de Urgen\u021b\u0103 privind m\u0103surile de protec\u0163ie social\u0103 \u00een perioada sezonului rece. Termenul precizat pe acelasi site pentru transmiterea observatiilor si propunerilor: [&hellip;]<\/p>\n","protected":false},"author":3,"featured_media":0,"comment_status":"open","ping_status":"open","sticky":false,"template":"","format":"standard","meta":{"footnotes":""},"categories":[1],"tags":[],"class_list":["post-1466","post","type-post","status-publish","format-standard","hentry","category-noutati"],"_links":{"self":[{"href":"https:\/\/www.habitaturban.ro\/index.php?rest_route=\/wp\/v2\/posts\/1466","targetHints":{"allow":["GET"]}}],"collection":[{"href":"https:\/\/www.habitaturban.ro\/index.php?rest_route=\/wp\/v2\/posts"}],"about":[{"href":"https:\/\/www.habitaturban.ro\/index.php?rest_route=\/wp\/v2\/types\/post"}],"author":[{"embeddable":true,"href":"https:\/\/www.habitaturban.ro\/index.php?rest_route=\/wp\/v2\/users\/3"}],"replies":[{"embeddable":true,"href":"https:\/\/www.habitaturban.ro\/index.php?rest_route=%2Fwp%2Fv2%2Fcomments&post=1466"}],"version-history":[{"count":4,"href":"https:\/\/www.habitaturban.ro\/index.php?rest_route=\/wp\/v2\/posts\/1466\/revisions"}],"predecessor-version":[{"id":1471,"href":"https:\/\/www.habitaturban.ro\/index.php?rest_route=\/wp\/v2\/posts\/1466\/revisions\/1471"}],"wp:attachment":[{"href":"https:\/\/www.habitaturban.ro\/index.php?rest_route=%2Fwp%2Fv2%2Fmedia&parent=1466"}],"wp:term":[{"taxonomy":"category","embeddable":true,"href":"https:\/\/www.habitaturban.ro\/index.php?rest_route=%2Fwp%2Fv2%2Fcategories&post=1466"},{"taxonomy":"post_tag","embeddable":true,"href":"https:\/\/www.habitaturban.ro\/index.php?rest_route=%2Fwp%2Fv2%2Ftags&post=1466"}],"curies":[{"name":"wp","href":"https:\/\/api.w.org\/{rel}","templated":true}]}}