{"id":1943,"date":"2013-07-10T13:18:02","date_gmt":"2013-07-10T11:18:02","guid":{"rendered":"http:\/\/www.habitaturban.ro\/?p=1943"},"modified":"2013-07-10T13:22:41","modified_gmt":"2013-07-10T11:22:41","slug":"propunere-de-modificare-si-completare-a-ordinului-anrsc-343-2010","status":"publish","type":"post","link":"https:\/\/www.habitaturban.ro\/?p=1943","title":{"rendered":"Propunere de modificare si completare a ordinului ANRSC 343 2010"},"content":{"rendered":"<p align=\"center\"><strong>Propunere  de modificare si completare a ordinului <em>ANRSC 343 2010 privind Norme tehnice  privind repartizarea consumurilor de energie termica intre consumatorii din  imobilele de tip condominiu, in cazul folosirii pentru repartizare a costurilor  pentru incalzire \u015fi apa calda de consum.<\/em><\/strong><\/p>\n<p align=\"right\"><strong>AUREL MARIAN<\/strong><\/p>\n<p><strong>Premiza.<\/strong><br \/>\n  Confortul termic al locuirii pe timp de iarna se asigur\u0103 prin  consumul de energie termic\u0103 care compenseaz\u0103\u00a0  pierderile termice\u00a0 datorate  diferen\u0163ei de temperatur\u0103 intre interiorul locuin\u0163ei si exterior. In <strong>cazul  unei locuin\u0163e individuale<\/strong> aceasta energie este direct propor\u0163ional\u0103 cu  diferen\u0163\u0103\u00a0 de temperatur\u0103  (interior\/exterior) \u015fi invers propor\u0163ional\u0103 ce rezisten\u0163a termic\u0103 a  suprafe\u0163elor exterioare ale locuin\u0163ei.<\/p>\n<p><strong>In bocurile de locuin\u0163e<\/strong>,conform  legiilor a temodinamicii\u00a0 diferen\u0163ele  inerente de temperatur\u0103 intre apartamente duc la <strong>un intens flux termic\u00a0 in interiorul<\/strong> <em>blocului<\/em> mai ales c\u0103  suprafe\u0163ele interioare\u00a0 (in numar de 5  sau 4) sunt mai mari dec\u00e2t cele exterioare (in numar de 1 sau 2) iar rezisen\u0163a  termic\u0103 a suprafe\u0163elor interioare este prin construc\u0163ie foarte mic\u0103. Acest  lucru face ca intr-un apartament cu caloriferele inchise temperatura s\u0103 se  stabilizeze in timpul iernii la 170C -190C (m\u0103sur\u0103tori  efectuate). Se constat\u0103 c\u0103 rezisten\u0163a termic\u0103 integrat\u0103 spre apartamentele  vecine este de <strong>30-50 de ori<\/strong> mai mic\u0103 dec\u00e2t cea spre exterior astfel c\u0103  la o diferenta de un grad intre apartamente fluxul spre interior s\u0103 dep\u0103\u015feasc\u0103  pe cel spre exterior chiar pentru o temperatura de afar\u0103 de -100C!<\/p>\n<p>  Astfel fluxurile termice interioare nu pot fi repartizate pe  apartamente prin citirile repartitoarelor (integratoare termice) \u015fi care  prezint\u0103 ponderile energiei termice &quot;injec-tate &quot; in apartament. In  consecin\u0163\u0103 repartizarea costurilor pe apartamente propor\u0163ional cu inregistr\u0103rile  repartitoarelor duce la distorsiuni aberante ale costurilor reale care ar  reprezenta energia termic\u0103 efectiv consumat\u0103 de apartament \u015fi nu cea transmis\u0103  vecinilor sau primit\u0103 dela ace\u015ftia. Pe de alta parte prin transferul energiei  termice in interiorul blocului se stabilizeaz\u0103 un nivel termic de care  beneficiaz\u0103 to\u0163i locatarii condominiului indiferent de sursa proprie de  incalzire (combustibil, electricitate, fluid termic), de tipul corpurilor de  incalzit (calorifere, radiatoare) sau de furnizorul de energie termica.  Spa\u0163iile comune sunt in general incalzite tot prin efectul transferului termic  interior<\/p>\n<p>  De\u015fi fluxurile interioare de energie termica pentru un  apartament nu pot fi m\u0103surate, un apartament poate in acela\u015fi moment primi  caldura de la doua apartamente(mai calde) \u015fi transmite la alte trei (mai reci),  aceasta poate fi stabilita drept <strong>cota parte<\/strong> a\u00a0 energiei termice a transferului interior care <strong>nu poate fi repartizat\u0103 prin indicatiile date de repartitoare. <\/strong><\/p>\n<p>  Calculul cotei parte fixe, nerepartizabile prin repartitoare de  energie termic\u0103, disipat\u0103 in interiorul blocului s-a facut consider\u00e2nd  urm\u0103toarele elemente fizice \u015fi normative: tipul de constructie a blocului  (definirea coeficientilor termici), normele de locuire in vigoare,  temperaturile sezonului de iarna confirmate decadal (pe regiuni), zona de  locuire in \u0163ar\u0103, starea rebailit\u0103rii termice. Aceasta <strong>cota parte fix\u0103<\/strong> se  va repartiza pe suprafete individe ale apartamentelor \u015fi va fi in sarcina  tuturor proprietarilor de apartamente dintr-un condominiu inzestrat  preponderent cu sistemul de repatitoare termice, inclusiv celor neconectati la  acest sistem. Metoda cotelor fixe este aplicata in majoritatea t\u0103rilor europei  de vest (incepand cu Germania\u00a0 din 1989 cu  cota parte fixa p\u00e2n\u0103 la 50%, p\u00e2n\u0103 la Slovenia din 2005 cu cota fixa p\u00e2na la 65%).  Cotele parte fixa inglobeaz\u0103 si consumurile termice pentru p\u0103rti comune.<\/p>\n<p><strong>Modific\u0103ri ale Ordinului 343 din 13\/07\/2010 propuse.<\/strong><br \/>\n  Se adaug\u0103:<br \/>\n  <strong>Art. 2 al.18<\/strong><br \/>\n  -Cota parte fix\u0103 este factorul specific fiec\u0103rui  condominiu\/bloc de locuire \u015fi tipului de apartament care define\u015fte, in cazul  utiliz\u0103rii sistemului de repartitoare termice, m\u0103rimea procentual\u0103 a costului  de energie termic\u0103 reprezent\u00e2nd energia termic\u0103 consumat\u0103 in transferurile  termice interioare ea\u00a0 neputind fi  definit\u0103 prin inregistr\u0103rile repartitoarelor. Energia termica inplicata in  trasferurile interioare echilibreaz\u0103 starea termica interioara a blocului. <br \/>\n  Se inlocue\u015fte art. 19 cu textul urmator:<br \/>\n  <strong>Art.19 al (1) <\/strong><br \/>\n  Cantitatea total\u0103 de energie termic\u0103 pentru inc\u0103lzire ce revine  fiec\u0103rui proprietar se calculeaz\u0103 cu rela\u0163ia:<br \/>\n  <a href=\"https:\/\/www.habitaturban.ro\/wp-content\/uploads\/2013\/07\/p1.png\"><img loading=\"lazy\" decoding=\"async\" src=\"https:\/\/www.habitaturban.ro\/wp-content\/uploads\/2013\/07\/p1.png\" alt=\"\" title=\"p1\" width=\"232\" height=\"60\" class=\"alignnone size-full wp-image-1944\" \/><\/a><\/p>\n<p>\n  Unde: <a href=\"https:\/\/www.habitaturban.ro\/wp-content\/uploads\/2013\/07\/p2.png\"><img loading=\"lazy\" decoding=\"async\" src=\"https:\/\/www.habitaturban.ro\/wp-content\/uploads\/2013\/07\/p2.png\" alt=\"\" title=\"p2\" width=\"313\" height=\"110\" class=\"alignnone size-full wp-image-1945\" srcset=\"https:\/\/www.habitaturban.ro\/wp-content\/uploads\/2013\/07\/p2.png 313w, https:\/\/www.habitaturban.ro\/wp-content\/uploads\/2013\/07\/p2-300x105.png 300w\" sizes=\"auto, (max-width: 313px) 100vw, 313px\" \/><\/a><\/p>\n<p>  reprezint\u0103 cota parte fixa in sarcina apartamentului  &quot;i&quot;\u00a0\u00a0 \u015fi\u00a0\u00a0\u00a0\u00a0 <br \/>\n  <a href=\"https:\/\/www.habitaturban.ro\/wp-content\/uploads\/2013\/07\/p3.png\"><img loading=\"lazy\" decoding=\"async\" src=\"https:\/\/www.habitaturban.ro\/wp-content\/uploads\/2013\/07\/p3.png\" alt=\"\" title=\"p3\" width=\"63\" height=\"49\" class=\"alignnone size-full wp-image-1946\" \/><\/a>\u00a0 -energia termica  total\u0103 facturata<br \/>\n  <a href=\"https:\/\/www.habitaturban.ro\/wp-content\/uploads\/2013\/07\/p4.png\"><img loading=\"lazy\" decoding=\"async\" src=\"https:\/\/www.habitaturban.ro\/wp-content\/uploads\/2013\/07\/p4.png\" alt=\"\" title=\"p4\" width=\"44\" height=\"42\" class=\"alignnone size-full wp-image-1947\" \/><\/a>-suprafata utila a apartamentului &quot;i&quot;<\/p>\n<p><a href=\"https:\/\/www.habitaturban.ro\/wp-content\/uploads\/2013\/07\/p5.png\"><img loading=\"lazy\" decoding=\"async\" src=\"https:\/\/www.habitaturban.ro\/wp-content\/uploads\/2013\/07\/p5.png\" alt=\"\" title=\"p5\" width=\"49\" height=\"45\" class=\"alignnone size-full wp-image-1948\" \/><\/a>\u00a0-cota parte fixa  revenita apartamentuli &quot;i&quot; conform al.2<\/p>\n<p><a href=\"https:\/\/www.habitaturban.ro\/wp-content\/uploads\/2013\/07\/p6.png\"><img loading=\"lazy\" decoding=\"async\" src=\"https:\/\/www.habitaturban.ro\/wp-content\/uploads\/2013\/07\/p6.png\" alt=\"\" title=\"p6\" width=\"348\" height=\"108\" class=\"alignnone size-full wp-image-1949\" srcset=\"https:\/\/www.habitaturban.ro\/wp-content\/uploads\/2013\/07\/p6.png 348w, https:\/\/www.habitaturban.ro\/wp-content\/uploads\/2013\/07\/p6-300x93.png 300w\" sizes=\"auto, (max-width: 348px) 100vw, 348px\" \/><\/a> reprezint\u0103 cota parte conform  citirilor repartitoarelor\u00a0 din  apartamentul &quot;i&quot;.<br \/>\n  Valoarea <a href=\"https:\/\/www.habitaturban.ro\/wp-content\/uploads\/2013\/07\/p7.png\"><img loading=\"lazy\" decoding=\"async\" src=\"https:\/\/www.habitaturban.ro\/wp-content\/uploads\/2013\/07\/p7.png\" alt=\"\" title=\"p7\" width=\"52\" height=\"44\" class=\"alignnone size-full wp-image-1950\" \/><\/a>\u00a0se calculeaz\u0103 conform  art. 18<\/p>\n<p><strong>al.(2) <\/strong><\/p>\n<ol type=\"a\" style=\"list-style-type:lower-latin;\">\n<li>\u00a0\u00a0\u00a0\u00a0\u00a0\u00a0 <strong>Cota parte fix\u0103<\/strong> <a href=\"https:\/\/www.habitaturban.ro\/wp-content\/uploads\/2013\/07\/p8.png\"><img loading=\"lazy\" decoding=\"async\" src=\"https:\/\/www.habitaturban.ro\/wp-content\/uploads\/2013\/07\/p8.png\" alt=\"\" title=\"p8\" width=\"69\" height=\"46\" class=\"alignnone size-full wp-image-1951\" \/><\/a>\u00a0din consumul total de  energie termica inregistrat pe coloana de distributie pe vertical\u0103 (sau in  condi\u0163ii echivalente), luat\u0103 in calcul in condi\u0163iile normative, constructive \u015fi  meteorologice din \u0163ar\u0103 este:<\/li>\n<\/ol>\n<p>  <strong>62%<\/strong> pentru  blocurile\u00a0 construite inainte de anul  1988,<br \/>\n  <strong>52%<\/strong> pentru blocurile  construite dup\u0103 anul 1989<\/p>\n<ol type=\"a\" start=\"2\" style=\"list-style-type:lower-latin;\">\n<li>Consider\u00e2nd tipurile de  construc\u0163ii \u015fi zonarea metorologic\u0103\u00a0 se  aplic\u0103 la valoarea cotei parte fixe de mai inainte\u00a0 urm\u0103toarele corec\u0163ii:<\/li>\n<\/ol>\n<table border=\"1\" cellspacing=\"0\" cellpadding=\"0\">\n<tr>\n<td width=\"228\" valign=\"top\">\n<p align=\"center\"><strong>Tip    construc\u0163ie; zonare meteorologic\u0103<\/strong><\/p>\n<\/td>\n<td width=\"134\" valign=\"top\">\n<p align=\"center\"><strong>Crestere    procentual\u0103 (+)<\/strong><\/p>\n<\/td>\n<td width=\"130\" valign=\"top\">\n<p align=\"center\"><strong>Diminiare    procentual\u0103 (-)<\/strong><\/p>\n<\/td>\n<\/tr>\n<tr>\n<td width=\"228\" valign=\"top\">\n<p>Bloc reabilitat termic sau anvelopat la construc\u0163ie<\/p>\n<\/td>\n<td width=\"134\" valign=\"top\">\n<p align=\"center\"><strong>8<\/strong><\/p>\n<\/td>\n<td width=\"130\" valign=\"top\">\n<p align=\"center\"><strong>&nbsp;<\/strong><\/p>\n<\/td>\n<\/tr>\n<tr>\n<td width=\"228\" valign=\"top\">\n<p>Bloc autoportant (pere\u0163i beton)\/ cofraje glisante<\/p>\n<\/td>\n<td width=\"134\" valign=\"top\">\n<p align=\"center\"><strong>8<\/strong><\/p>\n<\/td>\n<td width=\"130\" valign=\"top\">\n<p align=\"center\"><strong>&nbsp;<\/strong><\/p>\n<\/td>\n<\/tr>\n<tr>\n<td width=\"228\" valign=\"top\">\n<p>Bloc perete c\u0103r\u0103mida interior\/ exterior<\/p>\n<\/td>\n<td width=\"134\" valign=\"top\">\n<p align=\"center\"><strong>5<\/strong><\/p>\n<\/td>\n<td width=\"130\" valign=\"top\">\n<p align=\"center\"><strong>&nbsp;<\/strong><\/p>\n<\/td>\n<\/tr>\n<tr>\n<td width=\"228\" valign=\"top\">\n<p>Zona meteorologica rece (Harghita, Covasna)<\/p>\n<\/td>\n<td width=\"134\" valign=\"top\">\n<p align=\"center\"><strong>&nbsp;<\/strong><\/p>\n<\/td>\n<td width=\"130\" valign=\"top\">\n<p align=\"center\"><strong>10<\/strong><\/p>\n<\/td>\n<\/tr>\n<\/table>\n<ol type=\"a\" start=\"3\" style=\"list-style-type:lower-latin;\">\n<li>Valorilor procentuale definite  mai sus li se aplic\u0103 corec\u0163iile din anexa 1 la norma tehnica \u00a0a ordonan\u0163ei 343\/2010. Corectiile anexei 1  sunt op\u0163ionale la decizia proprietarului<\/li>\n<\/ol>\n<p><strong>\u00a0al.(3<\/strong>)<br \/>\n  Or\u015fice prevedere din capitolul II  sec\u0163iunile I, II, \u015fi III care nu se reg\u0103se\u015fte in indica\u0163iile sau referirile  prezentate in acest articol nu se mai aplic\u0103. <\/p>\n","protected":false},"excerpt":{"rendered":"<p>Propunere de modificare si completare a ordinului ANRSC 343 2010 privind Norme tehnice privind repartizarea consumurilor de energie termica intre consumatorii din imobilele de tip condominiu, in cazul folosirii pentru repartizare a costurilor pentru incalzire \u015fi apa calda de consum. AUREL MARIAN Premiza. Confortul termic al locuirii pe timp de iarna se asigur\u0103 prin consumul [&hellip;]<\/p>\n","protected":false},"author":3,"featured_media":0,"comment_status":"open","ping_status":"open","sticky":false,"template":"","format":"standard","meta":{"footnotes":""},"categories":[84],"tags":[],"class_list":["post-1943","post","type-post","status-publish","format-standard","hentry","category-puncte-de-vedere"],"_links":{"self":[{"href":"https:\/\/www.habitaturban.ro\/index.php?rest_route=\/wp\/v2\/posts\/1943","targetHints":{"allow":["GET"]}}],"collection":[{"href":"https:\/\/www.habitaturban.ro\/index.php?rest_route=\/wp\/v2\/posts"}],"about":[{"href":"https:\/\/www.habitaturban.ro\/index.php?rest_route=\/wp\/v2\/types\/post"}],"author":[{"embeddable":true,"href":"https:\/\/www.habitaturban.ro\/index.php?rest_route=\/wp\/v2\/users\/3"}],"replies":[{"embeddable":true,"href":"https:\/\/www.habitaturban.ro\/index.php?rest_route=%2Fwp%2Fv2%2Fcomments&post=1943"}],"version-history":[{"count":5,"href":"https:\/\/www.habitaturban.ro\/index.php?rest_route=\/wp\/v2\/posts\/1943\/revisions"}],"predecessor-version":[{"id":1956,"href":"https:\/\/www.habitaturban.ro\/index.php?rest_route=\/wp\/v2\/posts\/1943\/revisions\/1956"}],"wp:attachment":[{"href":"https:\/\/www.habitaturban.ro\/index.php?rest_route=%2Fwp%2Fv2%2Fmedia&parent=1943"}],"wp:term":[{"taxonomy":"category","embeddable":true,"href":"https:\/\/www.habitaturban.ro\/index.php?rest_route=%2Fwp%2Fv2%2Fcategories&post=1943"},{"taxonomy":"post_tag","embeddable":true,"href":"https:\/\/www.habitaturban.ro\/index.php?rest_route=%2Fwp%2Fv2%2Ftags&post=1943"}],"curies":[{"name":"wp","href":"https:\/\/api.w.org\/{rel}","templated":true}]}}