{"id":1978,"date":"2013-08-26T15:36:26","date_gmt":"2013-08-26T13:36:26","guid":{"rendered":"http:\/\/www.habitaturban.ro\/?p=1978"},"modified":"2013-08-28T06:47:37","modified_gmt":"2013-08-28T04:47:37","slug":"invitatie","status":"publish","type":"post","link":"https:\/\/www.habitaturban.ro\/?p=1978","title":{"rendered":"INVITATIE"},"content":{"rendered":"<p align=\"center\"><strong>Federa<\/strong><strong>\u0163ia Asocia\u0163iilor de Proprietari Cluj<\/strong><br \/>\n  <strong>\u00eempreun\u0103 cu<\/strong><br \/>\n  <strong>SC\u00a0 CONTOR\u00a0  GROUP SA\u00a0 Arad\u00a0 \u015fi\u00a0  SC\u00a0 CARPAT\u00a0 INSTAL SRL Cluj Napoca <\/strong><br \/>\n  <strong>organizeaz\u0103 \u00een zilele de \u00a0<\/strong><strong><u>27 , 28 \u015fi 29 August 2013<\/u><\/strong><\/p>\n<p align=\"center\"><strong>MAS\u0102 ROTUND\u0102 \/ P\u0102TRAT\u0102<\/strong> <br \/>\n  <strong>( <\/strong><strong><u>\u00eent\u00e2lnire  de tain\u0103<\/u><\/strong><strong> )<\/strong><\/p>\n<p align=\"left\"><strong>cu reprezentan\u0163ii Asocia\u0163ilor de Proprietari din Cluj Napoca \u015fi nu numai <\/strong><\/p>\n<p align=\"left\"><strong>Subiectele  de discu\u0163ie :<\/strong><\/p>\n<ol>\n<li><strong>mentenan\u0163\u0103 instala\u0163ii  comune \u015fi private <\/strong><strong>\u015f<\/strong><strong>i mentenan\u0163\u0103  general\u0103 cl\u0103diri ;<\/strong><\/li>\n<li><strong>modalit\u0103\u0163i de reducere a diferen\u0163elor dintre consumurile \u00eenregistrate  de contoarele de apartament \u015fi cele de la bran\u015famentele blocurilor ;<\/strong><\/li>\n<li><strong>angajarea  for\u0163ei de munc\u0103 la A.P. ;<\/strong><\/li>\n<li><strong>fiscalita  , modific\u0103ri legislative ;<\/strong><\/li>\n<li><strong>reabilitare  termic\u0103 ;<\/strong><\/li>\n<li><strong>securitatea  proprietarului \u015fi a propriet\u0103\u0163ii ;<\/strong><\/li>\n<li><strong>animalele  de companie ;<\/strong> <\/li>\n<li><strong>calitatea  \u00een construc\u0163ii ;<\/strong><\/li>\n<li><strong>diverse  .<\/strong><\/li>\n<\/ol>\n<p><strong>Pe l\u00e2ng\u0103 Dvs. pe care v\u0103 invit\u0103m cu drag ,  la aceast\u0103 \u00eent\u00e2lnire vor participa :<\/strong> <br \/>\n  &#8211;&nbsp;&nbsp;&nbsp;&nbsp;&nbsp;&nbsp;&nbsp;&nbsp; <strong>speciali\u015fti  \u00een mentenan\u0163a instala\u0163iilor de tot felul \u015fi a cl\u0103dirilor de la SC Contor Group  SA Arad \u015fi SC Carpat Instal SRL Cluj Napoca ;<\/strong><br \/>\n  &#8211;&nbsp;&nbsp;&nbsp;&nbsp;&nbsp;&nbsp;&nbsp;&nbsp; <strong>oamenii  legii , i-am numit aici pe cei de la Poli\u0163ia de Proximitate ;<\/strong><br \/>\n  <strong>&#8211;\u00a0\u00a0\u00a0\u00a0 reprezentan\u0163i ai Federa\u0163iei Asocia\u0163iilor  de Proprietari Cluj ;<\/strong> <br \/>\n  &#8211;&nbsp;&nbsp;&nbsp;&nbsp;&nbsp;&nbsp;&nbsp;&nbsp; <strong>bancheri  ;<\/strong> <br \/>\n  &#8211;&nbsp;&nbsp;&nbsp;&nbsp;&nbsp;&nbsp;&nbsp;&nbsp; <strong>\u015f.a.<\/strong> <br \/>\n  <strong>data  , ora \u015fi loca\u0163ia :<\/strong><\/p>\n<ol>\n<li><strong>Mar\u0163i 27.08.2013<\/strong> , orele 18:00 , loca\u0163ie <u>Restaurant  Cataleya<\/u><\/li>\n<\/ol>\n<p align=\"left\">( fost Bucium ,  Calea Flore\u015fti nr. 79 , vis-\u00e0-vis de benzin\u0103ria OMV ) ;<\/p>\n<ol>\n<li><strong>Miercuri 28.08.2013<\/strong> , orele 18:00 , loca\u0163ie <u>Exclusiv  Catering<\/u><\/li>\n<\/ol>\n<p align=\"left6\">( B-dul 21 Decembrie  nr. 128 \u2013 130 , vis-\u00e0-vis de BRD Mar\u0103\u015fti , alee RATUC )<\/p>\n<ol>\n<li><strong>Joi 29.08.2013<\/strong> , orele 18:00 , loca\u0163ie <u>Exclusiv  Catering<\/u><\/li>\n<\/ol>\n<p align=\"left\">( B-dul 21 Decembrie  nr. 128 \u2013 130 , vis-\u00e0-vis de BRD M\u0103r\u0103\u015fti , alee RATUC ) <\/p>\n<p align=\"center\">Pentru o  bun\u0103 organizare am dori s\u0103 ne comunica\u0163i loca\u0163ia pentru care a\u0163i optat .  Confirmarea pe e-mail ( <a href=\"mailto:comercial@carpat.eu\">comercial@carpat.eu<\/a> sau <a href=\"mailto:fapcluj@yahoo.com\">fapcluj@yahoo.com<\/a> ) sau la phone  : 0744-695844 ; 0741-132176 <\/p>\n<p>din partea FAP Cluj\u00a0\u00a0\u00a0\u00a0 \u00a0 din partea SC Contor  Group\u00a0\u00a0\u00a0\u00a0\u00a0\u00a0\u00a0\u00a0\u00a0\u00a0\u00a0\u00a0\u00a0 din partea SC Carpat Instal\u00a0\u00a0\u00a0\u00a0\u00a0 <br \/>\n  <strong>Sorin MUNTEAN\u00a0\u00a0\u00a0\u00a0\u00a0   \u00a0\u00a0\u00a0\u00a0    Anca PAN\u0102 <\/strong> \/<strong>Cristian  V\u0102R\u015eAN\u00a0\u00a0\u00a0\u00a0\u00a0\u00a0\u00a0 \u00a0\u00a0\u00a0\u00a0 Claudiu CICEU \u2013 CUC<\/strong><\/p>\n","protected":false},"excerpt":{"rendered":"<p>Federa\u0163ia Asocia\u0163iilor de Proprietari Cluj \u00eempreun\u0103 cu SC\u00a0 CONTOR\u00a0 GROUP SA\u00a0 Arad\u00a0 \u015fi\u00a0 SC\u00a0 CARPAT\u00a0 INSTAL SRL Cluj Napoca organizeaz\u0103 \u00een zilele de \u00a027 , 28 \u015fi 29 August 2013 MAS\u0102 ROTUND\u0102 \/ P\u0102TRAT\u0102 ( \u00eent\u00e2lnire de tain\u0103 ) cu reprezentan\u0163ii Asocia\u0163ilor de Proprietari din Cluj Napoca \u015fi nu numai Subiectele de discu\u0163ie : mentenan\u0163\u0103 [&hellip;]<\/p>\n","protected":false},"author":3,"featured_media":0,"comment_status":"open","ping_status":"open","sticky":false,"template":"","format":"standard","meta":{"footnotes":""},"categories":[1],"tags":[],"class_list":["post-1978","post","type-post","status-publish","format-standard","hentry","category-noutati"],"_links":{"self":[{"href":"https:\/\/www.habitaturban.ro\/index.php?rest_route=\/wp\/v2\/posts\/1978","targetHints":{"allow":["GET"]}}],"collection":[{"href":"https:\/\/www.habitaturban.ro\/index.php?rest_route=\/wp\/v2\/posts"}],"about":[{"href":"https:\/\/www.habitaturban.ro\/index.php?rest_route=\/wp\/v2\/types\/post"}],"author":[{"embeddable":true,"href":"https:\/\/www.habitaturban.ro\/index.php?rest_route=\/wp\/v2\/users\/3"}],"replies":[{"embeddable":true,"href":"https:\/\/www.habitaturban.ro\/index.php?rest_route=%2Fwp%2Fv2%2Fcomments&post=1978"}],"version-history":[{"count":7,"href":"https:\/\/www.habitaturban.ro\/index.php?rest_route=\/wp\/v2\/posts\/1978\/revisions"}],"predecessor-version":[{"id":1989,"href":"https:\/\/www.habitaturban.ro\/index.php?rest_route=\/wp\/v2\/posts\/1978\/revisions\/1989"}],"wp:attachment":[{"href":"https:\/\/www.habitaturban.ro\/index.php?rest_route=%2Fwp%2Fv2%2Fmedia&parent=1978"}],"wp:term":[{"taxonomy":"category","embeddable":true,"href":"https:\/\/www.habitaturban.ro\/index.php?rest_route=%2Fwp%2Fv2%2Fcategories&post=1978"},{"taxonomy":"post_tag","embeddable":true,"href":"https:\/\/www.habitaturban.ro\/index.php?rest_route=%2Fwp%2Fv2%2Ftags&post=1978"}],"curies":[{"name":"wp","href":"https:\/\/api.w.org\/{rel}","templated":true}]}}