{"id":1985,"date":"2013-08-27T10:40:01","date_gmt":"2013-08-27T08:40:01","guid":{"rendered":"http:\/\/www.habitaturban.ro\/?p=1985"},"modified":"2013-08-28T06:45:21","modified_gmt":"2013-08-28T04:45:21","slug":"comunicat-9","status":"publish","type":"post","link":"https:\/\/www.habitaturban.ro\/?p=1985","title":{"rendered":"COMUNICAT"},"content":{"rendered":"<p><strong>Federa\u0163ia  Asocia\u0163iilor de Proprietari Cluj organizeaz\u0103, \u00een zilele de\u00a0 27, 28 \u015fi 29 August, MASA ROTUND\u0102 cu  reprezentan\u0163ii Asocia\u0163ilor de Proprietari din Cluj Napoca.<\/strong><strong> <\/strong><br \/>\n  <strong><u>Subiectele de discu\u0163ie<\/u><\/strong><strong><u> <\/u><\/strong><\/p>\n<ul type=\"disc\">\n<li>mentenan\u0163\u0103 instala\u0163ii       comune \u015fi private \u015fi mentenan\u0163\u0103 general\u0103       cl\u0103diri ; <\/li>\n<li>modalit\u0103\u0163i de reducere a diferen\u0163elor dintre       consumurile \u00eenregistrate de contoarele de apartament \u015fi cele de la       bran\u015famentele blocurilor;<\/li>\n<li>angajarea for\u0163ei de munc\u0103       la A.P.; <\/li>\n<li>fiscalitate, modific\u0103ri       legislative; <\/li>\n<li>reabilitare termic\u0103; <\/li>\n<li>securitatea proprietarului       \u015fi a propriet\u0103\u0163ii; <\/li>\n<li>animalele de companie; <\/li>\n<li>calitatea \u00een construc\u0163ii; <\/li>\n<li>diverse. <\/li>\n<\/ul>\n<p><strong><u>La aceast\u0103 \u00eent\u00e2lnire vor participa:<\/u><\/strong><strong><u> <\/u><\/strong><\/p>\n<ul type=\"disc\">\n<li>speciali\u015fti \u00een mentenan\u0163a       instala\u0163iilor de tot felul \u015fi a cl\u0103dirilor de la SC Contor Group SA Arad       \u015fi SC Carpat Instal SRL Cluj Napoca;<\/li>\n<li>oamenii legii , i-am numit       aici pe cei de la Poli\u0163ia de Proximitate;<\/li>\n<li>reprezentan\u0163i ai       Federa\u0163iei Asocia\u0163iilor de Proprietari Cluj; <\/li>\n<li>bancheri; <\/li>\n<li>Mihai Mereuta, Presedinte Liga Habitat;<\/li>\n<\/ul>\n<p><strong><u>Data, ora \u015fi loca\u0163ia <\/u><\/strong><\/p>\n<ol start=\"1\" type=\"1\">\n<li>Mar\u0163i 27.08.2013, orele 18:00,       loca\u0163ie Restaurant Cataleya (fost Bucium, Calea Flore\u015fti nr. 79,       vis-\u00e0-vis de benzin\u0103ria OMV);<\/li>\n<li>Miercuri 28.08.2013, orele       18:00, loca\u0163ie Exclusiv Catering (B-dul 21 Decembrie nr. 128 \u2013 130       , vis-\u00e0-vis de BRD Mar\u0103\u015fti, alee RATUC)<\/li>\n<li>Joi 29.08.2013, orele 18:00 , loca\u0163ie Exclusiv       Catering (B-dul 21 Decembrie nr. 128 \u2013 130, vis-\u00e0-vis de BRD M\u0103r\u0103\u015fti, alee       RATUC)<\/li>\n<\/ol>\n","protected":false},"excerpt":{"rendered":"<p>Federa\u0163ia Asocia\u0163iilor de Proprietari Cluj organizeaz\u0103, \u00een zilele de\u00a0 27, 28 \u015fi 29 August, MASA ROTUND\u0102 cu reprezentan\u0163ii Asocia\u0163ilor de Proprietari din Cluj Napoca. Subiectele de discu\u0163ie mentenan\u0163\u0103 instala\u0163ii comune \u015fi private \u015fi mentenan\u0163\u0103 general\u0103 cl\u0103diri ; modalit\u0103\u0163i de reducere a diferen\u0163elor dintre consumurile \u00eenregistrate de contoarele de apartament \u015fi cele de la bran\u015famentele blocurilor; [&hellip;]<\/p>\n","protected":false},"author":3,"featured_media":0,"comment_status":"open","ping_status":"open","sticky":false,"template":"","format":"standard","meta":{"footnotes":""},"categories":[1],"tags":[],"class_list":["post-1985","post","type-post","status-publish","format-standard","hentry","category-noutati"],"_links":{"self":[{"href":"https:\/\/www.habitaturban.ro\/index.php?rest_route=\/wp\/v2\/posts\/1985","targetHints":{"allow":["GET"]}}],"collection":[{"href":"https:\/\/www.habitaturban.ro\/index.php?rest_route=\/wp\/v2\/posts"}],"about":[{"href":"https:\/\/www.habitaturban.ro\/index.php?rest_route=\/wp\/v2\/types\/post"}],"author":[{"embeddable":true,"href":"https:\/\/www.habitaturban.ro\/index.php?rest_route=\/wp\/v2\/users\/3"}],"replies":[{"embeddable":true,"href":"https:\/\/www.habitaturban.ro\/index.php?rest_route=%2Fwp%2Fv2%2Fcomments&post=1985"}],"version-history":[{"count":1,"href":"https:\/\/www.habitaturban.ro\/index.php?rest_route=\/wp\/v2\/posts\/1985\/revisions"}],"predecessor-version":[{"id":1986,"href":"https:\/\/www.habitaturban.ro\/index.php?rest_route=\/wp\/v2\/posts\/1985\/revisions\/1986"}],"wp:attachment":[{"href":"https:\/\/www.habitaturban.ro\/index.php?rest_route=%2Fwp%2Fv2%2Fmedia&parent=1985"}],"wp:term":[{"taxonomy":"category","embeddable":true,"href":"https:\/\/www.habitaturban.ro\/index.php?rest_route=%2Fwp%2Fv2%2Fcategories&post=1985"},{"taxonomy":"post_tag","embeddable":true,"href":"https:\/\/www.habitaturban.ro\/index.php?rest_route=%2Fwp%2Fv2%2Ftags&post=1985"}],"curies":[{"name":"wp","href":"https:\/\/api.w.org\/{rel}","templated":true}]}}