{"id":2147,"date":"2014-03-24T20:10:27","date_gmt":"2014-03-24T18:10:27","guid":{"rendered":"http:\/\/www.habitaturban.ro\/?p=2147"},"modified":"2014-03-24T20:10:27","modified_gmt":"2014-03-24T18:10:27","slug":"invitatie-conferinta-programe-europene-pentru-reabilitarea-termica-a-cladirilor-de-locuit-politici-europene-legate-de-dreptul-la-locuinta","status":"publish","type":"post","link":"https:\/\/www.habitaturban.ro\/?p=2147","title":{"rendered":"INVITATIE CONFERINTA: PROGRAME EUROPENE PENTRU REABILITAREA TERMICA A CLADIRILOR DE LOCUIT \/ POLITICI EUROPENE LEGATE DE DREPTUL LA LOCUINTA"},"content":{"rendered":"<p>Av\u00e2nd \u00een vedere  c\u0103, pe data de 25 mai a.c., rom\u00e2nii vor fi chema\u0163i la urne \u00een vederea alegerilor  pentru Parlamentul European, miercuri, <strong><u>26.03.2014<\/u><\/strong>,  ora 11.00, la Sala de Conferinte de la RADET Ilioara (etaj 3, str. Strada  Ilioara nr. 16 \u2013 fosta Scoala de soferi, Sectorului 3 Bucuresti), are loc  Conferinta cu tema: <strong>PROGRAME EUROPENE PENTRU REABILITAREA TERMICA A CLADIRILOR DE LOCUIT \/ POLITICI  EUROPENE LEGATE DE DREPTUL LA LOCUINTA! <\/strong><br \/>\n  Vom dezbate subiecte de interes pentru membrii si reprezentantii asociatiilor  de proprietari, conexe temei mai generale a alegerilor pentru Parlamentul  European, cu aportul unor specialisti direct implicate \u00een problematica locuitului  \/ locuintelor, precum si candidati la Parlamentul European.<br \/>\n  <span style=\"text-decoration:underline\"><strong><u>Dorim s\u0103 abord\u0103m aceast\u0103 tema dintr-o perspectiv\u0103 nepolitizat\u0103 \u0219i c\u00e2t mai  obiectiv\u0103!<\/u><\/strong><\/span><\/p>\n<p><strong><u>Dezbaterile\u00a0  vor viza:<\/u><\/strong><\/p>\n<ul>\n<li><strong><em>Dezvoltare regionala \/&nbsp;Programul Operational Regional&nbsp;\/ Axa Prioritara 1 &#8211;&nbsp;<\/em><\/strong><em>Sprijinirea dezvoltarii  durabile a oraselor \u2013 poli urbani de crestere&rdquo; \/ <strong>Domeniul major de interven\u0163ie 1.2. \u2013  Sprijinirea investi\u0163iilor \u00een eficien\u0163a energetic\u0103 a blocurilor de locuinte<\/strong><\/em><\/li>\n<li><em>Directivele europene pentru cl\u0103diri;<\/em><\/li>\n<li><em>Dreptul la locuinta si la locuire la un cost  suportabil;<\/em><\/li>\n<li><em>Cadrul de desf\u0103\u015furare a alegerilor\/ implicarea europarlamentarilor rom\u00e2ni  \u00een activitatea Parlamentului European \/ stimularea implicarii \u0219i participarii cetatenilor  \u00a0la nivel european;<\/em><\/li>\n<li><em>Propuneri de modificare a legislatiei;<\/em><\/li>\n<\/ul>\n<p><strong><u>Invitati:<\/u><\/strong><\/p>\n<ul>\n<li><em>Reprezentanti ai asociatiilor de proprietari din  Bucuresti;<\/em><\/li>\n<li><em>Candidati la Parlamentul  European;<\/em><\/li>\n<li><em>Reprezentati ai MDRAP\/ POR;<\/em><\/li>\n<li><em>Specialisti in domeniu;<\/em><\/li>\n<\/ul>\n","protected":false},"excerpt":{"rendered":"<p>Av\u00e2nd \u00een vedere c\u0103, pe data de 25 mai a.c., rom\u00e2nii vor fi chema\u0163i la urne \u00een vederea alegerilor pentru Parlamentul European, miercuri, 26.03.2014, ora 11.00, la Sala de Conferinte de la RADET Ilioara (etaj 3, str. Strada Ilioara nr. 16 \u2013 fosta Scoala de soferi, Sectorului 3 Bucuresti), are loc Conferinta cu tema: PROGRAME [&hellip;]<\/p>\n","protected":false},"author":3,"featured_media":0,"comment_status":"open","ping_status":"open","sticky":false,"template":"","format":"standard","meta":{"footnotes":""},"categories":[1],"tags":[],"class_list":["post-2147","post","type-post","status-publish","format-standard","hentry","category-noutati"],"_links":{"self":[{"href":"https:\/\/www.habitaturban.ro\/index.php?rest_route=\/wp\/v2\/posts\/2147","targetHints":{"allow":["GET"]}}],"collection":[{"href":"https:\/\/www.habitaturban.ro\/index.php?rest_route=\/wp\/v2\/posts"}],"about":[{"href":"https:\/\/www.habitaturban.ro\/index.php?rest_route=\/wp\/v2\/types\/post"}],"author":[{"embeddable":true,"href":"https:\/\/www.habitaturban.ro\/index.php?rest_route=\/wp\/v2\/users\/3"}],"replies":[{"embeddable":true,"href":"https:\/\/www.habitaturban.ro\/index.php?rest_route=%2Fwp%2Fv2%2Fcomments&post=2147"}],"version-history":[{"count":1,"href":"https:\/\/www.habitaturban.ro\/index.php?rest_route=\/wp\/v2\/posts\/2147\/revisions"}],"predecessor-version":[{"id":2148,"href":"https:\/\/www.habitaturban.ro\/index.php?rest_route=\/wp\/v2\/posts\/2147\/revisions\/2148"}],"wp:attachment":[{"href":"https:\/\/www.habitaturban.ro\/index.php?rest_route=%2Fwp%2Fv2%2Fmedia&parent=2147"}],"wp:term":[{"taxonomy":"category","embeddable":true,"href":"https:\/\/www.habitaturban.ro\/index.php?rest_route=%2Fwp%2Fv2%2Fcategories&post=2147"},{"taxonomy":"post_tag","embeddable":true,"href":"https:\/\/www.habitaturban.ro\/index.php?rest_route=%2Fwp%2Fv2%2Ftags&post=2147"}],"curies":[{"name":"wp","href":"https:\/\/api.w.org\/{rel}","templated":true}]}}