{"id":2156,"date":"2014-04-14T11:29:08","date_gmt":"2014-04-14T09:29:08","guid":{"rendered":"http:\/\/www.habitaturban.ro\/?p=2156"},"modified":"2014-04-14T12:30:37","modified_gmt":"2014-04-14T10:30:37","slug":"invitatie-conferinta-finala-%c8%8bnaintea-alegerilor-pentru-parlamentul-european","status":"publish","type":"post","link":"https:\/\/www.habitaturban.ro\/?p=2156","title":{"rendered":"INVITA\u0162IE: CONFERIN\u0162A FINAL\u0102 \u020aNAINTEA ALEGERILOR PENTRU PARLAMENTUL EUROPEAN!"},"content":{"rendered":"<p>Av\u00e2nd \u00een vedere  c\u0103, pe data de 25 mai a.c., rom\u00e2nii vor fi chema\u0163i la urne \u00een vederea alegerilor  pentru Parlamentul European, miercuri, <strong><u>14.05.2014<\/u><\/strong>,  ora 09.00, la <strong>HOTEL IBIS NORD, SALA ENESCU<\/strong> (<strong>Calea  Grivitei nr.143, sector 1, Bucuresti<\/strong><strong>, <\/strong>in proximitatea Garii de  Nord), are loc Conferinta cu tema: <strong>PROGRAME EUROPENE PENTRU  LOCUINTE \/ POLITICI EUROPENE LEGATE DE DREPTUL LA LOCUINTA! <\/strong><br \/>\n  Vom dezbate subiecte de interes pentru membrii si reprezentantii asociatiilor  de proprietari, conexe temei mai generale a alegerilor pentru Parlamentul  European, cu aportul unor specialisti direct implicate \u00een problematica locuitului  \/ locuintelor, precum si candidati la Parlamentul European.<br \/>\n  <strong><u>Dorim s\u0103 abord\u0103m aceast\u0103 tema dintr-o perspectiv\u0103 nepolitizat\u0103 \u0219i c\u00e2t mai  obiectiv\u0103!<\/u><\/strong><\/p>\n<p><strong><u>Dezbaterile\u00a0  vor viza:<\/u><\/strong><\/p>\n<ul>\n<li><em>Cadrul de desf\u0103\u015furare a alegerilor \/ implicarea europarlamentarilor rom\u00e2ni  \u00een activitatea Parlamentului European \/ stimularea implicarii \u0219i participarii  cetatenilor\u00a0 la nivel european;<\/em><\/li>\n<li><em>Directivele europene pentru cl\u0103diri;<\/em><\/li>\n<li><em>Dreptul la locuinta si la locuire la un cost  suportabil;<\/em><\/li>\n<li><em>Dezvoltare regionala \/&nbsp;Programul Operational Regional&nbsp;\/ Axa Prioritara 1 &#8211;&nbsp;Sprijinirea dezvoltarii durabile a oraselor \u2013 poli urbani  de crestere&rdquo; \/ Domeniul major de interven\u0163ie  1.2. \u2013 Sprijinirea investi\u0163iilor \u00een eficien\u0163a energetic\u0103 a blocurilor de  locuinte<\/em><\/li>\n<li><em>Propuneri de modificare a legislatiei;<\/em><\/li>\n<\/ul>\n<p><em><u>Invitati:<\/u><\/em><\/p>\n<ul>\n<li><em>Reprezentanti ai asociatiilor de proprietari din  Bucuresti;<\/em><\/li>\n<li><em>Candidati la Parlamentul  European;<\/em><\/li>\n<li><em>Reprezentanti ai: Ministerului Dezvoltarii Regionale si Administratiei Publice, BPIE- Institutul European pentru Performan\u0163a  Cl\u0103dirilor, Programul Opera\u0163ional Regional &#8211; Autoritatea de Management POR (AM POR), Agentia pentru Dezvoltare Regionala  Bucuresti-Ilfov, <\/em><\/li>\n<li><em>Reprezentanta Comisiei Europene in Romania; Biroul de Informare al Parlamentului European \u00een Rom\u00e2nia<\/em><\/li>\n<li><em>Reprezentanti ai Autoritatilor Nationale, ai Autoritatilor Locale; <\/em><\/li>\n<li><em>Specialisti in domeniu;<\/em><\/li>\n<\/ul>\n<p><strong><u>Va rugam sa delegati un reprezentant la aceasta intalnire!<\/u><\/strong><br \/>\n  Sprijinul dumneavoastra, participarea specialistilor delegati sunt  factori ce contribuie la ceea ce noi consider\u0103m c\u0103 sunt programe de succes.<br \/>\n  Informarea corecta si de calitate a reprezentantilor asociatiilor de  proprietari cu privire la drepturile si obligatiile acestora este benefica  tuturor partilor implicate!<br \/>\n  Multumindu-va anticipat pentru  PARTICIPARE, va rog sa primiti, asigurarea deplinei mele consideratii.<br \/>\n<strong>Cu deosebit respect,<\/strong><\/p>\n<p align=\"center\">\n      <strong>PRESEDINTE<\/strong><br \/>\n      <strong>Mihai MEREUTA<\/strong><\/p>\n<p align=\"center\">&nbsp;<\/p>\n<h2><strong>AGENDA EVENIMENTULUI<\/strong><\/h2>\n<table border=\"1\" cellspacing=\"0\" cellpadding=\"2\">\n<tr>\n<td  colspan=\"2\" valign=\"top\">\n<p><strong>MIERCURI, 14 MAI 2014, <\/strong><br \/>\n          <strong>SALA DE CONFERINTE ENESCU <\/strong><br \/>\n        <strong>A HOTELULUI IBIS GARA DE NORD <\/strong><\/p>\n<\/td>\n<\/tr>\n<tr>\n<td width=\"90\" valign=\"top\">\n<p>08:30 \u2013 09:15<\/p>\n<\/td>\n<td width=\"505\" valign=\"top\">\n<p>Primirea si \u00eenregistrarea participantilor<\/p>\n<\/td>\n<\/tr>\n<tr>\n<td width=\"80\" valign=\"top\">\n<p>09:15 \u2013 09:30<\/p>\n<\/td>\n<td width=\"505\" valign=\"top\">\n<p>Cuv\u00e2nt introductiv, prezentarea    invita\u0163ilor, lansarea Conferintei<br \/>\n          Mihai MEREUTA \u2013    Presedinte Liga Asociatiilor de Proprietari Habitat\n        <\/p>\n<\/td>\n<\/tr>\n<tr>\n<td width=\"90\" valign=\"top\">\n<p>09:30 \u2013 11:00 <\/p>\n<\/td>\n<td width=\"505\" valign=\"top\">\n<p><em>Prezentari<\/em><\/p>\n<ul>\n<li><em>Parlamentari \/ CANDIDATI; <\/em><\/li>\n<li><em>Ministerul Dezvoltarii Regionale si Administratiei Publice,<\/em><\/li>\n<li><em>BPIE &#8211; Institutul European pentru    Performan\u0163a Cl\u0103dirilor;<\/em><\/li>\n<li><em>Patronatul Societatilor din Constructii \u2013 PSC;<\/em><\/li>\n<li><em>Autoritatea    de Management POR (AM POR);<\/em><\/li>\n<li><em>Agentia pentru Dezvoltare Regionala    Bucuresti-Ilfov;<\/em><\/li>\n<li><em>Autoritatea Na\u021bional\u0103 de Reglementare pentru    Serviciile Comunitare de Utilit\u0103\u021bi Publice &#8211; A.N.R.S.C.,<\/em><\/li>\n<li><em>Autoritatea de Reglementare in Domeniul Energiei \u2013    ANRE;<\/em><\/li>\n<li><em>Primaria Municipiului Bucuresti, Primariile de    Sector Bucuresti;<\/em><em><\/em><\/li>\n<\/ul>\n<\/td>\n<\/tr>\n<tr>\n<td width=\"90\" valign=\"top\">\n<p>12:00 \u2013 13:00&nbsp; <\/p>\n<\/td>\n<td width=\"505\" valign=\"top\">\n<p><em>Prezentari ale partenerilor:<\/em><\/p>\n<ul>\n<li><em>Arena Constructiilor<\/em><\/li>\n<li><em>APA NOVA BUCURESTI<\/em><\/li>\n<li><em>DALKIA ROMANIA,<\/em><\/li>\n<li><em>ELSACO,<\/em><\/li>\n<li><em>ISTA,<\/em><\/li>\n<li><em>TECHEM,<\/em><\/li>\n<\/ul>\n<\/td>\n<\/tr>\n<tr>\n<td width=\"90\" valign=\"top\">\n<p>12:00 \u2013 13:00&nbsp;<strong><\/strong><\/p>\n<\/td>\n<td width=\"505\" valign=\"top\">\n<ul>\n<li>Interventii ale membrilor si reprezentantilor    asociatiilor de proprietari; <\/li>\n<li>Intrebari \/ Raspunsuri \/ Concluzii<\/li>\n<\/ul>\n<\/td>\n<\/tr>\n<\/table>\n<p>&nbsp;<\/p>\n","protected":false},"excerpt":{"rendered":"<p>Av\u00e2nd \u00een vedere c\u0103, pe data de 25 mai a.c., rom\u00e2nii vor fi chema\u0163i la urne \u00een vederea alegerilor pentru Parlamentul European, miercuri, 14.05.2014, ora 09.00, la HOTEL IBIS NORD, SALA ENESCU (Calea Grivitei nr.143, sector 1, Bucuresti, in proximitatea Garii de Nord), are loc Conferinta cu tema: PROGRAME EUROPENE PENTRU LOCUINTE \/ POLITICI EUROPENE [&hellip;]<\/p>\n","protected":false},"author":3,"featured_media":0,"comment_status":"open","ping_status":"open","sticky":false,"template":"","format":"standard","meta":{"footnotes":""},"categories":[1],"tags":[],"class_list":["post-2156","post","type-post","status-publish","format-standard","hentry","category-noutati"],"_links":{"self":[{"href":"https:\/\/www.habitaturban.ro\/index.php?rest_route=\/wp\/v2\/posts\/2156","targetHints":{"allow":["GET"]}}],"collection":[{"href":"https:\/\/www.habitaturban.ro\/index.php?rest_route=\/wp\/v2\/posts"}],"about":[{"href":"https:\/\/www.habitaturban.ro\/index.php?rest_route=\/wp\/v2\/types\/post"}],"author":[{"embeddable":true,"href":"https:\/\/www.habitaturban.ro\/index.php?rest_route=\/wp\/v2\/users\/3"}],"replies":[{"embeddable":true,"href":"https:\/\/www.habitaturban.ro\/index.php?rest_route=%2Fwp%2Fv2%2Fcomments&post=2156"}],"version-history":[{"count":3,"href":"https:\/\/www.habitaturban.ro\/index.php?rest_route=\/wp\/v2\/posts\/2156\/revisions"}],"predecessor-version":[{"id":2159,"href":"https:\/\/www.habitaturban.ro\/index.php?rest_route=\/wp\/v2\/posts\/2156\/revisions\/2159"}],"wp:attachment":[{"href":"https:\/\/www.habitaturban.ro\/index.php?rest_route=%2Fwp%2Fv2%2Fmedia&parent=2156"}],"wp:term":[{"taxonomy":"category","embeddable":true,"href":"https:\/\/www.habitaturban.ro\/index.php?rest_route=%2Fwp%2Fv2%2Fcategories&post=2156"},{"taxonomy":"post_tag","embeddable":true,"href":"https:\/\/www.habitaturban.ro\/index.php?rest_route=%2Fwp%2Fv2%2Ftags&post=2156"}],"curies":[{"name":"wp","href":"https:\/\/api.w.org\/{rel}","templated":true}]}}