{"id":2198,"date":"2014-09-01T11:54:19","date_gmt":"2014-09-01T09:54:19","guid":{"rendered":"http:\/\/www.habitaturban.ro\/?p=2198"},"modified":"2014-09-01T11:55:34","modified_gmt":"2014-09-01T09:55:34","slug":"invitatie-conferinta-reabilitarea-fondului-locativ-%e2%80%93-prezent-si-perspective","status":"publish","type":"post","link":"https:\/\/www.habitaturban.ro\/?p=2198","title":{"rendered":"INVITA\u0162IE CONFERIN\u0162A REABILITAREA FONDULUI LOCATIV \u2013 PREZENT SI PERSPECTIVE!"},"content":{"rendered":"<p>Joi, <strong><u>04.09.2014<\/u><\/strong>,  ora 08.30, la <strong>HOTEL IBIS NORD, SALA ENESCU<\/strong> (<strong>Calea  Grivitei nr.143, sector 1, Bucuresti<\/strong><strong>, <\/strong>in proximitatea Garii de  Nord), are loc Conferinta cu tema: <strong><u>REABILITAREA FONDULUI LOCATIV \u2013 PREZENT SI  PERSPECTIVE<\/u><\/strong><strong>! <\/strong><br \/>\n  Vom dezbate  subiecte de interes pentru membrii si reprezentantii asociatiilor de  proprietari, conexe temei mai generale a reabilitarii fondului locativ<strong><u>!<\/u><\/strong><br \/>\n  <strong><u>Dezbaterile\u00a0  vor viza:<\/u><\/strong><\/p>\n<ul>\n<li><em>Programul national privind cresterea performantei energetice la blocurile  de locuinte<\/em><\/li>\n<li><em>Programul de reabilitarea termica a cladirilor de locuit cu finantare  prin credite bancare cu garantie guvernamentala<\/em><\/li>\n<li><em>Proiectul &#8221;Imbunatatirea eficientei energetice in gospodariile si  comunitatile cu venituri reduse din Romania&#8221;<\/em><\/li>\n<li><em>Programe de reabilitare termica cu finantare din Programul  Operational Regional 2007-2013 \/ 2014-2020 &#8211;  Dezvoltare regionala \/&nbsp;Programul Operational Regional&nbsp;\/ Axa Prioritara 1 &#8211;&nbsp;Sprijinirea dezvoltarii durabile a oraselor \u2013 poli urbani  de crestere&rdquo; \/ <strong>Domeniul major de interven\u0163ie  1.2. \u2013 Sprijinirea investi\u0163iilor \u00een eficien\u0163a energetic\u0103 a blocurilor de  locuinte<\/strong><\/em><\/li>\n<li><em>Programul de consolidare a cladirilor cu bulina rosie;<\/em><\/li>\n<li><em>Programul de actiuni pe anul 2014 pentru reducerea  riscului seismic;<\/em><\/li>\n<li><em>Programul de interventii in prima urgenta la constructii  vulnerabile;<\/em><\/li>\n<li><strong><em>Nouatati legislative; <\/em><\/strong><em>Prevederile <\/em><em>Legii \u00a0121\/2014 privind eficien\u0163a energetic\u0103,<strong> <\/strong><\/em><\/li>\n<li><em>Obliga\u0163iile  autoritatilor locale:Primariilor de Sector\/ PMB \/ CGMB;<\/em><\/li>\n<li><strong><em>Drepturile si obligatiile proprietarilor \/  asociatiilor de proprietari;<\/em><\/strong><\/li>\n<li><em>Propuneri de modificare a legislatiei;<\/em><\/li>\n<\/ul>\n<p><strong><em><u>Invitati:<\/u><\/em><\/strong><\/p>\n<ul>\n<li><em>Reprezentanti ai asociatiilor de proprietari din Bucuresti;<\/em><\/li>\n<li><em>Reprezentanti ai: <\/em><em>Ministerului Dezvoltarii Regionale si Administratiei Publice, <\/em><em>BPIE- Institutul European pentru Performan\u0163a  Cl\u0103dirilor, Programul Opera\u0163ional Regional &#8211; <strong>Autoritatea de Management POR (AM POR), <\/strong>Agentia pentru Dezvoltare Regionala  Bucuresti-Ilfov, <\/em><\/li>\n<li><em>Reprezentanta  Comisiei Europene in Romania; Biroul de Informare  al Parlamentului European \u00een Rom\u00e2nia<\/em><\/li>\n<li><em>Reprezentanti ai Autoritatilor Locale; <\/em><\/li>\n<li><em>Reprezentanti ai asociatiilor de proprietari din Bucuresti;<\/em><\/li>\n<li><em>Reprezentanti ai Serviciilor pentru Asociatiile de Proprietari din cadrul  Primariilor de Sector; <\/em><\/li>\n<li><em>Reprezentanti ai <\/em><em>APA NOVA BUCURESTI, PREFECTURII  MUNICIPIULUI BUCURESTI, PRIMARIEI GENERALE A MUNICIPIULUI BUCURESTI,  CONSILIULUI GENERAL AL MUNICIPIULUI BUCURESTI. <\/em><\/li>\n<li><em>INVITATI PERMANENTI: RADET BUCURESTI, 3D ROMANIA <\/em><\/li>\n<li><em>Specialisti in domeniu;<\/em><\/li>\n<\/ul>\n<p align=\"center\"><strong>Agenda EVENIMENTULUI<\/strong><\/p>\n<table width=\"100%\" border=\"1\" cellpadding=\"0\" cellspacing=\"0\">\n<tr>\n<td colspan=\"2\" valign=\"top\">\n<p align=\"center\">JOI, 04 SEPTEMBRIE 2014, <br \/>\nSALA DE CONFERINTE ENESCU <br \/>\nHOTEL- IBIS GARA DE NORD &#8211; BUCURESTI <\/p>\n<\/td>\n<\/tr>\n<tr>\n<td width=\"100\" valign=\"top\">\n<p>08:30 \u2013 09:00<\/p>\n<\/td>\n<td valign=\"top\">\n<p>Primirea si \u00eenregistrarea    participantilor<\/p>\n<\/td>\n<\/tr>\n<tr>\n<td width=\"100\" valign=\"top\">\n<p>09:00 \u2013 09:15<\/p>\n<\/td>\n<td valign=\"top\">\n<p>Cuv\u00e2nt introductiv, prezentarea    invita\u0163ilor, lansarea Conferintei<br \/>\n        Mihai MEREUTA \u2013 Presedinte Liga    Asociatiilor de Proprietari Habitat<\/p>\n<ul>\n<li><em>Necesitatea absoluta de cunoastere si recunoastere a    amplorii, extinderii si complexitatii problemelor de locuire din Romania<\/em><\/li>\n<\/ul>\n<\/td>\n<\/tr>\n<tr>\n<td width=\"100\" valign=\"top\">\n<p>09:15 \u2013 12:00 <\/p>\n<\/td>\n<td valign=\"top\">\n<p><em>Prezentari<\/em><\/p>\n<ul>\n<li><em>Programe    coordonate de catre Ministerul Dezvoltarii Regionale si Administratiei    Publice,<\/em><\/li>\n<li><strong><em>Programe    derulate de catre Primaria Municipiului Bucuresti;<\/em><\/strong><\/li>\n<li><strong><em>Actiuni    ale Patronatul Societatilor din Constructii;<\/em><\/strong><\/li>\n<li><strong><em>Programe derulate <\/em><\/strong><em>de    catre primariile de sector;<\/em><\/li>\n<li><em>Termo &#8211; hidroizolarea    teraselor \u2013 Solutia ARCON;<\/em><\/li>\n<\/ul>\n<\/td>\n<\/tr>\n<tr>\n<td width=\"100\" valign=\"top\">\n<p>12:00 \u2013 13:00&nbsp; <\/p>\n<\/td>\n<td valign=\"top\">\n<p>Interventii ale membrilor si reprezentantilor    asociatiilor de proprietari; <\/p>\n<ul>\n<li>Intrebari \/ Raspunsuri \/ Concluzii<\/li>\n<\/ul>\n<\/td>\n<\/tr>\n<\/table>\n<p>&nbsp;<\/p>\n<p>\u00a0<\/p>\n<p>&nbsp;<\/p>\n","protected":false},"excerpt":{"rendered":"<p>Joi, 04.09.2014, ora 08.30, la HOTEL IBIS NORD, SALA ENESCU (Calea Grivitei nr.143, sector 1, Bucuresti, in proximitatea Garii de Nord), are loc Conferinta cu tema: REABILITAREA FONDULUI LOCATIV \u2013 PREZENT SI PERSPECTIVE! Vom dezbate subiecte de interes pentru membrii si reprezentantii asociatiilor de proprietari, conexe temei mai generale a reabilitarii fondului locativ! Dezbaterile\u00a0 vor [&hellip;]<\/p>\n","protected":false},"author":3,"featured_media":0,"comment_status":"open","ping_status":"open","sticky":false,"template":"","format":"standard","meta":{"footnotes":""},"categories":[1],"tags":[],"class_list":["post-2198","post","type-post","status-publish","format-standard","hentry","category-noutati"],"_links":{"self":[{"href":"https:\/\/www.habitaturban.ro\/index.php?rest_route=\/wp\/v2\/posts\/2198","targetHints":{"allow":["GET"]}}],"collection":[{"href":"https:\/\/www.habitaturban.ro\/index.php?rest_route=\/wp\/v2\/posts"}],"about":[{"href":"https:\/\/www.habitaturban.ro\/index.php?rest_route=\/wp\/v2\/types\/post"}],"author":[{"embeddable":true,"href":"https:\/\/www.habitaturban.ro\/index.php?rest_route=\/wp\/v2\/users\/3"}],"replies":[{"embeddable":true,"href":"https:\/\/www.habitaturban.ro\/index.php?rest_route=%2Fwp%2Fv2%2Fcomments&post=2198"}],"version-history":[{"count":3,"href":"https:\/\/www.habitaturban.ro\/index.php?rest_route=\/wp\/v2\/posts\/2198\/revisions"}],"predecessor-version":[{"id":2201,"href":"https:\/\/www.habitaturban.ro\/index.php?rest_route=\/wp\/v2\/posts\/2198\/revisions\/2201"}],"wp:attachment":[{"href":"https:\/\/www.habitaturban.ro\/index.php?rest_route=%2Fwp%2Fv2%2Fmedia&parent=2198"}],"wp:term":[{"taxonomy":"category","embeddable":true,"href":"https:\/\/www.habitaturban.ro\/index.php?rest_route=%2Fwp%2Fv2%2Fcategories&post=2198"},{"taxonomy":"post_tag","embeddable":true,"href":"https:\/\/www.habitaturban.ro\/index.php?rest_route=%2Fwp%2Fv2%2Ftags&post=2198"}],"curies":[{"name":"wp","href":"https:\/\/api.w.org\/{rel}","templated":true}]}}