{"id":2276,"date":"2015-03-30T13:44:44","date_gmt":"2015-03-30T11:44:44","guid":{"rendered":"http:\/\/www.habitaturban.ro\/?p=2276"},"modified":"2015-03-30T13:44:44","modified_gmt":"2015-03-30T11:44:44","slug":"invitatie-conferinta-aplicarea-legii-34-2015-pentru-completarea-art-36-din-legea-230-2007-privind-infiintarea-organizarea-si-functionarea-asociatiilor-de-proprietari","status":"publish","type":"post","link":"https:\/\/www.habitaturban.ro\/?p=2276","title":{"rendered":"INVITATIE CONFERINTA: Aplicarea legii 34 2015 pentru completarea art. 36 din legea 230 2007 privind \u00eenfiin\u0163area, organizarea \u015fi func\u0163ionarea asocia\u0163iilor de proprietari!"},"content":{"rendered":"<p><strong>Stimata doamna, \/ Stimate domnule,<\/strong><br \/>\n  In  cadrul seminariilor complet gratuite adresate membrilor si reprezentantilor  asociatiilor de proprietari, miercuri, <strong><u>01.04.2015<\/u><\/strong>, ora 11.00, la  Sala de Conferinte de la RADET Ilioara (etaj 3, str. Strada Ilioara nr. 16 \u2013  fosta Scoala de soferi, Sectorului 3 Bucuresti), are loc Conferinta cu tema: <strong>APLICAREA <\/strong><strong>LEGII 34 2015 PENTRU  COMPLETAREA ART. 36 DIN LEGEA 230 2007 PRIVIND \u00ceNFIIN\u0162AREA, ORGANIZAREA \u015eI  FUNC\u0162IONAREA ASOCIA\u0162IILOR DE PROPRIETARI<\/strong><strong>!<\/strong><strong> <\/strong><br \/>\n  <strong><u>Dezbaterile\u00a0 vor viza:<\/u><\/strong><\/p>\n<ul>\n<li><em>Obligatiile\/ Drepturile proprietarilor, membrilor si reprezentantilor  asociatiilor de proprietari <\/em><em>cu privire la <\/em><strong><em>organizarea si functionarea in conditiile Legii 230 2007;<\/em><\/strong><strong><\/strong><\/li>\n<li><em>Propuneri de modificare a legislatiei;<\/em><\/li>\n<\/ul>\n<p><strong><u>Invitati:<\/u><\/strong><\/p>\n<ul>\n<li><em>Reprezentanti ai asociatiilor de proprietari din  Bucuresti;<\/em><\/li>\n<li><em>Reprezentanti ai Serviciilor pentru Asociatiile  de Proprietari din cadrul Primariilor de Sector; <\/em><\/li>\n<li><em>Reprezentanti  ai PREFECTURII MUNICIPIULUI  BUCURESTI, PRIMARIEI GENERALE A MUNICIPIULUI BUCURESTI, CONSILIULUI GENERAL AL  MUNICIPIULUI BUCURESTI, <\/em><\/li>\n<li><em>Specialisti in domeniu;<\/em><\/li>\n<\/ul>\n<p><strong>NUM\u0102R  LIMITAT DE LOCURI! V\u0102 RUG\u0102M S\u0102 CONFIRMA\u0162I PARTICIPAREA LA 0726.373.000, 0743.627.705, 021.341.30.62, <\/strong><a href=\"mailto:tatiana.musteata@habitaturban.ro\"><strong>tatiana.musteata@habitaturban.ro<\/strong><\/a><strong>;<\/strong><\/p>\n<p>&nbsp;<\/p>\n<p align=\"center\"><strong>AGENDA EVENIMENTULUI <\/strong><\/p>\n<table width=\"100%\" border=\"1\" cellpadding=\"0\" cellspacing=\"0\">\n<tr>\n<td colspan=\"2\" valign=\"top\">\n<p align=\"center\"><strong>MIERCURI, 01 APRILIE 2015, <\/strong><br \/>\n      <strong>SALA DE CONFERINTE DE LA RADET    ILIOARA <\/strong><strong> <\/strong><\/p>\n<\/td>\n<\/tr>\n<tr>\n<td width=\"100\" valign=\"top\">\n<p>10:30 \u2013 11:00<\/p>\n<\/td>\n<td valign=\"top\">\n<p>Primirea si \u00eenregistrarea    participantilor<\/p>\n<\/td>\n<\/tr>\n<tr>\n<td width=\"100\" valign=\"top\">\n<p>11:00 \u2013 11:15<\/p>\n<\/td>\n<td valign=\"top\">\n<p>Cuv\u00e2nt introductiv, prezentarea    invita\u0163ilor, lansarea Conferintei<br \/>\n    Mihai MEREU\u0162\u0102 \u2013 Presedinte Liga    Asociatiilor de Proprietari Habitat<\/p>\n<\/td>\n<\/tr>\n<tr>\n<td width=\"100\" valign=\"top\">\n<p>11:15 \u2013 12:00 <\/p>\n<\/td>\n<td valign=\"top\">\n<p><em>Prezentari<\/em><\/p>\n<ul>\n<li><em>INTERVENTII ALE <\/em><em>REPREZENTANTILOR SERVICIILOR PENTRU ASOCIATIILE DE    PROPRIETARI DIN CADRUL PRIMARIILOR DE SECTOR; <\/em><\/li>\n<li><em>GHEORGHE STANESCU <\/em><\/li>\n<li><em>GABRIELA BRATU <\/em><\/li>\n<li><em>DAN RUJAN<\/em><\/li>\n<\/ul>\n<\/td>\n<\/tr>\n<tr>\n<td width=\"100\" valign=\"top\">\n<p>12:00 \u2013    13:00&nbsp; <\/p>\n<\/td>\n<td valign=\"top\">\n<ul>\n<li>Interventii ale membrilor si reprezentantilor    asociatiilor de proprietari; <\/li>\n<li>Intrebari \/ Raspunsuri \/ Concluzii<\/li>\n<\/ul>\n<p>&nbsp;<\/p>\n<\/td>\n<\/tr>\n<\/table>\n<p>&nbsp;<\/p>\n","protected":false},"excerpt":{"rendered":"<p>Stimata doamna, \/ Stimate domnule, In cadrul seminariilor complet gratuite adresate membrilor si reprezentantilor asociatiilor de proprietari, miercuri, 01.04.2015, ora 11.00, la Sala de Conferinte de la RADET Ilioara (etaj 3, str. Strada Ilioara nr. 16 \u2013 fosta Scoala de soferi, Sectorului 3 Bucuresti), are loc Conferinta cu tema: APLICAREA LEGII 34 2015 PENTRU COMPLETAREA [&hellip;]<\/p>\n","protected":false},"author":3,"featured_media":0,"comment_status":"open","ping_status":"open","sticky":false,"template":"","format":"standard","meta":{"footnotes":""},"categories":[1],"tags":[],"class_list":["post-2276","post","type-post","status-publish","format-standard","hentry","category-noutati"],"_links":{"self":[{"href":"https:\/\/www.habitaturban.ro\/index.php?rest_route=\/wp\/v2\/posts\/2276","targetHints":{"allow":["GET"]}}],"collection":[{"href":"https:\/\/www.habitaturban.ro\/index.php?rest_route=\/wp\/v2\/posts"}],"about":[{"href":"https:\/\/www.habitaturban.ro\/index.php?rest_route=\/wp\/v2\/types\/post"}],"author":[{"embeddable":true,"href":"https:\/\/www.habitaturban.ro\/index.php?rest_route=\/wp\/v2\/users\/3"}],"replies":[{"embeddable":true,"href":"https:\/\/www.habitaturban.ro\/index.php?rest_route=%2Fwp%2Fv2%2Fcomments&post=2276"}],"version-history":[{"count":1,"href":"https:\/\/www.habitaturban.ro\/index.php?rest_route=\/wp\/v2\/posts\/2276\/revisions"}],"predecessor-version":[{"id":2277,"href":"https:\/\/www.habitaturban.ro\/index.php?rest_route=\/wp\/v2\/posts\/2276\/revisions\/2277"}],"wp:attachment":[{"href":"https:\/\/www.habitaturban.ro\/index.php?rest_route=%2Fwp%2Fv2%2Fmedia&parent=2276"}],"wp:term":[{"taxonomy":"category","embeddable":true,"href":"https:\/\/www.habitaturban.ro\/index.php?rest_route=%2Fwp%2Fv2%2Fcategories&post=2276"},{"taxonomy":"post_tag","embeddable":true,"href":"https:\/\/www.habitaturban.ro\/index.php?rest_route=%2Fwp%2Fv2%2Ftags&post=2276"}],"curies":[{"name":"wp","href":"https:\/\/api.w.org\/{rel}","templated":true}]}}