{"id":2292,"date":"2015-04-21T17:56:13","date_gmt":"2015-04-21T15:56:13","guid":{"rendered":"http:\/\/www.habitaturban.ro\/?p=2292"},"modified":"2015-04-21T17:56:47","modified_gmt":"2015-04-21T15:56:47","slug":"invitatie-pregatirea-populatiei-pentru-situatii-de-urgenta-prezent-si-perspective","status":"publish","type":"post","link":"https:\/\/www.habitaturban.ro\/?p=2292","title":{"rendered":"INVITA\u0162IE: PREGATIREA POPULATIEI PENTRU SITUATII DE URGENTA PREZENT SI PERSPECTIVE!"},"content":{"rendered":"<p>Marti, <strong><u>28.04.2015<\/u><\/strong>, ora 09.30, la <strong>HOTEL IBIS NORD, SALA ENESCU<\/strong> (<strong>Calea Grivitei nr.143, sector 1, Bucuresti<\/strong><strong>, <\/strong>in proximitatea Garii de Nord), are loc  Conferinta cu tema: <strong><u>PREGATIREA  POPULATIEI PENTRU SITUATII DE URGENTA<\/u><\/strong><strong>! <\/strong><\/p>\n<p><strong><em>Zilnic, \u00een \u00eentreaga  lume, activit\u0103\u0163ile social-economice sunt perturbate de efectele tragice ale  unor fenomene naturale sau provocate de om. Pentru a se reduce efectele  dezastrelor, toate institu\u0163iile, salaria\u0163ii \u015fi popula\u0163ia ne\u00eencadrat\u0103 \u00een munc\u0103  au obliga\u0163ia, prin lege s\u0103 participe la activit\u0103\u0163ile de preg\u0103tire pentru  \u00eensu\u015firea cuno\u015ftin\u0163elor \u015fi formarea deprinderilor necesare protec\u0163iei \u015fi s\u0103  participe efectiv la ac\u0163iuni de interven\u0163ie.<\/em><\/strong><strong><em> \u2013 Site IGSU<\/em><\/strong><\/p>\n<p>Vom dezbate subiecte de interes pentru membrii si reprezentantii asociatiilor  de proprietari, conexe temei mai generale a situatiilor de urgenta<strong><u>!<\/u><\/strong><\/p>\n<p><strong><u>Dezbaterile   vor viza:<\/u><\/strong><\/p>\n<ul>\n<li><em>Relatia asociatiilor de proprietari cu <\/em><strong><em>IGSU, ISU BUCURESTI<\/em><\/strong><\/li>\n<li><em>Con\u015ftientizarea cet\u0103\u0163enilor  privind riscurile la care s-ar putea expune la un anumit moment \u015fi \u00eentr-un  anumit loc, precum \u015fi privind m\u0103surile de protec\u0163ie \u015fi comportamentul pe care  ar trebui s\u0103 le adopte \u00een cazul producerii unei situa\u0163ii de urgen\u0163\u0103;<\/em><\/li>\n<li><em>Educarea  cet\u0103\u0163enilor privind modul de alarmare \u015fi informare permanent\u0103 a lor \u00een cazul  producerii unei situa\u0163ii de urgen\u0163\u0103.<\/em><\/li>\n<li><em>Obliga\u0163iile autoritatilor \u2013 IGSU,  ISU Bucuresti<\/em><\/li>\n<li><em>Obliga\u0163iile autoritatilor locale: Primariilor  de Sector\/ PMB \/ CGMB; Prezentarea rezultatelor obtinute de catre PMB<\/em><\/li>\n<li><strong><em>Drepturile si obligatiile proprietarilor \/ asociatiilor de proprietari;<\/em><\/strong><\/li>\n<li><strong><em>Campania &#8211;<\/em><\/strong><strong><em>nutremurlacutremur.ro<\/em><\/strong><\/li>\n<li><em>Propuneri de modificare a legislatiei;<\/em><\/li>\n<\/ul>\n<p><strong><em><u>Invitati:<\/u><\/em><\/strong><\/p>\n<ul>\n<li><em>Reprezentanti  ai asociatiilor de proprietari din Bucuresti;<\/em><\/li>\n<li><em>Reprezentanti ai: <\/em><em>Ministerului Dezvoltarii Regionale si Administratiei Publice, <\/em><em>IGSU, ISU Bucuresti<\/em><\/li>\n<li><em>Reprezentanti  ai Serviciilor pentru Asociatiile de Proprietari din cadrul Primariilor de  Sector; <\/em><\/li>\n<li><em>Reprezentanti  ai PREFECTURII MUNICIPIULUI  BUCURESTI, PRIMARIEI GENERALE A MUNICIPIULUI BUCURESTI, CONSILIULUI GENERAL AL  MUNICIPIULUI BUCURESTI. <\/em><\/li>\n<li><em>Specialisti  in domeniu;<\/em><\/li>\n<\/ul>\n<p><strong>NUM\u0102R  LIMITAT DE LOCURI! V\u0102 RUG\u0102M S\u0102 CONFIRMA\u0162I PARTICIPAREA LA 0726.373.000, 0743.627.705, 021.341.30.62, <\/strong><a href=\"mailto:tatiana.musteata@habitaturban.ro\"><strong>tatiana.musteata@habitaturban.ro<\/strong><\/a><strong>;<\/strong><\/p>\n<p>&nbsp;<\/p>\n<p align=\"center\"><strong>AGENDA EVENIMENTULUI <\/strong><\/p>\n<table width=\"100%\" border=\"1\" cellpadding=\"3\" cellspacing=\"0\">\n<tr>\n<td colspan=\"2\" valign=\"top\">\n<p align=\"center\"><strong>MARTI, 28    APRILIE 2015, <\/strong><\/p>\n<p><strong>SALA DE    CONFERINTE ENESCU &#8211; HOTEL- IBIS GARA DE NORD &#8211; BUCURESTI<\/strong><\/p>\n<\/td>\n<\/tr>\n<tr>\n<td width=\"100\" valign=\"top\">\n<p>09:30 \u2013 10:00<\/p>\n<\/td>\n<td valign=\"top\">\n<p>Primirea si \u00eenregistrarea    participantilor<\/p>\n<\/td>\n<\/tr>\n<tr>\n<td width=\"100\" valign=\"top\">\n<p>10:00 \u2013 10:15<\/p>\n<\/td>\n<td valign=\"top\">\n<p>Cuv\u00e2nt introductiv, prezentarea    invita\u0163ilor, lansarea Conferintei<\/p>\n<p>Mihai MEREUTA \u2013 Presedinte Liga    Asociatiilor de Proprietari Habitat<\/p>\n<\/td>\n<\/tr>\n<tr>\n<td width=\"100\" valign=\"top\">\n<p>10:15 \u2013 12:30 <\/p>\n<\/td>\n<td valign=\"top\">\n<p><em>&nbsp;<\/em><em>Prezentari<\/em><\/p>\n<ul>\n<li><em>Programe    coordonate de catre Ministerul Dezvoltarii Regionale si Administratiei    Publice,<\/em><\/li>\n<li><em>Programe    coordonate de catre IGSU<\/em><\/li>\n<li><em>Programe    coordonate de catre ISU BUCURESTI &#8211; ILFOV<\/em><\/li>\n<li><em>Rezultate obtinute de    catre Primaria Municipiului Bucuresti<\/em><\/li>\n<li><strong><em>Rezultate    obtinute de catre Primariile de Sector Bucuresti;<\/em><\/strong><\/li>\n<li><strong><em>Punct de    vedere PSC -Patronatul Societatilor din Constructii \u2013 Tiberiu Andrioaei<\/em><\/strong><\/li>\n<\/ul>\n<\/td>\n<\/tr>\n<tr>\n<td width=\"100\" valign=\"top\">\n<p>12:30 \u2013 13:00&nbsp; <\/p>\n<\/td>\n<td valign=\"top\">\n<ul>\n<li>Interventii ale membrilor si reprezentantilor    asociatiilor de proprietari; <\/li>\n<li>Intrebari \/ Raspunsuri \/ Concluzii<\/li>\n<\/ul>\n<\/td>\n<\/tr>\n<\/table>\n<p>&nbsp;<\/p>\n","protected":false},"excerpt":{"rendered":"<p>Marti, 28.04.2015, ora 09.30, la HOTEL IBIS NORD, SALA ENESCU (Calea Grivitei nr.143, sector 1, Bucuresti, in proximitatea Garii de Nord), are loc Conferinta cu tema: PREGATIREA POPULATIEI PENTRU SITUATII DE URGENTA! Zilnic, \u00een \u00eentreaga lume, activit\u0103\u0163ile social-economice sunt perturbate de efectele tragice ale unor fenomene naturale sau provocate de om. Pentru a se reduce [&hellip;]<\/p>\n","protected":false},"author":3,"featured_media":0,"comment_status":"open","ping_status":"open","sticky":false,"template":"","format":"standard","meta":{"footnotes":""},"categories":[1],"tags":[],"class_list":["post-2292","post","type-post","status-publish","format-standard","hentry","category-noutati"],"_links":{"self":[{"href":"https:\/\/www.habitaturban.ro\/index.php?rest_route=\/wp\/v2\/posts\/2292","targetHints":{"allow":["GET"]}}],"collection":[{"href":"https:\/\/www.habitaturban.ro\/index.php?rest_route=\/wp\/v2\/posts"}],"about":[{"href":"https:\/\/www.habitaturban.ro\/index.php?rest_route=\/wp\/v2\/types\/post"}],"author":[{"embeddable":true,"href":"https:\/\/www.habitaturban.ro\/index.php?rest_route=\/wp\/v2\/users\/3"}],"replies":[{"embeddable":true,"href":"https:\/\/www.habitaturban.ro\/index.php?rest_route=%2Fwp%2Fv2%2Fcomments&post=2292"}],"version-history":[{"count":2,"href":"https:\/\/www.habitaturban.ro\/index.php?rest_route=\/wp\/v2\/posts\/2292\/revisions"}],"predecessor-version":[{"id":2294,"href":"https:\/\/www.habitaturban.ro\/index.php?rest_route=\/wp\/v2\/posts\/2292\/revisions\/2294"}],"wp:attachment":[{"href":"https:\/\/www.habitaturban.ro\/index.php?rest_route=%2Fwp%2Fv2%2Fmedia&parent=2292"}],"wp:term":[{"taxonomy":"category","embeddable":true,"href":"https:\/\/www.habitaturban.ro\/index.php?rest_route=%2Fwp%2Fv2%2Fcategories&post=2292"},{"taxonomy":"post_tag","embeddable":true,"href":"https:\/\/www.habitaturban.ro\/index.php?rest_route=%2Fwp%2Fv2%2Ftags&post=2292"}],"curies":[{"name":"wp","href":"https:\/\/api.w.org\/{rel}","templated":true}]}}