{"id":2295,"date":"2015-05-11T19:22:42","date_gmt":"2015-05-11T17:22:42","guid":{"rendered":"http:\/\/www.habitaturban.ro\/?p=2295"},"modified":"2015-05-11T19:22:42","modified_gmt":"2015-05-11T17:22:42","slug":"invitatie-conferinta-proiecte-de-lege-aflate-in-lucru-in-parlament-cu-referire-la-organizarea-si-functionarea-asociatiilor-de-proprietari","status":"publish","type":"post","link":"https:\/\/www.habitaturban.ro\/?p=2295","title":{"rendered":"INVITATIE CONFERINTA: PROIECTE DE LEGE, AFLATE IN LUCRU IN PARLAMENT, CU REFERIRE LA ORGANIZAREA \u015eI FUNC\u0162IONAREA ASOCIA\u0162IILOR DE PROPRIETARI"},"content":{"rendered":"<p><strong>Stimata doamna, \/ Stimate domnule,<\/strong><br \/>\n  In  cadrul seminariilor complet gratuite adresate membrilor si reprezentantilor  asociatiilor de proprietari, miercuri, <strong><u>13.05.2015<\/u><\/strong>, ora 11.00, la  Sala de Conferinte de la RADET Ilioara (etaj 3, str. Strada Ilioara nr. 16 \u2013  fosta Scoala de soferi, Sectorului 3 Bucuresti), are loc Conferinta cu tema: <strong>PROIECTE DE LEGE<\/strong><strong> AFLATE IN  LUCRU IN PARLAMENT CU REFERIRE LA ORGANIZAREA \u015eI FUNC\u0162IONAREA ASOCIA\u0162IILOR DE  PROPRIETARI<\/strong><strong>!<\/strong><strong> <\/strong><br \/>\n  <strong><u>Dezbaterile\u00a0 vor viza:<\/u><\/strong><\/p>\n<ul>\n<li><em>Obligatiile\/ Drepturile proprietarilor, membrilor si reprezentantilor  asociatiilor de proprietari <\/em><em>cu privire la <\/em><strong><em>organizarea si functionarea in conditiile Legii 230 2007;<\/em><\/strong><strong><\/strong><\/li>\n<li><em>Propuneri de modificare a legislatiei;<\/em><\/li>\n<\/ul>\n<p><strong><u>Invitati:<\/u><\/strong><\/p>\n<ul>\n<li><em>Reprezentanti ai asociatiilor de proprietari din  Bucuresti;<\/em><\/li>\n<li><em>Reprezentanti ai Serviciilor pentru Asociatiile  de Proprietari din cadrul Primariilor de Sector; <\/em><\/li>\n<li><em>Reprezentanti  ai PREFECTURII MUNICIPIULUI  BUCURESTI, PRIMARIEI GENERALE A MUNICIPIULUI BUCURESTI, CONSILIULUI GENERAL AL  MUNICIPIULUI BUCURESTI, <\/em><\/li>\n<li><em>Specialisti in domeniu;<\/em><\/li>\n<\/ul>\n<p><strong><u>Va rugam sa delegati un reprezentant  la aceasta intalnire!<\/u><\/strong><br \/>\n  Sprijinul dumneavoastra,  participarea specialistilor delegati sunt factori ce contribuie la ceea ce noi  consider\u0103m c\u0103 sunt programe de succes.<br \/>\n  Informarea corecta si de  calitate a reprezentantilor asociatiilor de proprietari cu privire la  drepturile si obligatiile acestora este benefica tuturor partilor implicate!<br \/>\n  Multumindu-va anticipat pentru  PARTICIPARE, va rog sa primiti, asigurarea deplinei mele consideratii.<br \/>\n  <strong>Cu deosebit respect,<\/strong><\/p>\n<p align=\"center\"><strong>PRESEDINTE<br \/>MIHAI MEREU\u0162\u0102<\/strong><\/p>\n<hr>\n<p align=\"center\"><strong>AGENDA EVENIMENTULUI <\/strong><\/p>\n<table border=\"1\" align=\"center\" cellpadding=\"3\" cellspacing=\"0\">\n<tr>\n<td width=\"657\" colspan=\"2\" valign=\"top\">\n<p align=\"center\"><strong>MIERCURI, 13 MAI 2015, <\/strong><br \/>\n      <strong>SALA DE CONFERINTE DE LA RADET    ILIOARA <\/strong><strong> <\/strong><\/p>\n<\/td>\n<\/tr>\n<tr>\n<td width=\"100\" valign=\"top\">\n<p>10:30 \u2013 11:00<\/p>\n<\/td>\n<td valign=\"top\">\n<p>Primirea si \u00eenregistrarea    participantilor<\/p>\n<\/td>\n<\/tr>\n<tr>\n<td width=\"100\" valign=\"top\">\n<p>11:00 \u2013 11:15<\/p>\n<\/td>\n<td valign=\"top\">\n<p>Cuv\u00e2nt introductiv, prezentarea    invita\u0163ilor, lansarea Conferintei<br \/>\n      Mihai MEREU\u0162\u0102 \u2013 Presedinte Liga    Asociatiilor de Proprietari Habitat<\/p>\n<\/td>\n<\/tr>\n<tr>\n<td width=\"100\" valign=\"top\">\n<p>11:15 \u2013 12:00 <\/p>\n<\/td>\n<td valign=\"top\">\n<p><em>Prezentari<\/em><\/p>\n<ul>\n<li><em>INTERVENTII ALE <\/em><em>REPREZENTANTILOR SERVICIILOR PENTRU ASOCIATIILE DE    PROPRIETARI DIN CADRUL PRIMARIILOR DE SECTOR; <\/em><\/li>\n<li><em>GHEORGHE STANESCU <\/em><\/li>\n<li><em>GABRIELA BRATU <\/em><\/li>\n<\/ul>\n<\/td>\n<\/tr>\n<tr>\n<td width=\"100\" valign=\"top\">\n<p>12:00 \u2013    13:00&nbsp; <\/p>\n<\/td>\n<td valign=\"top\">\n<ul>\n<li>Interventii ale membrilor si reprezentantilor    asociatiilor de proprietari; <\/li>\n<li>Intrebari \/ Raspunsuri \/ Concluzii<\/li>\n<\/ul>\n<\/td>\n<\/tr>\n<\/table>\n<p><br clear=\"all\"><\/p>\n<p align=\"center\">&nbsp;<\/p>\n","protected":false},"excerpt":{"rendered":"<p>Stimata doamna, \/ Stimate domnule, In cadrul seminariilor complet gratuite adresate membrilor si reprezentantilor asociatiilor de proprietari, miercuri, 13.05.2015, ora 11.00, la Sala de Conferinte de la RADET Ilioara (etaj 3, str. Strada Ilioara nr. 16 \u2013 fosta Scoala de soferi, Sectorului 3 Bucuresti), are loc Conferinta cu tema: PROIECTE DE LEGE AFLATE IN LUCRU [&hellip;]<\/p>\n","protected":false},"author":3,"featured_media":0,"comment_status":"open","ping_status":"open","sticky":false,"template":"","format":"standard","meta":{"footnotes":""},"categories":[1],"tags":[],"class_list":["post-2295","post","type-post","status-publish","format-standard","hentry","category-noutati"],"_links":{"self":[{"href":"https:\/\/www.habitaturban.ro\/index.php?rest_route=\/wp\/v2\/posts\/2295","targetHints":{"allow":["GET"]}}],"collection":[{"href":"https:\/\/www.habitaturban.ro\/index.php?rest_route=\/wp\/v2\/posts"}],"about":[{"href":"https:\/\/www.habitaturban.ro\/index.php?rest_route=\/wp\/v2\/types\/post"}],"author":[{"embeddable":true,"href":"https:\/\/www.habitaturban.ro\/index.php?rest_route=\/wp\/v2\/users\/3"}],"replies":[{"embeddable":true,"href":"https:\/\/www.habitaturban.ro\/index.php?rest_route=%2Fwp%2Fv2%2Fcomments&post=2295"}],"version-history":[{"count":1,"href":"https:\/\/www.habitaturban.ro\/index.php?rest_route=\/wp\/v2\/posts\/2295\/revisions"}],"predecessor-version":[{"id":2296,"href":"https:\/\/www.habitaturban.ro\/index.php?rest_route=\/wp\/v2\/posts\/2295\/revisions\/2296"}],"wp:attachment":[{"href":"https:\/\/www.habitaturban.ro\/index.php?rest_route=%2Fwp%2Fv2%2Fmedia&parent=2295"}],"wp:term":[{"taxonomy":"category","embeddable":true,"href":"https:\/\/www.habitaturban.ro\/index.php?rest_route=%2Fwp%2Fv2%2Fcategories&post=2295"},{"taxonomy":"post_tag","embeddable":true,"href":"https:\/\/www.habitaturban.ro\/index.php?rest_route=%2Fwp%2Fv2%2Ftags&post=2295"}],"curies":[{"name":"wp","href":"https:\/\/api.w.org\/{rel}","templated":true}]}}