{"id":2308,"date":"2015-06-03T15:29:47","date_gmt":"2015-06-03T13:29:47","guid":{"rendered":"http:\/\/www.habitaturban.ro\/?p=2308"},"modified":"2015-06-03T15:29:47","modified_gmt":"2015-06-03T13:29:47","slug":"dezbaterea-%e2%80%9ereglementarea-organizarii-si-functionarii-asociatiilor-de-proprietari%e2%80%9d","status":"publish","type":"post","link":"https:\/\/www.habitaturban.ro\/?p=2308","title":{"rendered":"Dezbaterea \u201eReglementarea organiz\u0103rii \u015fi func\u0163ion\u0103rii asocia\u0163iilor de proprietari\u201d"},"content":{"rendered":"<p>Grupul parlamentar al  Partidului Na\u0163ional Liberal, \u00een parteneriat cu Liga Asocia\u0163iilor de Proprietari  Habitat, organizeaza dezbaterea public\u0103 cu tema &bdquo;Reglementarea organiz\u0103rii \u015fi  func\u0163ion\u0103rii asocia\u0163iilor de proprietari&rdquo;, care va avea loc <strong>joi<\/strong>, <strong>4  iunie&nbsp; 2015<\/strong>, \u00eencep\u00e2nd cu ora <strong>11:30<\/strong>, la sala de \u015fedin\u0163e a <strong>Grupului  Parlamentar al PNL<\/strong> din Camera Deputa\u0163ilor (Palatul Parlamentului, intr\u0103rile  Izvor S1 \u015fi S2, etaj 2).<\/p>\n<p>Oportunitatea organiz\u0103rii  acestei dezbateri este dat\u0103 de num\u0103rul mare de propuneri \u015fi proiecte  legislative aflate \u00een diferite stadii de dezbatere \u00een&nbsp; Parlamentul  Rom\u00e2niei, documente care vizeaz\u0103 modificarea Legii nr. 230\/2007 privind  \u00eenfiin\u0163area, organizarea \u015fi func\u0163ionarea asocia\u0163iilor de proprietari. <\/p>\n<p>Aceste propuneri con\u0163in  prevederi referitoare la drepturile \u015fi obliga\u0163iile proprietarilor, ale  pre\u015fedintelui \u015fi administratorului asocia\u0163iei, la cheltuielile asocia\u0163iilor de  proprietari, la eliminarea birocra\u0163iei \u00een \u00eencheierea de contracte \u00eentre  asocia\u0163iile de proprietari \u015fi persoane fizice \u015fi\/sau juridice, la modalitatea  de plat\u0103 \u015fi cuantumul penalit\u0103\u0163ilor pentru sumele cu titlu de restan\u0163\u0103 etc.<\/p>\n<p>Pentru cunoa\u015fterea acestor  propuneri \u015fi pentru identificarea unor solu\u0163ii concrete de modificare a Legii  230\/2007 \u00een contextul respect\u0103rii drepturilor proprietarilor<em>,&nbsp; Partidul  Na\u0163ional Liberal<\/em> \u00een parteneriat cu <em>Liga Habitat<\/em> v\u0103 propun o  dezbatere aplicat\u0103 \u00eentre asocia\u0163iile de proprietari, societatea civil\u0103,  autorit\u0103\u0163ile statului \u015fi factorii politici. <\/p>\n<p>Pentru informatii  suplimentare &#8211; <strong><em>telefon  021.414.22.83, e-mail: <a href=\"mailto:alexandru.dragan@cdep.ro\" target=\"_blank\">alexandru.dragan@cdep.ro<\/a>,  persoan\u0103 de contact \u2013 consilier Alexandru Dr\u0103gan<\/em><\/strong><\/p>\n<p>Men\u0163ion\u0103m c\u0103 accesul \u00een Palatul Parlamentului se va face pe la intr\u0103rile  Izvor S1 \u015fi S2.<\/p>\n<p>&nbsp;<\/p>\n<p align=\"center\"><strong>A<\/strong><strong>G<\/strong><strong>E<\/strong><strong>N<\/strong><strong>D<\/strong><strong>A EVENIMENTULUI<\/strong><\/p>\n<p>&nbsp;<\/p>\n<table width=\"100%\" border=\"0\" cellpadding=\"4\" cellspacing=\"0\">\n<tr>\n<td width=\"657\" colspan=\"2\" valign=\"top\">\n<p align=\"center\"><strong>J<\/strong><strong>OI &#8211; 04 IUNIE    2015<\/strong> <br \/>\n      <strong>Sa<\/strong><strong>la Grupului Parlamentar    al Partidului Na\u0163ional Liberal<\/strong><\/p>\n<\/td>\n<\/tr>\n<tr>\n<td width=\"100\" valign=\"top\">\n<p>&nbsp;<\/p>\n<p><strong>11<\/strong><strong>:<\/strong><strong>0<\/strong><strong>0\u00a0\u2013 <\/strong><strong>11<\/strong><strong>:<\/strong><strong>3<\/strong><strong>0<\/strong><\/p>\n<\/td>\n<td valign=\"top\"><strong><em>Primirea si \u00eenregistrarea participantilor<\/em><\/strong>      <\/p>\n<ul>\n<li><strong><em>telefon 021.414.22.83, e-mail: <\/em><\/strong><a href=\"mailto:alexandru.dragan@cdep.ro\"><strong><em>a<\/em><\/strong><strong><em>l<\/em><\/strong><strong><em>exa<\/em><\/strong><strong><em>ndru.dragan@cdep.ro<\/em><\/strong><\/a><strong><em>, persoan\u0103<\/em><\/strong> <br \/>\n        <strong><em>de contact \u2013 consilier Alexandru Dr\u0103gan<\/em><\/strong> <\/li>\n<li><strong><em>mobil\u00a0\u00a0\u00a0 0726.373.000,\u00a0\u00a0\u00a0\u00a0 e-mail:\u00a0\u00a0\u00a0\u00a0 <\/em><\/strong><a href=\"mailto:tatiana.musteata@habitaturban.ro\"><strong><em>tatiana.musteata@habitaturban.ro<\/em><\/strong><\/a><strong><em>, director    executiv Tatiana    Ecaterina Musteata<\/em><\/strong><\/li>\n<\/ul>\n<\/td>\n<\/tr>\n<tr>\n<td width=\"100\" valign=\"top\">\n<p>&nbsp;<\/p>\n<p><strong>11<\/strong><strong>:<\/strong><strong>3<\/strong><strong>0\u00a0\u2013<\/strong> <strong>11<\/strong><strong>:<\/strong><strong>4<\/strong><strong>5<\/strong><\/p>\n<\/td>\n<td valign=\"top\">\n<p><strong><em>Cuv\u00e2nt introductiv, prezentarea invita\u0163ilor, lansarea Dezbaterii<\/em><\/strong> <br \/>\n        \u25ba\u00a0    \u00a0<strong><em>LUDOVIC ORBAN \u2013 DEPUTAT, LIDER GRUPUL    PARLAMENTAR AL    PARTIDULUI NA\u0162IONAL LIBERAL<\/em><\/strong> <br \/>\n    \u25ba\u00a0 \u00a0<strong><em>M<\/em><\/strong><strong><em>IHAI\u00a0\u00a0\u00a0\u00a0 MEREUTA\u00a0\u00a0\u00a0\u00a0 \u2013\u00a0\u00a0\u00a0\u00a0 PRESEDINTE\u00a0\u00a0\u00a0\u00a0 LIGA\u00a0\u00a0\u00a0\u00a0 ASOCIATIILOR\u00a0\u00a0\u00a0\u00a0 DE PROPRIETARI HABITAT<\/em><\/strong><\/p>\n<\/td>\n<\/tr>\n<tr>\n<td width=\"100\" valign=\"top\">\n<p>&nbsp;<\/p>\n<p><strong>11<\/strong><strong>:<\/strong><strong>4<\/strong><strong>5 \u2013<\/strong>        <strong>14<\/strong><strong>:<\/strong><strong>0<\/strong><strong>0<\/strong><\/p>\n<\/td>\n<td valign=\"top\">\n<p><strong><em>Prezentari<\/em><\/strong> <br \/>\n        \u25ba\u00a0    \u00a0<strong><em>CLAUDIA BOGHICEVICI \u2013DEPUTAT<\/em><\/strong> <br \/>\n        \u25ba\u00a0    \u00a0<strong><em>RAZVAN    MIRONESCU \u2013    DEPUTAT<\/em><\/strong> <br \/>\n        \u25ba\u00a0 \u00a0<strong><em>REPREZENTANT\u00a0\u00a0\u00a0\u00a0 MINISTERUL\u00a0\u00a0\u00a0\u00a0 DEZVOLTARII\u00a0\u00a0\u00a0\u00a0\u00a0 REGIONALE\u00a0\u00a0\u00a0\u00a0\u00a0 SI    ADMINISTRATIEI PUBLICE<\/em><\/strong> <br \/>\n    \u25ba\u00a0    \u00a0<strong><em>REPREZENTANT ANRE<\/em><\/strong><\/p>\n<\/td>\n<\/tr>\n<tr>\n<td width=\"100\" valign=\"top\">\n<p>&nbsp;<\/p>\n<\/td>\n<td valign=\"top\">\n<p>\u25ba\u00a0    \u00a0<strong><em>OLARIU    PETRU \u2013 FEDERATIA ASOCIATIILOR DE    LOCATARI TIMIS<\/em><\/strong> <br \/>\n      \u25ba\u00a0    \u00a0<strong><em>DORINA \u00a0LUPSE    \u00a0\u2013    \u00a0UNIUNEA \u00a0LOCALA    \u00a0A    \u00a0ASOCIATIILOR \u00a0LOCATIVE ARAD<\/em><\/strong> <br \/>\n      \u25ba\u00a0    \u00a0<strong><em>SORIN \u00a0MUNTEAN \u00a0\u2013 \u00a0FEDERATIA \u00a0ASOCIATIILOR \u00a0DE \u00a0PROPRIETARI    CLUJ<\/em><\/strong> <br \/>\n      \u25ba\u00a0    \u00a0<strong><em>GANEA \u00a0FLORICA \u00a0\u2013 \u00a0UNIUNEA \u00a0ASOCIATIILOR \u00a0DE \u00a0PROPRIETARI CONSTANTA<\/em><\/strong> <br \/>\n      \u25ba\u00a0    \u00a0<strong><em>DRAGU\u00a0\u00a0 MARCEL\u00a0\u00a0 \u2013\u00a0\u00a0\u00a0 UNIUNEA\u00a0\u00a0 ASOCIATIILOR\u00a0\u00a0\u00a0 DE\u00a0\u00a0 PROPRIETARI    CONSTANTA<\/em><\/strong> <br \/>\n      \u25ba\u00a0    \u00a0<strong><em>ZLATAN \u00a0PAULIN    \u00a0&#8211;    \u00a0LIGA    \u00a0ASOCIATIILOR    \u00a0DE    \u00a0PROPRIETARI    \u00a0TURNU    MAGURELE<\/em><\/strong> <br \/>\n      \u25ba\u00a0    \u00a0<strong><em>BAICOIANU\u00a0\u00a0\u00a0 SIMONA\u00a0\u00a0\u00a0\u00a0 RODICA\u00a0\u00a0\u00a0 \u2013\u00a0\u00a0\u00a0 ALIANTA\u00a0\u00a0\u00a0 ASOCIATIILOR\u00a0\u00a0\u00a0 DE PROPRIETARI PRAHOVA<\/em><\/strong> <br \/>\n      \u25ba\u00a0    \u00a0<strong><em>CAZANARU LEONIDA    \u2013 UNIUNEA ASOCIATIILOR DE PROPRIETARI    DEVA<\/em><\/strong> <br \/>\n      \u25ba\u00a0    \u00a0<strong><em>BUTNARU PETRICA \u2013 FEDERATIA    ASOCIATIILOR DE PROPRIETARI    BOTOSANI<\/em><\/strong> <br \/>\n      \u25ba\u00a0    \u00a0<strong><em>BALAN\u00a0\u00a0 IOAN\u00a0\u00a0\u00a0 \u2013\u00a0\u00a0\u00a0 UNIUNEA\u00a0\u00a0\u00a0 MUNICIPALA\u00a0\u00a0\u00a0 A\u00a0\u00a0\u00a0 ASOCIATIILOR\u00a0\u00a0\u00a0 DE    LOCATARI SI PROPRIETARI RESITA<\/em><\/strong> <br \/>\n      \u25ba\u00a0    \u00a0<strong><em>PREDA ILIE \u2013 UNIUNEA JUDETEANA    A ASOCIATIILOR DE LOCATARI SI    PROPRIETARI DOLJ<\/em><\/strong> <br \/>\n      \u25ba\u00a0    \u00a0<strong><em>ROMAN PRICOP &#8211; GIAP    GALATI<\/em><\/strong> <br \/>\n      \u25ba\u00a0    \u00a0<strong><em>ILIE COSTICA &#8211;    BRASOV<\/em><\/strong> <br \/>\n      \u25ba\u00a0    \u00a0<strong><em>CUMPANASU    MITICA \u2013 UNIUNEA ASOCIATIILOR DE PROPRIETARI    RM. VILCEA<\/em><\/strong> <br \/>\n      \u25ba\u00a0    \u00a0<strong><em>BUCUR DUMITRU &#8211; AGAPL IASI<\/em><\/strong> <br \/>\n      \u25ba\u00a0    \u00a0<strong><em>RUS    DUMITRU &#8211; LIGA ASOC DE PROPR TG MURES<\/em><\/strong> <br \/>\n      \u25ba\u00a0 \u00a0<strong><em>M<\/em><\/strong><strong><em>AXIM\u00a0\u00a0\u00a0\u00a0 VASILE\u00a0\u00a0\u00a0\u00a0 \u2013\u00a0\u00a0\u00a0\u00a0 LIGA\u00a0\u00a0\u00a0\u00a0 JUDETEANA\u00a0\u00a0\u00a0 A\u00a0\u00a0\u00a0\u00a0 ASOCIATIILOR\u00a0\u00a0\u00a0\u00a0 DE PROPRIETARI BACAU<\/em><\/strong> <br \/>\n      \u25ba\u00a0 \u00a0<strong><em>URSE\u00a0\u00a0\u00a0 VLAD\u00a0\u00a0\u00a0 \u2013\u00a0\u00a0\u00a0 FEDERATIA\u00a0\u00a0\u00a0 ASOCIATIILOR\u00a0\u00a0\u00a0 DE\u00a0\u00a0\u00a0 PROPRIETARI    MANGALIA<\/em><\/strong> <br \/>\n      \u25ba\u00a0 \u00a0<strong><em>TANASESCU\u00a0\u00a0\u00a0\u00a0\u00a0 GHEORGHE\u00a0\u00a0\u00a0\u00a0\u00a0 \u2013\u00a0\u00a0\u00a0\u00a0\u00a0\u00a0 UNIUNEA\u00a0\u00a0\u00a0\u00a0\u00a0 ASOCIATIILOR\u00a0\u00a0\u00a0\u00a0\u00a0 DE    PROPRIETARI BUZAU<\/em><\/strong> <br \/>\n      \u25ba\u00a0    \u00a0<strong><em>IONESCU CONSTANTIN \u2013 UNIUNEA ASOCIATIILOR DE PROPRIETARI BUZAU<\/em><\/strong> <br \/>\n      \u25ba\u00a0    \u00a0<strong><em>M<\/em><\/strong><strong><em>OCANU EUGEN &#8211; LIGA ASOCIATIILOR DE PROPRIETARI TURNU MAGURELE<\/em><\/strong> <br \/>\n      \u25ba\u00a0    \u00a0<strong><em>CRISTEA    SORIN &#8211; SF. GHEORGHE<\/em><\/strong> <br \/>\n      \u25ba\u00a0    \u00a0<strong><em>DUMITRESCU RADU &#8211;    LIGA HABITAT<\/em><\/strong> <br \/>\n      \u25ba\u00a0    \u00a0<strong><em>STANESCU GHEORGHE &#8211; LIGA HABITAT<\/em><\/strong> <br \/>\n      \u25ba\u00a0    \u00a0<strong><em>M<\/em><\/strong><strong><em>ARIAN AUREL &#8211; LIGA    HABITAT<\/em><\/strong> <br \/>\n      \u25ba\u00a0    \u00a0<strong><em>BEZNOSCA MATEI MIHAI &#8211;    ASOC PROPR BUCURESTI<\/em><\/strong> <br \/>\n      \u25ba\u00a0    \u00a0<strong><em>BUNICU ANA &#8211; ASOC PROPR BUCURESTI<\/em><\/strong> <br \/>\n      \u25ba\u00a0    \u00a0<strong><em>ANTONESCU GABRIEL &#8211; ASOC PROPR BUCURESTI<\/em><\/strong> <br \/>\n      \u25ba\u00a0    \u00a0<strong><em>NEDELCU MIRCEA GHEORGHE &#8211; ASOC PROPR BUCURESTI<\/em><\/strong> <br \/>\n      \u25ba\u00a0    \u00a0<strong><em>DOGARU FLORENTIN &#8211;    ASOC PROPR BUCURESTI<\/em><\/strong> <br \/>\n    \u25ba\u00a0    \u00a0<strong>COSTACHE CONSTANTIN <em>&#8211; ASOC PROPR BUCURESTI<\/em><\/strong><\/p>\n<\/td>\n<\/tr>\n<tr>\n<td width=\"100\" valign=\"top\">\n<p><strong>14<\/strong><strong>:<\/strong><strong>0<\/strong><strong>0 \u2013<\/strong> <strong>14<\/strong><strong>:<\/strong><strong>15<\/strong><\/p>\n<\/td>\n<td valign=\"top\">\n<p>\u25ba\u00a0    \u00a0<strong>Concluzii<\/strong><\/p>\n<\/td>\n<\/tr>\n<\/table>\n<p>&nbsp;<\/p>\n<p>&nbsp;<\/p>\n<p>&nbsp;<\/p>\n","protected":false},"excerpt":{"rendered":"<p>Grupul parlamentar al Partidului Na\u0163ional Liberal, \u00een parteneriat cu Liga Asocia\u0163iilor de Proprietari Habitat, organizeaza dezbaterea public\u0103 cu tema &bdquo;Reglementarea organiz\u0103rii \u015fi func\u0163ion\u0103rii asocia\u0163iilor de proprietari&rdquo;, care va avea loc joi, 4 iunie&nbsp; 2015, \u00eencep\u00e2nd cu ora 11:30, la sala de \u015fedin\u0163e a Grupului Parlamentar al PNL din Camera Deputa\u0163ilor (Palatul Parlamentului, intr\u0103rile Izvor S1 [&hellip;]<\/p>\n","protected":false},"author":3,"featured_media":0,"comment_status":"open","ping_status":"open","sticky":false,"template":"","format":"standard","meta":{"footnotes":""},"categories":[1],"tags":[],"class_list":["post-2308","post","type-post","status-publish","format-standard","hentry","category-noutati"],"_links":{"self":[{"href":"https:\/\/www.habitaturban.ro\/index.php?rest_route=\/wp\/v2\/posts\/2308","targetHints":{"allow":["GET"]}}],"collection":[{"href":"https:\/\/www.habitaturban.ro\/index.php?rest_route=\/wp\/v2\/posts"}],"about":[{"href":"https:\/\/www.habitaturban.ro\/index.php?rest_route=\/wp\/v2\/types\/post"}],"author":[{"embeddable":true,"href":"https:\/\/www.habitaturban.ro\/index.php?rest_route=\/wp\/v2\/users\/3"}],"replies":[{"embeddable":true,"href":"https:\/\/www.habitaturban.ro\/index.php?rest_route=%2Fwp%2Fv2%2Fcomments&post=2308"}],"version-history":[{"count":1,"href":"https:\/\/www.habitaturban.ro\/index.php?rest_route=\/wp\/v2\/posts\/2308\/revisions"}],"predecessor-version":[{"id":2309,"href":"https:\/\/www.habitaturban.ro\/index.php?rest_route=\/wp\/v2\/posts\/2308\/revisions\/2309"}],"wp:attachment":[{"href":"https:\/\/www.habitaturban.ro\/index.php?rest_route=%2Fwp%2Fv2%2Fmedia&parent=2308"}],"wp:term":[{"taxonomy":"category","embeddable":true,"href":"https:\/\/www.habitaturban.ro\/index.php?rest_route=%2Fwp%2Fv2%2Fcategories&post=2308"},{"taxonomy":"post_tag","embeddable":true,"href":"https:\/\/www.habitaturban.ro\/index.php?rest_route=%2Fwp%2Fv2%2Ftags&post=2308"}],"curies":[{"name":"wp","href":"https:\/\/api.w.org\/{rel}","templated":true}]}}