{"id":2321,"date":"2015-06-14T20:08:53","date_gmt":"2015-06-14T18:08:53","guid":{"rendered":"http:\/\/www.habitaturban.ro\/?p=2321"},"modified":"2015-06-15T08:09:27","modified_gmt":"2015-06-15T06:09:27","slug":"conferinta-operatiunile-de-incasari-si-plati-in-numerar-plata-prin-institutii-bancare-si-nebancare","status":"publish","type":"post","link":"https:\/\/www.habitaturban.ro\/?p=2321","title":{"rendered":"CONFERINTA: OPERA\u0162IUNILE DE \u00ceNCAS\u0102RI \u015eI PL\u0102\u0162I \u00ceN NUMERAR, PLATA PRIN INSTITUTII BANCARE SI NEBANCARE!"},"content":{"rendered":"<p>\u00a0\u00a0\u00a0\u00a0\u00a0\u00a0\u00a0\u00a0\u00a0\u00a0\u00a0 In cadrul seminariilor complet gratuite adresate  membrilor si reprezentantilor asociatiilor de proprietari, miercuri, <strong><u>17.06.2015<\/u><\/strong>,  ora 11.00, la Sala de Conferinte de la RADET Ilioara (etaj 3, str. Strada  Ilioara nr. 16 \u2013 fosta Scoala de soferi, Sectorului 3 Bucuresti), are loc  Conferinta cu tema: <strong>OPERA\u0162IUNILE  DE \u00ceNCAS\u0102RI \u015eI PL\u0102\u0162I \u00ceN NUMERAR, PLATA PRIN INSTITUTII BANCARE SI NEBANCARE<\/strong><strong>!<\/strong> <br \/>\n  <strong><u>Dezbaterile\u00a0 vor viza:<\/u><\/strong><\/p>\n<ul>\n<li><em>Obligatiile\/ Drepturile proprietarilor, membrilor si reprezentantilor  asociatiilor de proprietari <\/em><em>cu privire la <\/em><em>opera\u0163iunile de \u00eencas\u0103ri \u015fi pl\u0103\u0163i  \u00een numerar, plata prin institutii bancare si nebancare<\/em><\/li>\n<li><em>Produse  bancare pentru asociatiile de proprietari<\/em><\/li>\n<li><em>Propuneri de modificare a legislatiei;<\/em><\/li>\n<\/ul>\n<p><strong><u>Invitati:<\/u><\/strong><\/p>\n<ul>\n<li><em>Reprezentanti ai asociatiilor de proprietari din  Bucuresti;<\/em><\/li>\n<li><em>Reprezentanti ai Serviciilor pentru Asociatiile  de Proprietari din cadrul Primariilor de Sector; <\/em><\/li>\n<li><em>Reprezentanti  ai ADMINISTRATIILOR FINANTELOR  PUBLICE, INSTITUTIILOR BANCARE SI NEBANCARE, PREFECTURII MUNICIPIULUI  BUCURESTI, PRIMARIEI GENERALE A MUNICIPIULUI BUCURESTI, CONSILIULUI GENERAL AL  MUNICIPIULUI BUCURESTI, <\/em><\/li>\n<li><em>Specialisti in domeniu;<\/em><\/li>\n<\/ul>\n<p>&nbsp;<\/p>\n<p>&nbsp;<\/p>\n<p align=\"center\"><strong>AGENDA EVENIMENTULUI <\/strong><\/p>\n<table width=\"100%\" border=\"1\" cellpadding=\"3\" cellspacing=\"0\">\n<tr>\n<td colspan=\"2\" valign=\"top\">\n<p align=\"center\"><strong>MIERCURI, 17 IUNIE 2015, <\/strong><br \/>\n      <strong>SALA DE CONFERINTE DE LA RADET    ILIOARA <\/strong><strong> <\/strong><\/p>\n<\/td>\n<\/tr>\n<tr>\n<td width=\"100\" valign=\"top\">\n<p>10:30 \u2013 11:00<\/p>\n<\/td>\n<td valign=\"top\">\n<p><em>Primirea si \u00eenregistrarea participantilor<\/em><\/p>\n<\/td>\n<\/tr>\n<tr>\n<td width=\"100\" valign=\"top\">\n<p>11:00 \u2013 11:15<\/p>\n<\/td>\n<td valign=\"top\">\n<p><em>Cuv\u00e2nt introductiv, prezentarea invita\u0163ilor, lansarea Conferintei<\/em><br \/>\n      <em>Mihai MEREU\u0162\u0102 \u2013 Presedinte Liga Asociatiilor de Proprietari Habitat<\/em><\/p>\n<\/td>\n<\/tr>\n<tr>\n<td width=\"100\" valign=\"top\">\n<p>11:15 \u2013 12:00 <\/p>\n<\/td>\n<td valign=\"top\">\n<p><em>Prezentari<\/em><\/p>\n<ul>\n<li><em>AFP<\/em><\/li>\n<li><em>INTERVENTII ALE <\/em><em>REPREZENTANTILOR INSTITUTIILOR BANCARE SI    NEBANCARE; <\/em><\/li>\n<li><em>GHEORGHE STANESCU <\/em><\/li>\n<li><em>GABRIELA BRATU <\/em><\/li>\n<li><em>EUGEN TUGUI <\/em><\/li>\n<\/ul>\n<\/td>\n<\/tr>\n<tr>\n<td width=\"100\" valign=\"top\">\n<p>12:00 \u2013    13:00&nbsp; <\/p>\n<\/td>\n<td valign=\"top\">\n<ul>\n<li><em>Interventii    ale membrilor si reprezentantilor asociatiilor de proprietari; <\/em><\/li>\n<li><em>Intrebari    \/ Raspunsuri \/ Concluzii<\/em><\/li>\n<\/ul>\n<p><em>&nbsp;<\/em><\/p>\n<\/td>\n<\/tr>\n<\/table>\n<p>\u00a0<\/p>\n","protected":false},"excerpt":{"rendered":"<p>\u00a0\u00a0\u00a0\u00a0\u00a0\u00a0\u00a0\u00a0\u00a0\u00a0\u00a0 In cadrul seminariilor complet gratuite adresate membrilor si reprezentantilor asociatiilor de proprietari, miercuri, 17.06.2015, ora 11.00, la Sala de Conferinte de la RADET Ilioara (etaj 3, str. Strada Ilioara nr. 16 \u2013 fosta Scoala de soferi, Sectorului 3 Bucuresti), are loc Conferinta cu tema: OPERA\u0162IUNILE DE \u00ceNCAS\u0102RI \u015eI PL\u0102\u0162I \u00ceN NUMERAR, PLATA PRIN INSTITUTII [&hellip;]<\/p>\n","protected":false},"author":3,"featured_media":0,"comment_status":"open","ping_status":"open","sticky":false,"template":"","format":"standard","meta":{"footnotes":""},"categories":[1],"tags":[],"class_list":["post-2321","post","type-post","status-publish","format-standard","hentry","category-noutati"],"_links":{"self":[{"href":"https:\/\/www.habitaturban.ro\/index.php?rest_route=\/wp\/v2\/posts\/2321","targetHints":{"allow":["GET"]}}],"collection":[{"href":"https:\/\/www.habitaturban.ro\/index.php?rest_route=\/wp\/v2\/posts"}],"about":[{"href":"https:\/\/www.habitaturban.ro\/index.php?rest_route=\/wp\/v2\/types\/post"}],"author":[{"embeddable":true,"href":"https:\/\/www.habitaturban.ro\/index.php?rest_route=\/wp\/v2\/users\/3"}],"replies":[{"embeddable":true,"href":"https:\/\/www.habitaturban.ro\/index.php?rest_route=%2Fwp%2Fv2%2Fcomments&post=2321"}],"version-history":[{"count":1,"href":"https:\/\/www.habitaturban.ro\/index.php?rest_route=\/wp\/v2\/posts\/2321\/revisions"}],"predecessor-version":[{"id":2322,"href":"https:\/\/www.habitaturban.ro\/index.php?rest_route=\/wp\/v2\/posts\/2321\/revisions\/2322"}],"wp:attachment":[{"href":"https:\/\/www.habitaturban.ro\/index.php?rest_route=%2Fwp%2Fv2%2Fmedia&parent=2321"}],"wp:term":[{"taxonomy":"category","embeddable":true,"href":"https:\/\/www.habitaturban.ro\/index.php?rest_route=%2Fwp%2Fv2%2Fcategories&post=2321"},{"taxonomy":"post_tag","embeddable":true,"href":"https:\/\/www.habitaturban.ro\/index.php?rest_route=%2Fwp%2Fv2%2Ftags&post=2321"}],"curies":[{"name":"wp","href":"https:\/\/api.w.org\/{rel}","templated":true}]}}