{"id":2344,"date":"2015-08-12T15:17:28","date_gmt":"2015-08-12T13:17:28","guid":{"rendered":"http:\/\/www.habitaturban.ro\/?p=2344"},"modified":"2015-08-17T18:28:28","modified_gmt":"2015-08-17T16:28:28","slug":"invitatie-conferinte-constanta","status":"publish","type":"post","link":"https:\/\/www.habitaturban.ro\/?p=2344","title":{"rendered":"INVITATIE Conferinte Constanta"},"content":{"rendered":"<p><strong>Stimata doamna, <\/strong><br \/>\n<strong>Stimate domnule, <\/strong><\/p>\n<p>Joi, <strong>03 septembrie 2015<\/strong>, orele 11.00, \u00een  sala \u201eRemus Opreanu\u201d a Institu\u0163iei Prefectului Constan\u0163a<strong> <\/strong>(Bd. Tomis nr. 51), Liga Asociatiilor de Proprietari <strong>Habitat<\/strong> in colaborare cu <strong>U<\/strong>niunea <strong>A<\/strong>sociatiilor de <strong>P<\/strong>roprietari <strong>C<\/strong>onstanta (membra a Ligii Habitat) organizeaza  o dezbatere avand ca teme:<\/p>\n<ul>\n<li><strong>SALUBRIZAREA &#8211; COLECTAREA SELECTIVA A DESEURILOR, <\/strong><\/li>\n<li><strong>REABILITAREA TERMICA A BLOCURILOR DE LOCUIT <\/strong><\/li>\n<li><strong>SITUATIA SISTEMULUI CENTRALIZAT DE INCALZIRE! <\/strong><\/li>\n<\/ul>\n<p><strong><span style=\"text-decoration: underline;\">Dezbaterile  vor viza: <\/span><\/strong><\/p>\n<ul>\n<li>Relatia asociatiilor  de proprietari cu operatorii in domeniu;<\/li>\n<li>Obligatiile  proprietarilor \/ membrilor si reprezentantilor asociatiilor de proprietari cu  privire la SALUBRIZAREA -COLECTAREA SELECTIVA A DESEURILOR,<\/li>\n<li>REABILITAREA TERMICA A  BLOCURILOR DE LOCUIT<\/li>\n<li>SITUATIA SISTEMULUI CENTRALIZAT DE INCALZIRE!<\/li>\n<li>Propuneri de  modificare a legislatiei cu privire la organizarea si functionarea asociatiilor  de proprietari.<\/li>\n<\/ul>\n<p><strong><span style=\"text-decoration: underline;\">Invitati: <\/span><\/strong><\/p>\n<ul>\n<li>Reprezentanti ai  asociatiilor de proprietari din Constanta:<\/li>\n<li>Reprezentanti ai  Serviciilor pentru Asociatiile de Proprietari din cadrul Primariei Municipiului  Constanta, Mangalia, Navodari, Medgidia;<\/li>\n<li>Reprezentanti ai  operatorilor in domeniu, CONSILIULUI JUDETEAN CONSTANTA, INSTITUTIEI  PREFECTULUI MUNICIPIULUI CONSTANTA, PRIMARIEI MUNICIPIULUI CONSTANTA, RADET  CONSTANTA, RAJA CONSTANTA<\/li>\n<li>Specialisti in  domeniu;<\/li>\n<\/ul>\n<p><strong><span style=\"text-decoration: underline;\">Va  rugam sa delegati un reprezentant la aceasta intalnire! <\/span><\/strong><\/p>\n<p>Sprijinul  dumneavoastra, participarea specialistilor delegati sunt factori ce contribuie  la ceea ce noi consider\u0103m c\u0103 sunt programe de succes.<\/p>\n<p>Informarea corecta si  de calitate a reprezentantilor asociatiilor de proprietari cu privire la  drepturile si obligatiile acestora este benefica tuturor partilor implicate!<\/p>\n<p>Multumindu-va  anticipat pentru PARTICIPARE, va rog sa primiti, asigurarea deplinei mele  consideratii.<\/p>\n<p>Cu deosebit respect,<\/p>\n<p><strong>PRESEDINTE<\/strong><\/p>\n<p><strong>Mihai  MEREUTA <\/strong><\/p>\n<div style=\"padding:5px;border:1px solid black\">\n<p><em>Pentru informatii  suplimentare si pentru confirmarea participarii va puteti adresa la: <\/em><\/p>\n<p>UNIUNEA ASOCIA\u0162IILOR DE PROPRIETARI  CONSTAN\u0162A<\/p>\n<p>ASOCIA\u0162IE DE UTILITATE PUBLIC\u0102 -\u00cenregistrat\u0103 \u00een Registrul Special la nr. 78 \/  10.10.2001 &#8211; Afiliat\u0103 la Liga Asocia\u0163iilor de Proprietari \u201eHabitat\u201d &#8211; Str. Jupiter 11  (intrarea prin C.Br\u0103tescu), Cod po\u015ftal 900698; Tel, Fax: 0241618535<\/p>\n<p><strong>PERSOANE  DE CONTACT :<\/strong><\/p>\n<p><strong>Florica Ganea (pre\u015fedinte)<\/strong>,  Email: ct78sby@hotmail.com;<\/p>\n<p><strong>Georgeta Ariciuc (secretar\u0103),<\/strong> Email: <a href=\"mailto:gabiariciuc@yahoo.com\">gabiariciuc@yahoo.com<\/a>;<strong><\/strong><\/p>\n<p><strong>LIGA ASOCIATIILOR DE  PROPRIETARI HABITAT<\/strong><\/p>\n<p>ADRESA  CORESPONDEN\u0162\u0102: OP 49, CP 21 Sector 2 Bucuresti. www.habitaturban.ro, www.regenerareurbana.ro,  www.casa-plus.ro; http:\/\/urban-plus-ro.blogspot.ro\/<\/p>\n<p>PRE\u015eEDINTE:  MIHAI MEREU\u0162\u0102 &#8211; 0744.751.416; mihai.mereuta@habitaturban.ro;<\/p>\n<p>DIRECTOR:  TATIANA MUSTEA\u0162\u0102 &#8211; 0726.373.000; tatiana.musteata@habitaturban.ro;<\/p>\n<p>DIRECTOR:  DANIELA FLORINA HU\u0162AN &#8211; 0743.627.705; dana.hutan@habitaturban.ro;<\/p>\n<p>Nota- Sunt invitati  si<\/p>\n<p>FEDERATIA ASOCIATIILOR DE PROPRIETARI MANGALIA \u2013 VLAD URSE \u2013 PRESEDINTE<\/p>\n<p>FEDERATIA ASOCIATIILOR DE PROPRIETARI NAVODARI \u2013 RODICA DUMITRACHE \u2013  PRESEDINTE<\/p>\n<p>UNIUNEA ASOCIATIILOR DE PROPRIETARI MEDGIDIA \u2013 CRISTEA IONICA \u2013  PRESEDINTE<\/p>\n<p>FEDERATIA ASOCIATIILOR DE PROPRIETARI HIRSOVA- GHEORGHE PARVAN &#8211;  PRESEDINTE<\/p><\/div>\n<p><strong> <\/strong><\/p>\n<p align=\"center\"><strong>AGENDA EVENIMENTULUI<\/strong><\/p>\n<table border=\"1\" cellspacing=\"0\" cellpadding=\"3\" width=\"100%\">\n<tbody>\n<tr>\n<td colspan=\"2\" width=\"695\" valign=\"top\">\n<p align=\"center\"><strong> <\/strong><strong>JOI,    03 SEPTEMBRIE 2015<\/strong><\/p>\n<p><strong>SALA    DE SEDINTE REMUS OPREANU<\/strong><\/td>\n<\/tr>\n<tr>\n<td width=\"100\" valign=\"top\"><strong>10:30    \u2013 11:00<\/strong><\/td>\n<td valign=\"top\">Primirea si \u00eenregistrarea    participantilor<\/td>\n<\/tr>\n<tr>\n<td width=\"100\" valign=\"top\"><strong>11:00    \u2013 11:15<\/strong><\/td>\n<td valign=\"top\">CUV\u00c2NT INTRODUCTIV, PREZENTAREA INVITA\u0162ILOR, LANSAREA  CONFERINTEI<\/p>\n<p><strong>FLORICA GANEA<\/strong> \u2013 PRESEDINTE UNIUNEA ASOCIA\u0162IILOR DE PROPRIETARI CONSTAN\u0162A<\/p>\n<p><strong>MIHAI  MEREUTA<\/strong> \u2013 PRESEDINTE LIGA ASOCIATIILOR DE PROPRIETARI HABITAT<\/td>\n<\/tr>\n<tr>\n<td width=\"100\" valign=\"top\"><strong>11:15    \u2013 12:30<\/strong><\/td>\n<td valign=\"top\">\n<ul>\n<li>INSTITU\u0162IA PREFECTULUI CONSTAN\u0162A<\/li>\n<li>CONSILIUL JUDETEAN CONSTANTA<\/li>\n<li>PARLAMENTARI<\/li>\n<li>PRIMARIA MUNICIPIULUI CONSTANTA<\/li>\n<li>S.C. POLARIS M    HOLDING S.R.L.<\/li>\n<li>ANRSC \u2013 CONSTANTA<\/li>\n<li>COMISARIATUL JUDETEAN    CONSTANTA AL GARZII DE MEDIU<\/li>\n<li>AGEN\u021aIA PENTRU PROTEC\u021aIA MEDIULUI CONSTAN\u021aA<\/li>\n<li>S.C. RADET S.A. CONSTANTA<\/li>\n<\/ul>\n<p>INTERVENTII<\/p>\n<ul>\n<li>INSTITUTUL PENTRU POLITICI PUBLICE \u2013 IPP<\/li>\n<li>ELSACO BRUNATA ROMANIA<\/li>\n<li>ISTA ROMANIA<\/li>\n<li>ASOCIA\u0162IA    PRODUC\u0102TORILOR DE POLISTIREN EXPANDAT DIN ROM\u00c2NIA (ROMEPS)<\/li>\n<li>ALUCRO<\/li>\n<li>ECOROM<\/li>\n<li>ECOTIC<\/li>\n<li>RECOLAMP<\/li>\n<\/ul>\n<\/td>\n<\/tr>\n<tr>\n<td width=\"100\" valign=\"top\"><strong>12:30    \u2013 13:00<\/strong><\/td>\n<td valign=\"top\">\n<ul style=\"list-style:square\">\n<li>Interventii ale membrilor si    reprezentantilor asociatiilor de proprietari;<\/li>\n<li>Intrebari \/ Raspunsuri \/ Concluzii<\/li>\n<\/ul>\n<\/td>\n<\/tr>\n<\/tbody>\n<\/table>\n<p><em>Aceste  evenimente sunt realizate \u00een cadrul proiectului &#8211; Dezvoltarea durabil\u0103 a  comunit\u0103\u021bilor locale prin colectarea selectiv\u0103 eficient\u0103 a de\u0219eurilor &#8211;  finan\u0163at prin granturile SEE 2009 \u2013 2014, \u00een cadrul Fondului ONG \u00een Rom\u00e2nia (<\/em><a href=\"http:\/\/www.fondong.fdsc.ro\/\" target=\"_blank\">www.fondong.fdsc.ro<\/a><em>)<\/em><\/p>\n<p><em>Pentru informa\u0163ii oficiale despre granturile SEE \u015fi  norvegiene accesa\u0163i <\/em><a href=\"http:\/\/www.eeagrants.org\/\" target=\"_blank\">www.eeagrants.org<\/a><em>. Con\u0163inutul acestui material nu  reprezint\u0103 \u00een mod necesar pozi\u0163ia oficial\u0103 a granturilor SEE 2009 \u2013 2014<\/em>.<\/p>\n<p><a href=\"https:\/\/www.habitaturban.ro\/wp-content\/uploads\/comunicat-4-evenimente-locale.pdf\"><img decoding=\"async\" src=\"https:\/\/www.habitaturban.ro\/wp-content\/uploads\/pdf.gif\" alt=\"\" \/><br \/>\nCOMUNICAT Evenimentele de con\u0219tientizare public\u0103 a importan\u021bei colect\u0103rii selective \u0219i valorific\u0103rii de\u0219eurilor<br \/>\n<\/a><\/p>\n","protected":false},"excerpt":{"rendered":"<p>Stimata doamna, Stimate domnule, Joi, 03 septembrie 2015, orele 11.00, \u00een sala \u201eRemus Opreanu\u201d a Institu\u0163iei Prefectului Constan\u0163a (Bd. Tomis nr. 51), Liga Asociatiilor de Proprietari Habitat in colaborare cu Uniunea Asociatiilor de Proprietari Constanta (membra a Ligii Habitat) organizeaza o dezbatere avand ca teme: SALUBRIZAREA &#8211; COLECTAREA SELECTIVA A DESEURILOR, REABILITAREA TERMICA A BLOCURILOR [&hellip;]<\/p>\n","protected":false},"author":3,"featured_media":0,"comment_status":"open","ping_status":"open","sticky":false,"template":"","format":"standard","meta":{"footnotes":""},"categories":[1],"tags":[],"class_list":["post-2344","post","type-post","status-publish","format-standard","hentry","category-noutati"],"_links":{"self":[{"href":"https:\/\/www.habitaturban.ro\/index.php?rest_route=\/wp\/v2\/posts\/2344","targetHints":{"allow":["GET"]}}],"collection":[{"href":"https:\/\/www.habitaturban.ro\/index.php?rest_route=\/wp\/v2\/posts"}],"about":[{"href":"https:\/\/www.habitaturban.ro\/index.php?rest_route=\/wp\/v2\/types\/post"}],"author":[{"embeddable":true,"href":"https:\/\/www.habitaturban.ro\/index.php?rest_route=\/wp\/v2\/users\/3"}],"replies":[{"embeddable":true,"href":"https:\/\/www.habitaturban.ro\/index.php?rest_route=%2Fwp%2Fv2%2Fcomments&post=2344"}],"version-history":[{"count":5,"href":"https:\/\/www.habitaturban.ro\/index.php?rest_route=\/wp\/v2\/posts\/2344\/revisions"}],"predecessor-version":[{"id":2349,"href":"https:\/\/www.habitaturban.ro\/index.php?rest_route=\/wp\/v2\/posts\/2344\/revisions\/2349"}],"wp:attachment":[{"href":"https:\/\/www.habitaturban.ro\/index.php?rest_route=%2Fwp%2Fv2%2Fmedia&parent=2344"}],"wp:term":[{"taxonomy":"category","embeddable":true,"href":"https:\/\/www.habitaturban.ro\/index.php?rest_route=%2Fwp%2Fv2%2Fcategories&post=2344"},{"taxonomy":"post_tag","embeddable":true,"href":"https:\/\/www.habitaturban.ro\/index.php?rest_route=%2Fwp%2Fv2%2Ftags&post=2344"}],"curies":[{"name":"wp","href":"https:\/\/api.w.org\/{rel}","templated":true}]}}