{"id":2350,"date":"2015-08-24T13:25:58","date_gmt":"2015-08-24T11:25:58","guid":{"rendered":"http:\/\/www.habitaturban.ro\/?p=2350"},"modified":"2015-08-25T00:19:28","modified_gmt":"2015-08-24T22:19:28","slug":"invitatie-3","status":"publish","type":"post","link":"https:\/\/www.habitaturban.ro\/?p=2350","title":{"rendered":"INVITATIE"},"content":{"rendered":"<p>In cadrul dezbaterilor complet gratuite adresate  membrilor si reprezentantilor asociatiilor de proprietari, miercuri, <strong><u>26.08.2015<\/u><\/strong>,  ora 11.00, la Sala de Conferinte de la RADET Ilioara (etaj 3, str. Strada  Ilioara nr. 16 \u2013 fosta Scoala de soferi, Sectorului 3 Bucuresti), are loc Dezbaterea  cu tema: <strong>Situatia  serviciului public de alimentare cu energie termic\u0103 din Bucuresti<\/strong><strong>!<\/strong><br \/>\n  <strong><u>Dezbaterile\u00a0 vor viza:<\/u><\/strong><\/p>\n<ul>\n<li><em>Uzura  sistemului de termoficare, problemele multiple \u015fi frecvente \u00een func\u0163ionare,  lucru care se reflect\u0103 \u00een asigurarea parametrilor optimi \u015fi a continuit\u0103\u0163ii  furniz\u0103rii agentului termic<\/em><\/li>\n<\/ul>\n<p align=\"center\"><strong><em>GABRIEL DUMITRA\u015eCU (RADET):  &quot;MAI MULTE ZONE DIN CAPITAL\u0102 AR PUTEA R\u0102M\u00c2NE F\u0102R\u0102 AGENT TERMIC LA  IARN\u0102&quot;<\/em><\/strong><\/p>\n<p><em>Pre\u015fedintele Consiliului de Administra\u0163ie al  RADET a spus c\u0103 multe dintre lucr\u0103rile urgente nu pot fi finalizate p\u00e2n\u0103 la  \u00eenceperea sezonului de furnizare a agentului termic. &quot;Fa\u0163\u0103 de planul de  urgen\u0163\u0103 supus aten\u0163iei Prim\u0103riei Generale, un plan care \u00een cifre \u00eensemna o  alocare de vreo 10 milioane de lei pentru repara\u0163ii urgente vara aceasta, am  reu\u015fit s\u0103 mobiliz\u0103m mai pu\u0163in de jum\u0103tate, prin urmare mai pu\u0163in de 50% dintre  lucr\u0103rile urgente sunt atacate acum \u015fi pot fi finalizate p\u00e2n\u0103 la \u00eenceperea sezonului  de furnizare a agentului termic. Mi-e greu \u015fi cred c\u0103 \u00eei este greu oricui s\u0103  garanteze c\u0103 vom avea o iarn\u0103 f\u0103r\u0103 avarii majore&quot;, a men\u0163ionat Dumitra\u015fcu. <\/em><em><br \/>\n  El a precizat c\u0103 sistemul de termoficare are o mare  uzur\u0103, probleme multiple \u015fi frecvente \u00een func\u0163ionare, lucru care se reflect\u0103 \u00een  asigurarea parametrilor optimi \u015fi a continuit\u0103\u0163ii furniz\u0103rii agentului termic.  &quot;Dintre cei 996,781 de kilometri de re\u0163ea primar\u0103 \u015fi 2.949,46 de kilometri  de re\u0163ea secundar\u0103, aproximativ 81%, respectiv 54% au o vechime de peste 20  ani&quot;, a spus Gabriel Dumitra\u015fcu. Potrivit acestuia, nefunc\u0163ionarea timp de  o zi a sistemului de termoficare \u00eenseamn\u0103 28.000 de Gcal nev\u00e2ndute, aproximativ  1.000 de puncte termice urbane, industriale nefunc\u0163ionale, 103 de \u015fcoli, 76 de  gr\u0103dini\u0163e \u015fi cre\u015fe, 22 de spitale, 42 de licee, 27 de unit\u0103\u0163i de \u00eenv\u0103\u0163\u0103m\u00e2nt  superior, 310 agen\u0163i economici f\u0103r\u0103 c\u0103ldur\u0103 \u015fi ap\u0103 cald\u0103, adic\u0103 aproximativ  1.200.000 de bucure\u015fteni care vor r\u0103m\u00e2ne f\u0103r\u0103 energie termic\u0103.<\/em><\/p>\n<ul>\n<li><em>Capacitatea PMB de majorare a subventiei <\/em><\/li>\n<\/ul>\n<p align=\"center\"><strong><em>SORIN OPRESCU DESPRE SUBVEN\u0162IA LA  C\u0102LDUR\u0102: &quot;NU MAI POT S\u0102 PL\u0102TESC JUM\u0102TATE \u015eI S\u0102 ACOP\u0102R EFORTURILE  CET\u0102\u0162EANULUI&quot; <\/em><\/strong><\/p>\n<p><em>&quot;Eu s\u0103 semnez o expunere de motive \u015fi s\u0103  aduc la 400 de lei gigacaloria nu am de unde. Nu mai pot s\u0103 pl\u0103tesc jum\u0103tate \u015fi  s\u0103 acop\u0103r eforturile cet\u0103\u0163eanului. Nu mai am bani s\u0103 pot s\u0103 compensez \u00een  aceea\u015fi m\u0103sur\u0103. Dac\u0103 exist\u0103 major\u0103ri de la ELCEN, \u015fi exist\u0103, \u015fi major\u0103ri  aprobate de c\u0103tre ANRSC, nu mai pot s\u0103 \u0163in aceast\u0103 protec\u0163ie a popula\u0163iei pe  loc \u015fi atunci pre\u0163urile o s\u0103 creasc\u0103 necontrolat&quot;, a afirmat Oprescu,  \u00eentr-o conferin\u0163\u0103 de pres\u0103. <\/em><br \/>\n  <em>El a men\u0163ionat c\u0103 suma pe care o poate  suporta Prim\u0103ria Capitalei este de numai 25 de milioane de lei, respectiv 200  de lei s\u0103 suporte popula\u0163ia \u015fi jum\u0103tate PMB. &quot;Ipotetic, dac\u0103 a\u015f avea bani,  \u015fi am f\u0103cut noi c\u00e2teva determin\u0103ri, 25 de milioane de lei pot fi suporta\u0163i,  \u00eens\u0103 50 de milioane deja nu mai pot fi suporta\u0163i. Nu suport\u0103 bugetul. Sunt  cifre clare. Ce s\u0103 suporte? C\u0103 oric\u00e2\u0163i bani a\u015f da, RADET-ul este \u00een lips\u0103 acut\u0103  de bani. Gigacaloria este undeva la 380 de lei \u015fi la distribu\u0163ie ar ajunge la  400 de lei&quot;, a explicat Oprescu. \u00cen opinia sa, singura solu\u0163ie pentru  ie\u015firea din &quot;cercul vicios&quot; al datoriilor RADET fa\u0163\u0103 de ELCEN este  fuzionarea celor dou\u0103 regii, dar acest lucru nu este posibil f\u0103r\u0103 clarificarea  la Curtea Constitu\u0163ional\u0103 a existen\u0163ei sau nu a unui conflict de  neconstitu\u0163ionalitate \u00een aceast\u0103 spe\u0163\u0103. &quot;Este normal s\u0103 se pronun\u0163e CCR  separat pe aceast\u0103 spe\u0163\u0103 \u015fi, \u00een acest sens, rog pe cei \u00eendritui\u0163i de lege s\u0103  fac\u0103 acest demers. Nu po\u0163i s\u0103 compari situa\u0163ia portului Constan\u0163a cu situa\u0163ia  RADET &#8211; ELCEN, a\u015fa cum invoca domnul ministru al Energiei, Gerea, de parc\u0103 ar  fi ministrul Transporturilor \u015fi nu al Energiei&quot;, a precizat Oprescu. <\/em><\/p>\n<ul>\n<li><em>Fuziunea cu ELCEN<\/em><\/li>\n<ul>\n<li><em>Teme conexe- Norma de repartizare  a incalzirii <\/em><\/li>\n<\/ul>\n<\/ul>\n<p><strong><u>Invitati: <\/u><\/strong><em>Reprezentanti ai asociatiilor  de proprietari din Bucuresti;Reprezentanti ai Serviciilor pentru Asociatiile de  Proprietari din cadrul Primariilor de Sector; Reprezentanti ai <\/em><em>ANRSC, AMRSP<\/em><em>, PMB; INVITATI  PERMANENTI: RADET BUCURESTI; Specialisti in domeniu;<\/em><\/p>\n<p>NUM\u0102R LIMITAT DE LOCURI! V\u0102 RUG\u0102M S\u0102 CONFIRMA\u0162I  PARTICIPAREA LA 0726.373.000, 0743.627.705, 021.341.30.62, <\/strong><a href=\"mailto:tatiana.musteata@habitaturban.ro\"><strong>tatiana.musteata@habitaturban.ro<\/strong><\/a><strong>;<\/strong><\/p>\n<p align=\"center\"><strong>AGENDA EVENIMENTULUI<\/strong><\/p>\n<table width=\"100%\" border=\"1\" cellpadding=\"3\" cellspacing=\"0\">\n<tr>\n<td width=\"100\" valign=\"top\">\n<p><em>10:30 \u2013 11:00<\/em><\/p>\n<\/td>\n<td valign=\"top\">\n<p><em>Primirea si \u00eenregistrarea participantilor<\/em><\/p>\n<\/td>\n<\/tr>\n<tr>\n<td width=\"100\" valign=\"top\">\n<p><em>11:00 \u2013 11:15<\/em><\/p>\n<\/td>\n<td valign=\"top\">\n<ul>\n<li><em>Deschiderea Dezbaterii \/ Prezentarea    Participantilor \u2013 <strong><\/strong><\/em><\/li>\n<\/ul>\n<p><strong><em>\u00a0\u00a0\u00a0\u00a0\u00a0    MIHAI MEREU\u0162\u0102<\/em><\/strong><\/p>\n<\/td>\n<\/tr>\n<tr>\n<td width=\"100\" valign=\"top\">\n<p><em>11:15 \u2013 12:00<\/em><\/p>\n<\/td>\n<td valign=\"top\">\n<p><em>Prezentari<\/em><\/p>\n<ul>\n<li><em>Reprezentanti <strong>ANRSC<\/strong><\/em><\/li>\n<li><em>Reprezentanti <strong>AMRSP<\/strong><\/em><\/li>\n<li><em>Reprezentanti <strong>PMB<\/strong><\/em><\/li>\n<li><em>Reprezentanti <strong>RADET BUCURESTI<\/strong><\/em><strong><\/strong><\/li>\n<li><strong><em>PARLAMENTARI<\/em><\/strong><strong><\/strong><\/li>\n<li><strong><em>CONSILIERI GENERALI<\/em><\/strong><\/li>\n<\/ul>\n<\/td>\n<\/tr>\n<tr>\n<td width=\"152\" valign=\"top\">\n<p><em>12:00 \u2013 13.00&nbsp; <\/em><\/p>\n<\/td>\n<td valign=\"top\">\n<ul>\n<li><em>Interventii ale membrilor si reprezentantilor asociatiilor de    proprietari; <\/em><\/li>\n<ul>\n<li><em>Dan Rujan<\/em><\/li>\n<li><em>Gheorghe Stanescu<\/em><\/li>\n<li><em>Aurel Marian<\/em><\/li>\n<\/ul>\n<li><em>Intrebari \/ Raspunsuri \/ Concluzii<\/em><\/li>\n<\/ul>\n<\/td>\n<\/tr>\n<\/table>\n<p>&nbsp;<\/p>\n","protected":false},"excerpt":{"rendered":"<p>In cadrul dezbaterilor complet gratuite adresate membrilor si reprezentantilor asociatiilor de proprietari, miercuri, 26.08.2015, ora 11.00, la Sala de Conferinte de la RADET Ilioara (etaj 3, str. Strada Ilioara nr. 16 \u2013 fosta Scoala de soferi, Sectorului 3 Bucuresti), are loc Dezbaterea cu tema: Situatia serviciului public de alimentare cu energie termic\u0103 din Bucuresti! Dezbaterile\u00a0 [&hellip;]<\/p>\n","protected":false},"author":3,"featured_media":0,"comment_status":"open","ping_status":"open","sticky":false,"template":"","format":"standard","meta":{"footnotes":""},"categories":[1],"tags":[],"class_list":["post-2350","post","type-post","status-publish","format-standard","hentry","category-noutati"],"_links":{"self":[{"href":"https:\/\/www.habitaturban.ro\/index.php?rest_route=\/wp\/v2\/posts\/2350","targetHints":{"allow":["GET"]}}],"collection":[{"href":"https:\/\/www.habitaturban.ro\/index.php?rest_route=\/wp\/v2\/posts"}],"about":[{"href":"https:\/\/www.habitaturban.ro\/index.php?rest_route=\/wp\/v2\/types\/post"}],"author":[{"embeddable":true,"href":"https:\/\/www.habitaturban.ro\/index.php?rest_route=\/wp\/v2\/users\/3"}],"replies":[{"embeddable":true,"href":"https:\/\/www.habitaturban.ro\/index.php?rest_route=%2Fwp%2Fv2%2Fcomments&post=2350"}],"version-history":[{"count":1,"href":"https:\/\/www.habitaturban.ro\/index.php?rest_route=\/wp\/v2\/posts\/2350\/revisions"}],"predecessor-version":[{"id":2351,"href":"https:\/\/www.habitaturban.ro\/index.php?rest_route=\/wp\/v2\/posts\/2350\/revisions\/2351"}],"wp:attachment":[{"href":"https:\/\/www.habitaturban.ro\/index.php?rest_route=%2Fwp%2Fv2%2Fmedia&parent=2350"}],"wp:term":[{"taxonomy":"category","embeddable":true,"href":"https:\/\/www.habitaturban.ro\/index.php?rest_route=%2Fwp%2Fv2%2Fcategories&post=2350"},{"taxonomy":"post_tag","embeddable":true,"href":"https:\/\/www.habitaturban.ro\/index.php?rest_route=%2Fwp%2Fv2%2Ftags&post=2350"}],"curies":[{"name":"wp","href":"https:\/\/api.w.org\/{rel}","templated":true}]}}