{"id":2354,"date":"2015-09-14T14:47:21","date_gmt":"2015-09-14T12:47:21","guid":{"rendered":"http:\/\/www.habitaturban.ro\/?p=2354"},"modified":"2015-09-14T14:47:21","modified_gmt":"2015-09-14T12:47:21","slug":"evenimentele-de-con%c8%99tientizare-publica-a-importan%c8%9bei-colectarii-selective-%c8%99i-valorificarii-de%c8%99eurilor","status":"publish","type":"post","link":"https:\/\/www.habitaturban.ro\/?p=2354","title":{"rendered":"Evenimentele de con\u0219tientizare public\u0103 a importan\u021bei colect\u0103rii selective \u0219i valorific\u0103rii de\u0219eurilor"},"content":{"rendered":"<p><em>Cu o abordare complex\u0103 care urm\u0103re\u015fte s\u0103 implice \u00een  dezbaterea public\u0103 principalele segmente afectate de noul mod de organizare a  managementului selectiv al de\u015feurilor reciclabile \u00een mediul urban prev\u0103zut \u00een  noua legislatie \u00een domeniu, Institutul pentru Politici Publice (IPP), Liga  Habitat \u015fi Terra Mileniul III \u00eencep Caravana: <strong>ORA\u015eUL T\u0102U \u2013 RESPONSABIL \u00ceN RECICLAREA \u015eI VALORIFICAREA GUNOIULUI<\/strong>. <\/em><\/p>\n<p><em>Caravana const\u0103 \u00een derularea urm\u0103toarelor activit\u0103ti: <\/em><\/p>\n<ul>\n<li><em>consult\u0103ri publice cu reprezentan\u0163ii asocia\u0163iilor de proprietari \u015fi a  cet\u0103\u0163enilor; <\/em><\/li>\n<li><em>conferin\u0163e de pres\u0103 pentru informarea media \u015fi a reprezentan\u0163iilor  autorit\u0103\u0163ilor locale privind scopul \u015fi obiectivele proiectului, prilej cu care  IPP va supune atentiei analize actualizate privind stadiul si provoc\u0103rile  actuale din eforturile de colectare si valorificare deseuri la nivel national; <\/em><\/li>\n<li><em>sesiuni de formare privind modalit\u0103\u0163i practice prin care societatea civil\u0103  poate monitoriza modul \u00een care administra\u0163ia local\u0103 \u00ee\u015fi respect\u0103 atribu\u0163iile \u00een  domeniul managementul deseurilor <\/em><\/li>\n<\/ul>\n<p><em>dup\u0103 urm\u0103torul calendar: <\/em><\/p>\n<ul>\n<li><strong><em>Constanta<\/em><\/strong><strong><em> \u2013 joi, 3 septembrie 2015<\/em><\/strong><\/li>\n<li><strong><em>BUZ\u0102U \u2013 joi, 24 septembrie 2015<\/em><\/strong><\/li>\n<li><strong><em>CLUJ  NAPOCA \u2013 joi, 22 octombrie 2015<\/em><\/strong><\/li>\n<li><strong><em>SF\u00c2NTU  GHEORGHE &#8211; vineri, 23 octombrie 2015. <\/em><\/strong><\/li>\n<\/ul>\n<p>In cadrul acestor actiuni, joi, <strong>24 septembrie 2015<\/strong>, orele 11.00, \u00een  sala Consiliului Judetean Buzau (Bd. N. B\u0103lcescu  nr.48), cu sprijinul deosebit al <strong><u>U<\/u><\/strong><u>niunii <strong>A<\/strong>sociatiilor de <strong>P<\/strong>roprietari <strong>B<\/strong>uzau<\/u> (membra a Ligii Habitat) se desfasoara o dezbatere avand ca teme: <\/p>\n<ul>\n<li><strong>COLECTAREA SELECTIVA  A DESEURILOR, <\/strong><\/li>\n<li><strong>REABILITAREA TERMICA  A BLOCURILOR DE LOCUIT <\/strong><\/li>\n<li><strong>LEGISLATIA  ASOCIATIILOR DE PROPRIETARI! <\/strong>\u00a0 <\/li>\n<\/ul>\n<p><strong><u>Dezbaterile vor viza: <\/u><\/strong><\/p>\n<ul>\n<li>Relatia  asociatiilor de proprietari cu operatorii in domeniu; <\/li>\n<li>Obligatiile  proprietarilor \/ membrilor si reprezentantilor asociatiilor de proprietari cu  privire la COLECTAREA SELECTIVA A DESEURILOR, <\/li>\n<li>REABILITAREA  TERMICA A BLOCURILOR DE LOCUIT <\/li>\n<li>Propuneri  de modificare a legislatiei cu privire la organizarea si functionarea  asociatiilor de proprietari.<\/li>\n<\/ul>\n<p><strong><u>Invitati: <\/u><\/strong><\/p>\n<ul>\n<li>Reprezentanti  ai asociatiilor de proprietari din Judetul Buzau: <\/li>\n<li>Reprezentanti  ai Serviciilor pentru Asociatiile de Proprietari din cadrul Primariei  Municipiului Buzau; <\/li>\n<li>Reprezentanti  ai operatorilor in domeniu, CONSILIULUI JUDETEAN BUZAU, INSTITUTIEI PREFECTULUI  JUDETULUI BUZAU, PRIMARIEI MUNICIPIULUI BUZAU, <a href=\"http:\/\/www.anrsc.ro\/anrsc\/index2051.html?option=com_content&#038;view=article&#038;id=3267%3Asc-rer-ecologic-service-sa&#038;catid=54%3Aoperatori&#038;Itemid=1&#038;ml=1\">S.C. RER ECOLOGIC SERVICE BUZ\u0102U S.A.<\/a><\/li>\n<li>Specialisti  in domeniu; <\/li>\n<\/ul>\n<p>&nbsp;<\/p>\n<p>Cu deosebit  respect, <\/p>\n<table width=\"100%\" border=\"0\" cellpadding=\"0\" cellspacing=\"0\">\n<tr>\n<td width=\"321\" valign=\"top\"><strong>MIHAI MEREUTA <\/strong><br \/>\n      <strong>PRESEDINTE <\/strong><\/p>\n<p><strong>LIGA ASOCIATIILOR DE PROPRIETARI    HABITAT <\/strong><\/p>\n<\/td>\n<td width=\"321\" valign=\"top\">\n<p align=\"right\"><strong>GHEORGHE T\u0102N\u0102SESCU <\/strong><br \/>\n      <strong>PRESEDINTE <\/strong><\/p>\n<p align=\"right\"><strong>&nbsp;<\/strong><\/p>\n<p align=\"right\"><strong>CONSTANTIN IONESCU <\/strong><br \/>\n        <strong>VICEPRESEDINTE <\/strong><\/p>\n<p align=\"right\"><strong>UNIUNEA ASOCIA\u0162IILOR DE PROPRIETARI BUZAU <\/strong><\/p>\n<\/td>\n<\/tr>\n<\/table>\n<p>&nbsp;<\/p>\n<p>&nbsp;<\/p>\n<p><em>Pentru  informatii suplimentare si pentru confirmarea participarii va puteti adresa la: <\/em><\/p>\n<div>\n<p>UNIUNEA ASOCIA\u0162IILOR  DE PROPRIETARI BUZAU<br \/>\n    PRESEDINTE <strong>GHEORGHE T\u0102N\u0102SESCU &#8211; <\/strong><a href=\"mailto:uapbuzau@yahoo.com\">uapbuzau@yahoo.com<\/a>,  0726.399.452<br \/>\n    VICEPRESEDINTE <strong>CONSTANTIN  IONESCU &#8211; <\/strong><a href=\"mailto:constantinionescu66@yahoo.com\">constantinionescu66@yahoo.com<\/a>,  0726.399.452<strong><\/strong><\/p>\n<p><strong>LIGA  ASOCIATIILOR DE PROPRIETARI HABITAT<\/strong><br \/>\n    ADRESA CORESPONDEN\u0162\u0102: OP 49, CP 21 Sector 2  Bucuresti. <a href=\"https:\/\/www.habitaturban.ro\">www.habitaturban.ro<\/a>, <a href=\"http:\/\/www.regenerareurbana.ro\">www.regenerareurbana.ro<\/a>, <a href=\"http:\/\/www.casa-plus.ro\">www.casa-plus.ro<\/a>; <a href=\"http:\/\/urban-plus-ro.blogspot.ro\/\">http:\/\/urban-plus-ro.blogspot.ro\/ <\/a><br \/>\n    PRE\u015eEDINTE: <strong>MIHAI  MEREU\u0162\u0102<\/strong> &#8211; 0744.751.416; <a href=\"mailto:mihai.mereuta@habitaturban.ro\">mihai.mereuta@habitaturban.ro<\/a>; <br \/>\n    DIRECTOR: <strong>TATIANA  MUSTEA\u0162\u0102<\/strong> &#8211; 0726.373.000; <a href=\"mailto:tatiana.musteata@habitaturban.ro\">tatiana.musteata@habitaturban.ro<\/a>; <br \/>\n    DIRECTOR: <strong>DANIELA  FLORINA HU\u0162AN<\/strong> &#8211; 0743.627.705; <a href=\"mailto:dana.hutan@habitaturban.ro\">dana.hutan@habitaturban.ro<\/a>; <\/p>\n<\/div>\n<p>\n<\/p>\n<p align=\"center\"><strong>AGENDA EVENIMENTULUI<\/strong><\/p>\n<table width=\"100%\" border=\"1\" cellpadding=\"0\" cellspacing=\"0\">\n<tr>\n<td colspan=\"2\" valign=\"top\">\n<p align=\"center\"><strong>&nbsp;<\/strong><\/p>\n<p align=\"center\"><strong>JOI, 24 SEPTEMBRIE 2015<\/strong><br \/>\n        <strong>SALA DE SEDINTE CONSILIUL JUDETEAN<\/strong><\/p>\n<\/td>\n<\/tr>\n<tr>\n<td width=\"100\" valign=\"top\">\n<p><strong>11:30 \u2013 12:00<\/strong><\/p>\n<\/td>\n<td valign=\"top\">\n<p>Primirea    si \u00eenregistrarea participantilor <\/p>\n<\/td>\n<\/tr>\n<tr>\n<td width=\"100\" valign=\"top\">\n<p><strong>12:00 \u2013 12:15<\/strong><\/p>\n<\/td>\n<td valign=\"top\">\n<p>CUV\u00c2NT    INTRODUCTIV, PREZENTAREA INVITA\u0162ILOR, LANSAREA CONFERINTEI <\/p>\n<p>\n        IONESCU    CONSTANTIN \u2013 VICEPRESEDINTE UNIUNEA ASOCIA\u0162IILOR DE PROPRIETARI BUZAU <\/p>\n<p><strong>MIHAI MEREUTA<\/strong> \u2013 PRESEDINTE LIGA    ASOCIATIILOR DE PROPRIETARI HABITAT <br \/>\n        <strong>RALUCA POPOVICI<\/strong> &#8211; COORDONATOR    PROGRAME IPP <\/p>\n<\/td>\n<\/tr>\n<tr>\n<td width=\"100\" valign=\"top\">\n<p><strong>12:15 \u2013 13:30<\/strong><\/p>\n<\/td>\n<td valign=\"top\">\n<p>PREZENTARI <\/p>\n<ul>\n<li>INSTITU\u0162IA PREFECTULUI BUZAU <\/li>\n<li>CONSILIUL JUDETEAN BUZAU <\/li>\n<li>PARLAMENTARI <\/li>\n<li>PRIMARIA MUNICIPIULUI BUZAU <\/li>\n<li>S.C. RER ECOLOGIC SERVICE BUZ\u0102U S.A <\/li>\n<li>ANRSC \u2013 BUZAU <\/li>\n<li>COMISARIATUL JUDETEAN BUZAU AL GARZII    DE MEDIU <\/li>\n<li><strong>AGEN\u021aIA PENTRU PROTEC\u021aIA MEDIULUI BUZAU<\/strong><\/li>\n<\/ul>\n<p>INTERVENTII <\/p>\n<ul>\n<li>INSTITUTUL PENTRU POLITICI PUBLICE \u2013 IPP <\/li>\n<li>TERRA MILENIUL III <\/li>\n<li>ASOCIA\u0162IA    PRODUC\u0102TORILOR DE POLISTIREN EXPANDAT DIN ROM\u00c2NIA (ROMEPS) <\/li>\n<li>ALUCRO <\/li>\n<li>ECOROM <\/li>\n<\/ul>\n<\/td>\n<\/tr>\n<tr>\n<td width=\"100\" valign=\"top\">\n<p><strong>13:30 \u2013 14:00<\/strong><\/p>\n<\/td>\n<td valign=\"top\">\n<ul>\n<li>Interventii ale membrilor si    reprezentantilor asociatiilor de proprietari; <\/li>\n<li>Intrebari \/ Raspunsuri \/ Concluzii <\/li>\n<\/ul>\n<\/td>\n<\/tr>\n<\/table>\n<p>&nbsp;<\/p>\n<p>&nbsp;<\/p>\n","protected":false},"excerpt":{"rendered":"<p>Cu o abordare complex\u0103 care urm\u0103re\u015fte s\u0103 implice \u00een dezbaterea public\u0103 principalele segmente afectate de noul mod de organizare a managementului selectiv al de\u015feurilor reciclabile \u00een mediul urban prev\u0103zut \u00een noua legislatie \u00een domeniu, Institutul pentru Politici Publice (IPP), Liga Habitat \u015fi Terra Mileniul III \u00eencep Caravana: ORA\u015eUL T\u0102U \u2013 RESPONSABIL \u00ceN RECICLAREA \u015eI VALORIFICAREA [&hellip;]<\/p>\n","protected":false},"author":3,"featured_media":0,"comment_status":"open","ping_status":"open","sticky":false,"template":"","format":"standard","meta":{"footnotes":""},"categories":[1],"tags":[],"class_list":["post-2354","post","type-post","status-publish","format-standard","hentry","category-noutati"],"_links":{"self":[{"href":"https:\/\/www.habitaturban.ro\/index.php?rest_route=\/wp\/v2\/posts\/2354","targetHints":{"allow":["GET"]}}],"collection":[{"href":"https:\/\/www.habitaturban.ro\/index.php?rest_route=\/wp\/v2\/posts"}],"about":[{"href":"https:\/\/www.habitaturban.ro\/index.php?rest_route=\/wp\/v2\/types\/post"}],"author":[{"embeddable":true,"href":"https:\/\/www.habitaturban.ro\/index.php?rest_route=\/wp\/v2\/users\/3"}],"replies":[{"embeddable":true,"href":"https:\/\/www.habitaturban.ro\/index.php?rest_route=%2Fwp%2Fv2%2Fcomments&post=2354"}],"version-history":[{"count":1,"href":"https:\/\/www.habitaturban.ro\/index.php?rest_route=\/wp\/v2\/posts\/2354\/revisions"}],"predecessor-version":[{"id":2355,"href":"https:\/\/www.habitaturban.ro\/index.php?rest_route=\/wp\/v2\/posts\/2354\/revisions\/2355"}],"wp:attachment":[{"href":"https:\/\/www.habitaturban.ro\/index.php?rest_route=%2Fwp%2Fv2%2Fmedia&parent=2354"}],"wp:term":[{"taxonomy":"category","embeddable":true,"href":"https:\/\/www.habitaturban.ro\/index.php?rest_route=%2Fwp%2Fv2%2Fcategories&post=2354"},{"taxonomy":"post_tag","embeddable":true,"href":"https:\/\/www.habitaturban.ro\/index.php?rest_route=%2Fwp%2Fv2%2Ftags&post=2354"}],"curies":[{"name":"wp","href":"https:\/\/api.w.org\/{rel}","templated":true}]}}