{"id":2356,"date":"2015-09-21T13:10:19","date_gmt":"2015-09-21T11:10:19","guid":{"rendered":"http:\/\/www.habitaturban.ro\/?p=2356"},"modified":"2015-09-21T13:10:19","modified_gmt":"2015-09-21T11:10:19","slug":"invitatie-dezbaterea-cu-tema-relatia-asociatiilor-de-proprietari-cu-politia","status":"publish","type":"post","link":"https:\/\/www.habitaturban.ro\/?p=2356","title":{"rendered":"INVITATIE DEZBATEREA cu tema: RELATIA ASOCIATIILOR DE PROPRIETARI CU POLITIA"},"content":{"rendered":"<p>In cadrul seminariilor complet gratuite adresate  membrilor si reprezentantilor asociatiilor de proprietari, miercuri, <strong><u>23.09.2015<\/u><\/strong>,  ora 11.00, la Sala de Conferinte de la RADET Ilioara (etaj 3, str. Strada  Ilioara nr. 16 \u2013 fosta Scoala de soferi, Sectorului 3 Bucuresti), are loc Dezbaterea  cu tema: <strong>RELATIA ASOCIATIILOR  DE PROPRIETARI CU POLITIA<\/strong><strong>!<\/strong> <br \/>\n  <strong><u>Dezbaterile\u00a0  vor viza:<\/u><\/strong><\/p>\n<ul>\n<li><em>Prezentarea <\/em><em>reglementarilor in vigoare  (Norme de Convietuire Sociala, Cartea de imobil, Contraventii, Prevenirea si  Combaterea Criminalitatii, Prevenirea Spargerilor din Locuinte, Prevenirea  Talhariilor, etc);<\/em><\/li>\n<li><em>Prezentarea atributiilor autoritatilor locale, politiei nationale si a  celei locale;<\/em><\/li>\n<li><em>Drepturile si obligatiile cetatenilor;<\/em><\/li>\n<li><em>Rolul companiilor private. <\/em><\/li>\n<\/ul>\n<p><strong><em>Invitati:<\/em><\/strong><\/p>\n<ul>\n<li><em>Reprezentanti  ai asociatiilor de proprietari din Bucuresti;<\/em><\/li>\n<li><em>Reprezentanti  ai Serviciilor pentru Asociatiile de Proprietari din cadrul Primariilor de  Sector; <\/em><\/li>\n<li><em>Reprezentanti  ai DIRECTIEI GENERALE DE POLITIE  A MUNICIPIULUI BUCURESTI, POLITIA LOCALA, PREFECTURII MUNICIPIULUI BUCURESTI,  PRIMARIEI GENERALE A MUNICIPIULUI BUCURESTI, CONSILIULUI GENERAL AL  MUNICIPIULUI BUCURESTI, <\/em><\/li>\n<li><em>INVITATI  PERMANENTI: APA NOVA BUCURESTI<\/em><strong><em>, <\/em><\/strong><em>RADET  BUCURESTI, 3D ROMANIA <\/em><\/li>\n<li><em>Specialisti  in domeniu;<\/em><\/li>\n<\/ul>\n<p><strong>NUM\u0102R LIMITAT DE LOCURI! V\u0102 RUG\u0102M S\u0102 CONFIRMA\u0162I PARTICIPAREA LA 0726.373.000, 0743.627.705, 021.341.30.62, <\/strong><a href=\"mailto:tatiana.musteata@habitaturban.ro\"><strong>tatiana.musteata@habitaturban.ro<\/strong><\/a><strong>;<\/strong><\/p>\n<p align=\"center\"><strong>AGENDA EVENIMENTULUI <\/strong><\/p>\n<table width=\"100%\" border=\"1\" cellpadding=\"2\" cellspacing=\"0\">\n<tr>\n<td width=\"100\" valign=\"top\">\n<p><em>&nbsp;<\/em><em>10:30 \u2013 11:00<\/em><\/p>\n<\/td>\n<td valign=\"top\">\n<p><em>&nbsp;<\/em><em>Primirea si \u00eenregistrarea participantilor<\/em><\/p>\n<\/td>\n<\/tr>\n<tr>\n<td width=\"100\" valign=\"top\">\n<p><em>&nbsp;<\/em><em>11:00 \u2013 11:15<\/em><\/p>\n<\/td>\n<td valign=\"top\">\n<p><em>&nbsp;<\/em><em>Deschiderea Dezbaterii \/ Prezentarea    Participantilor \u2013 <strong><\/strong><\/em><\/p>\n<p><strong><\/strong><strong><em>MIHAI MEREU\u0162\u0102<\/em><\/strong><\/p>\n<\/td>\n<\/tr>\n<tr>\n<td width=\"100\" valign=\"top\">\n<p><em>&nbsp;<\/em><em>11:15 \u2013 12:00<\/em><\/p>\n<\/td>\n<td valign=\"top\">\n<p><em>&nbsp;<\/em><em>Prezentari<\/em><\/p>\n<ul>\n<li><em>Reprezentanti <\/em><strong><em>DIRECTIA    GENERALA DE POLITIE A MUNICIPIULUI BUCURESTI<\/em><\/strong><strong><\/strong><\/li>\n<li><em>Reprezentanti <strong>POLITIA LOCALA MUNICIPIUL BUCURESTI<\/strong><\/em><\/li>\n<li><em>Reprezentanti <strong>POLITIA LOCALA SECTOR 1 BUCURESTI<\/strong><\/em><\/li>\n<li><em>Reprezentanti <strong>POLITIA LOCALA SECTOR 2 BUCURESTI<\/strong><\/em><\/li>\n<li><em>Reprezentanti <strong>POLITIA LOCALA SECTOR 3 BUCURESTI<\/strong><\/em><\/li>\n<li><em>Reprezentanti <strong>POLITIA LOCALA SECTOR 4 BUCURESTI<\/strong><\/em><\/li>\n<li><em>Reprezentanti <strong>POLITIA LOCALA SECTOR 5 BUCURESTI<\/strong><\/em><\/li>\n<li><em>Reprezentanti <strong>POLITIA LOCALA SECTOR 6 BUCURESTI<\/strong><\/em><\/li>\n<li><em>Reprezentanti <strong>INSTITUTIA PREFECTULUI MUNICIPIULUI    BUCURESTI<\/strong><\/em><\/li>\n<li><em>Reprezentanti <strong>RADET BUCURESTI<\/strong><\/em><strong><\/strong><\/li>\n<li><strong><em>PARLAMENTARI<\/em><\/strong><strong><\/strong><\/li>\n<li><strong><em>CONSILIERI GENERALI<\/em><\/strong><\/li>\n<\/ul>\n<\/td>\n<\/tr>\n<tr>\n<td width=\"100\" valign=\"top\">\n<p><em>&nbsp;<\/em><em>12:00 \u2013 13.00&nbsp; <\/em><\/p>\n<\/td>\n<td valign=\"top\">\n<ul>\n<li><em>Interventii ale membrilor si reprezentantilor asociatiilor de    proprietari; <\/em><\/li>\n<ul>\n<li><em>Dan Rujan<\/em><\/li>\n<li><em>Gheorghe Stanescu<\/em><\/li>\n<li><em>Aurel Marian<\/em><\/li>\n<\/ul>\n<li><em>Intrebari \/ Raspunsuri \/ Concluzii<\/em><\/li>\n<\/ul>\n<\/td>\n<\/tr>\n<\/table>\n<p>&nbsp;<\/p>\n","protected":false},"excerpt":{"rendered":"<p>In cadrul seminariilor complet gratuite adresate membrilor si reprezentantilor asociatiilor de proprietari, miercuri, 23.09.2015, ora 11.00, la Sala de Conferinte de la RADET Ilioara (etaj 3, str. Strada Ilioara nr. 16 \u2013 fosta Scoala de soferi, Sectorului 3 Bucuresti), are loc Dezbaterea cu tema: RELATIA ASOCIATIILOR DE PROPRIETARI CU POLITIA! Dezbaterile\u00a0 vor viza: Prezentarea reglementarilor [&hellip;]<\/p>\n","protected":false},"author":3,"featured_media":0,"comment_status":"open","ping_status":"open","sticky":false,"template":"","format":"standard","meta":{"footnotes":""},"categories":[1],"tags":[],"class_list":["post-2356","post","type-post","status-publish","format-standard","hentry","category-noutati"],"_links":{"self":[{"href":"https:\/\/www.habitaturban.ro\/index.php?rest_route=\/wp\/v2\/posts\/2356","targetHints":{"allow":["GET"]}}],"collection":[{"href":"https:\/\/www.habitaturban.ro\/index.php?rest_route=\/wp\/v2\/posts"}],"about":[{"href":"https:\/\/www.habitaturban.ro\/index.php?rest_route=\/wp\/v2\/types\/post"}],"author":[{"embeddable":true,"href":"https:\/\/www.habitaturban.ro\/index.php?rest_route=\/wp\/v2\/users\/3"}],"replies":[{"embeddable":true,"href":"https:\/\/www.habitaturban.ro\/index.php?rest_route=%2Fwp%2Fv2%2Fcomments&post=2356"}],"version-history":[{"count":1,"href":"https:\/\/www.habitaturban.ro\/index.php?rest_route=\/wp\/v2\/posts\/2356\/revisions"}],"predecessor-version":[{"id":2357,"href":"https:\/\/www.habitaturban.ro\/index.php?rest_route=\/wp\/v2\/posts\/2356\/revisions\/2357"}],"wp:attachment":[{"href":"https:\/\/www.habitaturban.ro\/index.php?rest_route=%2Fwp%2Fv2%2Fmedia&parent=2356"}],"wp:term":[{"taxonomy":"category","embeddable":true,"href":"https:\/\/www.habitaturban.ro\/index.php?rest_route=%2Fwp%2Fv2%2Fcategories&post=2356"},{"taxonomy":"post_tag","embeddable":true,"href":"https:\/\/www.habitaturban.ro\/index.php?rest_route=%2Fwp%2Fv2%2Ftags&post=2356"}],"curies":[{"name":"wp","href":"https:\/\/api.w.org\/{rel}","templated":true}]}}