{"id":2375,"date":"2015-11-06T12:02:41","date_gmt":"2015-11-06T10:02:41","guid":{"rendered":"http:\/\/www.habitaturban.ro\/?p=2375"},"modified":"2015-11-06T12:02:41","modified_gmt":"2015-11-06T10:02:41","slug":"invitatie-dezbaterea-siguranta-la-foc-a-lucrarilor-de-reabilitare-termica","status":"publish","type":"post","link":"https:\/\/www.habitaturban.ro\/?p=2375","title":{"rendered":"INVITATIE DEZBATEREA: SIGURANTA LA FOC A LUCRARILOR DE REABILITARE TERMICA"},"content":{"rendered":"<p>Marti, <strong><u>10.11.2015<\/u><\/strong>, ora 09.30, la<strong> HOTEL IBIS NORD, SALA  ENESCU<\/strong> (<strong>Calea Grivitei nr.143, sector 1, Bucuresti<\/strong><strong>, <\/strong>in proximitatea Garii de Nord), are loc Dezbaterea  cu tema: <strong><u>SIGURANTA LA FOC A LUCRARILOR DE  REABILITARE TERMICA<\/u><\/strong><strong>! <\/strong><br \/>\n  <strong><em><u>Dezbaterile\u00a0 vor viza:<\/u><\/em><\/strong><\/p>\n<ul>\n<li><strong><em>SIGURANTA  LA FOC A LUCRARILOR DE REABILITARE TERMICA<\/em><\/strong><strong><\/strong><\/li>\n<li><em>Performan\u0163ele  de comportare la foc a produselor pentru termosistemele utilizate in  reabilitarea termica \/ clase de performan\u0163\u0103 la foc <\/em><\/li>\n<\/ul>\n<h3><em>Care sunt obliga\u0163iile pe care trebuie sa le \u00eendeplineasc\u0103 asocia\u0163iile  de proprietari din punct de vedere al ap\u0103r\u0103rii \u00eempotriva incendiilor?<\/em><\/h3>\n<h3><em>Care este dotarea minim\u0103 cu mijloace tehnice de ap\u0103rare \u00eempotriva  incendiilor pentru blocurile de locuin\u0163e?<\/em><\/h3>\n<h3><em>Ce obliga\u0163ii au locatarii unui bloc de locuin\u0163e privind asigurarea  evacu\u0103rii \u00een caz de incendiu?<\/em><\/h3>\n<ul>\n<li><em>Relatia asociatiilor de proprietari cu <\/em><em>IGSU, ISU Bucuresti<\/em><\/li>\n<li><em>Con\u015ftientizarea  cet\u0103\u0163enilor privind riscurile la care s-ar putea expune prin utilizarea  materialelor neconforme si prin utilizarea neadecvata a cladirilor reabilitate <\/em><\/li>\n<li><em>Educarea  cet\u0103\u0163enilor privind modul de alarmare \u015fi informare permanent\u0103 a lor \u00een cazul  producerii unui incendiu<\/em><\/li>\n<li><em>Obliga\u0163iile autoritatilor \u2013 IGSU,  ISU Bucuresti<\/em><\/li>\n<li><em>Obliga\u0163iile autoritatilor locale: Primariilor  de Sector\/ PMB \/ CGMB; <\/em><\/li>\n<li><strong><em>Drepturile si obligatiile proprietarilor \/ asociatiilor de proprietari;<\/em><\/strong><\/li>\n<\/ul>\n<p><strong><em><u>Invitati:<\/u><\/em><\/strong><\/p>\n<ul>\n<li><em>Reprezentanti  ai asociatiilor de proprietari din Bucuresti;<\/em><\/li>\n<li><em>Reprezentanti ai: <\/em><em>Ministerului Dezvoltarii Regionale si Administratiei Publice, <\/em><em>IGSU, ISU Bucuresti,  URBAN INCERC<\/em><\/li>\n<li><em>Reprezentanti  ai Serviciilor pentru Asociatiile de Proprietari din cadrul Primariilor de  Sector; <\/em><\/li>\n<li><em>Reprezentanti  ai PREFECTURII MUNICIPIULUI  BUCURESTI, PRIMARIEI GENERALE A MUNICIPIULUI BUCURESTI, CONSILIULUI GENERAL AL  MUNICIPIULUI BUCURESTI. <\/em><\/li>\n<li><em>Specialisti  in domeniu;<\/em><\/li>\n<\/ul>\n<p>&nbsp;<\/p>\n<p align=\"center\"><strong>AGENDA EVENIMENTULUI <\/strong><\/p>\n<table width=\"100%\" border=\"1\" cellpadding=\"2\" cellspacing=\"0\">\n<tr>\n<td colspan=\"2\" valign=\"top\">\n<p align=\"center\"><strong>MARTI, 10 NOIEMBRIE    2015, <\/strong><br \/>\n      <strong>SALA DE    CONFERINTE ENESCU &#8211; HOTEL- IBIS GARA DE NORD &#8211; BUCURESTI<\/strong><\/p>\n<\/td>\n<\/tr>\n<tr>\n<td width=\"100\" valign=\"top\">\n<p>09:30 \u2013 10:00<\/p>\n<\/td>\n<td valign=\"top\">\n<p>Primirea si \u00eenregistrarea    participantilor<\/p>\n<\/td>\n<\/tr>\n<tr>\n<td width=\"100\" valign=\"top\">\n<p>10:00 \u2013 10:15<\/p>\n<\/td>\n<td valign=\"top\">\n<p>Cuv\u00e2nt introductiv, prezentarea    invita\u0163ilor, lansarea Dezbaterii<br \/>\n        Mihai MEREUTA \u2013 Presedinte Liga    Asociatiilor de Proprietari Habitat<\/p>\n<\/td>\n<\/tr>\n<tr>\n<td width=\"100\" valign=\"top\">\n<p>10:15 \u2013 12:30 <\/p>\n<\/td>\n<td valign=\"top\">\n<p><em>Prezentari<\/em><\/p>\n<ul>\n<li><em>Punct de vedereIGSU <\/em><\/li>\n<li><em>Punct de vedere ISU BUCURESTI \u2013 ILFOV<\/em><\/li>\n<li><em>Punct de vedere Prefectura\/ Primarii<\/em><\/li>\n<li><em>Punct de vedere URBAN-INCERC<\/em><\/li>\n<li><em>Punct de vedere PSC -Patronatul Societatilor din    Constructii \u2013<\/em><strong><em> Tiberiu Andrioaei<\/em><\/strong><\/li>\n<li><em>Punct de vedere ROMEPS &#8211; Asociatia Producatorilor    de Polistiren Expandat din Romania \u2013<\/em><em> <strong>Delia    Filip<\/strong><\/em><\/li>\n<li><em>Punct de vedere ARCON; &#8211;<\/em><em> <strong>Sorin Cristea<\/strong><\/em><\/li>\n<\/ul>\n<\/td>\n<\/tr>\n<tr>\n<td width=\"100\" valign=\"top\">\n<p>12:30 \u2013 13:00&nbsp; <\/p>\n<\/td>\n<td valign=\"top\">\n<ul>\n<li>Interventii ale membrilor si reprezentantilor asociatiilor    de proprietari; <\/li>\n<li>Intrebari \/ Raspunsuri \/ Concluzii<\/li>\n<\/ul>\n<\/td>\n<\/tr>\n<\/table>\n<p>&nbsp;<\/p>\n","protected":false},"excerpt":{"rendered":"<p>Marti, 10.11.2015, ora 09.30, la HOTEL IBIS NORD, SALA ENESCU (Calea Grivitei nr.143, sector 1, Bucuresti, in proximitatea Garii de Nord), are loc Dezbaterea cu tema: SIGURANTA LA FOC A LUCRARILOR DE REABILITARE TERMICA! Dezbaterile\u00a0 vor viza: SIGURANTA LA FOC A LUCRARILOR DE REABILITARE TERMICA Performan\u0163ele de comportare la foc a produselor pentru termosistemele utilizate [&hellip;]<\/p>\n","protected":false},"author":3,"featured_media":0,"comment_status":"open","ping_status":"open","sticky":false,"template":"","format":"standard","meta":{"footnotes":""},"categories":[1],"tags":[],"class_list":["post-2375","post","type-post","status-publish","format-standard","hentry","category-noutati"],"_links":{"self":[{"href":"https:\/\/www.habitaturban.ro\/index.php?rest_route=\/wp\/v2\/posts\/2375","targetHints":{"allow":["GET"]}}],"collection":[{"href":"https:\/\/www.habitaturban.ro\/index.php?rest_route=\/wp\/v2\/posts"}],"about":[{"href":"https:\/\/www.habitaturban.ro\/index.php?rest_route=\/wp\/v2\/types\/post"}],"author":[{"embeddable":true,"href":"https:\/\/www.habitaturban.ro\/index.php?rest_route=\/wp\/v2\/users\/3"}],"replies":[{"embeddable":true,"href":"https:\/\/www.habitaturban.ro\/index.php?rest_route=%2Fwp%2Fv2%2Fcomments&post=2375"}],"version-history":[{"count":1,"href":"https:\/\/www.habitaturban.ro\/index.php?rest_route=\/wp\/v2\/posts\/2375\/revisions"}],"predecessor-version":[{"id":2376,"href":"https:\/\/www.habitaturban.ro\/index.php?rest_route=\/wp\/v2\/posts\/2375\/revisions\/2376"}],"wp:attachment":[{"href":"https:\/\/www.habitaturban.ro\/index.php?rest_route=%2Fwp%2Fv2%2Fmedia&parent=2375"}],"wp:term":[{"taxonomy":"category","embeddable":true,"href":"https:\/\/www.habitaturban.ro\/index.php?rest_route=%2Fwp%2Fv2%2Fcategories&post=2375"},{"taxonomy":"post_tag","embeddable":true,"href":"https:\/\/www.habitaturban.ro\/index.php?rest_route=%2Fwp%2Fv2%2Ftags&post=2375"}],"curies":[{"name":"wp","href":"https:\/\/api.w.org\/{rel}","templated":true}]}}