{"id":2461,"date":"2016-10-01T11:36:11","date_gmt":"2016-10-01T09:36:11","guid":{"rendered":"http:\/\/www.habitaturban.ro\/?p=2461"},"modified":"2016-10-01T11:36:11","modified_gmt":"2016-10-01T09:36:11","slug":"dezbaterea-strategia-na%c8%9bionala-a-locuirii-%e2%80%93-parteneriatul-si-participarea-locatarilor","status":"publish","type":"post","link":"https:\/\/www.habitaturban.ro\/?p=2461","title":{"rendered":"DEZBATEREA &#8211; STRATEGIA NA\u021aIONAL\u0102 A LOCUIRII \u2013 PARTENERIATUL SI PARTICIPAREA LOCATARILOR!"},"content":{"rendered":"<p><strong>Stimata doamna,<\/strong><br \/>\n  <strong>Stimate domnule,<\/strong><\/p>\n<p><em>In  1985, la recomandarea Comisiei pentru Asezari Umane, Adunarea Generala a  desemnat prima zi de luni din luna octombrie ca Zi mondiala a habitatului  (rezolutia 40\/202 A). Prin sarbatorirea pentru prima data a acestei Zile, in  1986 s-a marcat a zecea aniversare&nbsp;a primei Conferinte  internationale&nbsp;Habitat, Conferinta Natiunilor  Unite pentru asezari umane (Vancouver, Canada, 1976). Ziua Mondiala&nbsp;a Habitatului reflecta  necesitatea armonizariii asezarilor umane cu mediul natural, &nbsp;deoarece  Pamantul nu este doar habitatul oamenilor, ci si al tuturor celorlalte vietati.  Aceasta zi reaminteste si de cei fara casa, de cei ce au adaposturi inadecvate,  inclusiv de cei ce locuiesc in conditii incompatibile conditiei umane, oferind  posibilitaea imbunatatirii asezarilor umane.<\/em><\/p>\n<p>Anul aceasta, Liga Habitat  sarbatoreste Ziua Mondiala a Habitatului joi, <strong>06<\/strong> octombrie, ora <strong>10.00<\/strong>, la  Sala Hila &#8211; <strong>hotel Minerva<\/strong> (Strada General Gheorghe Manu,  nr 2-4, sector 1, Bucuresti, la jumatatea bd Lascar Catargiu, intre Piata Romana si Piata  Victoriei), unde se va desfasura Dezbaterea cu tema: <strong>STRATEGIA NA\u021aIONAL\u0102 A LOCUIRII \u2013 PARTENERIATUL SI  PARTICIPAREA LOCATARILOR!<\/strong><\/p>\n<p><strong><u>Dezbaterile\u00a0 vor viza:<\/u><\/strong><\/p>\n<ul>\n<li><em>Prezentarea <\/em><strong><em>STRATEGIEI NA\u021aIONALE A LOCUIRII<\/em><\/strong><\/li>\n<li><strong><em>PARTENERIATUL SI PARTICIPAREA LOCATARILOR <\/em><\/strong><em>la adoptarea si implementarea <strong>STRATEGIEI NA\u021aIONALE A LOCUIRII<\/strong><\/em><\/li>\n<li><em>Rolul \/ Relatia asociatiilor de proprietari cu institutiile  cu atributii in domeniu;<\/em><\/li>\n<\/ul>\n<p><strong><em>Invitati:<\/em><\/strong><\/p>\n<ul>\n<li><em>Reprezentanti  ai MDRAP, PREFECTURII  MUNICIPIULUI BUCURESTI, PRIMARIEI GENERALE A MUNICIPIULUI BUCURESTI,  CONSILIULUI GENERAL AL MUNICIPIULUI BUCURESTI, <\/em><\/li>\n<li><em>ONG-uri \/ Specialisti in domeniu;<\/em><\/li>\n<li><em>Reprezentanti ai asociatiilor de proprietari din  Bucuresti;<\/em><\/li>\n<li><em>Reprezentanti ai Serviciilor pentru Asociatiile  de Proprietari din cadrul Primariilor de Sector; <\/em><\/li>\n<\/ul>\n<div style=\"border:1px solid #666; padding:0 5px\">\n<p><strong>NUM\u0102R LIMITAT DE  LOCURI &#8211;\u00a0 60! V\u0102 RUG\u0102M S\u0102 CONFIRMA\u0162I  PARTICIPAREA LA 0726.373.000,  0743.627.705, 021.341.30.62, <\/strong><a href=\"mailto:tatiana.musteata@habitaturban.ro\"><strong>tatiana.musteata@habitaturban.ro<\/strong><\/a><strong>;<\/strong><\/p>\n<\/div>\n<p align=\"center\"><strong>AGENDA EVENIMENTULUI<\/strong><\/p>\n<table width=\"100%\" border=\"1\" cellpadding=\"3\" cellspacing=\"0\">\n<tr>\n<td width=\"657\" colspan=\"2\" valign=\"top\">\n<p align=\"center\"><strong><em>JOI, 06 OCTOMBRIE 2016, <\/em><\/strong><strong><em>SALA DE    CONFERINTE DE LA HOTEL MINERVA <\/em><\/strong><strong><\/strong><\/p>\n<\/td>\n<\/tr>\n<tr>\n<td width=\"100\" valign=\"top\">\n<p><em>09:30 \u2013 10:00<\/em><\/p>\n<\/td>\n<td valign=\"top\">\n<p><em>Primirea si \u00eenregistrarea participantilor<\/em><\/p>\n<\/td>\n<\/tr>\n<tr>\n<td width=\"100\" valign=\"top\">\n<p><em>10:00 \u2013 10:15<\/em><\/p>\n<\/td>\n<td valign=\"top\">\n<p><em>Cuv\u00e2nt introductiv, prezentarea invita\u0163ilor, lansarea    Dezbaterii<\/em><br \/>\n      <em>Mihai MEREU\u0162\u0102 \u2013 Presedinte Liga Asociatiilor de    Proprietari Habitat<\/em><\/p>\n<\/td>\n<\/tr>\n<tr>\n<td width=\"100\" valign=\"top\">\n<p><em>10:15 \u2013 12:00<\/em><\/p>\n<\/td>\n<td valign=\"top\">\n<p><em>Prezentari<\/em><\/p>\n<ul>\n<li><em>BOGDAN SUDITU <\/em><\/li>\n<li><em>MDRAP <\/em><\/li>\n<li><em>PMB <\/em><\/li>\n<li><strong><em>REPREZENTANTI AI ONG-URILOR CU ACTIVITATE IN    DOMENIU<\/em><\/strong><\/li>\n<li><strong><em>SPECIALITI DIN DOMENIU<\/em><\/strong><\/li>\n<\/ul>\n<\/td>\n<\/tr>\n<tr>\n<td width=\"100\" valign=\"top\">\n<p><em>12:00 \u2013 13:00&nbsp; <\/em><\/p>\n<\/td>\n<td valign=\"top\">\n<ul>\n<li><em>Interventii ale membrilor si reprezentantilor asociatiilor de    proprietari; <\/em><\/li>\n<li><em>Intrebari \/ Raspunsuri \/ Concluzii<\/em><\/li>\n<\/ul>\n<\/td>\n<\/tr>\n<\/table>\n","protected":false},"excerpt":{"rendered":"<p>Stimata doamna, Stimate domnule, In 1985, la recomandarea Comisiei pentru Asezari Umane, Adunarea Generala a desemnat prima zi de luni din luna octombrie ca Zi mondiala a habitatului (rezolutia 40\/202 A). Prin sarbatorirea pentru prima data a acestei Zile, in 1986 s-a marcat a zecea aniversare&nbsp;a primei Conferinte internationale&nbsp;Habitat, Conferinta Natiunilor Unite pentru asezari umane [&hellip;]<\/p>\n","protected":false},"author":3,"featured_media":0,"comment_status":"open","ping_status":"open","sticky":false,"template":"","format":"standard","meta":{"footnotes":""},"categories":[1],"tags":[],"class_list":["post-2461","post","type-post","status-publish","format-standard","hentry","category-noutati"],"_links":{"self":[{"href":"https:\/\/www.habitaturban.ro\/index.php?rest_route=\/wp\/v2\/posts\/2461","targetHints":{"allow":["GET"]}}],"collection":[{"href":"https:\/\/www.habitaturban.ro\/index.php?rest_route=\/wp\/v2\/posts"}],"about":[{"href":"https:\/\/www.habitaturban.ro\/index.php?rest_route=\/wp\/v2\/types\/post"}],"author":[{"embeddable":true,"href":"https:\/\/www.habitaturban.ro\/index.php?rest_route=\/wp\/v2\/users\/3"}],"replies":[{"embeddable":true,"href":"https:\/\/www.habitaturban.ro\/index.php?rest_route=%2Fwp%2Fv2%2Fcomments&post=2461"}],"version-history":[{"count":1,"href":"https:\/\/www.habitaturban.ro\/index.php?rest_route=\/wp\/v2\/posts\/2461\/revisions"}],"predecessor-version":[{"id":2462,"href":"https:\/\/www.habitaturban.ro\/index.php?rest_route=\/wp\/v2\/posts\/2461\/revisions\/2462"}],"wp:attachment":[{"href":"https:\/\/www.habitaturban.ro\/index.php?rest_route=%2Fwp%2Fv2%2Fmedia&parent=2461"}],"wp:term":[{"taxonomy":"category","embeddable":true,"href":"https:\/\/www.habitaturban.ro\/index.php?rest_route=%2Fwp%2Fv2%2Fcategories&post=2461"},{"taxonomy":"post_tag","embeddable":true,"href":"https:\/\/www.habitaturban.ro\/index.php?rest_route=%2Fwp%2Fv2%2Ftags&post=2461"}],"curies":[{"name":"wp","href":"https:\/\/api.w.org\/{rel}","templated":true}]}}