{"id":2473,"date":"2016-11-02T13:35:26","date_gmt":"2016-11-02T11:35:26","guid":{"rendered":"http:\/\/www.habitaturban.ro\/?p=2473"},"modified":"2016-11-02T13:36:39","modified_gmt":"2016-11-02T11:36:39","slug":"dezbaterea-legislatia-cu-privire-la-organizarea-si-functionarea-asociatiilor-de-proprietari","status":"publish","type":"post","link":"https:\/\/www.habitaturban.ro\/?p=2473","title":{"rendered":"DEZBATEREA &#8211; LEGISLATIA CU PRIVIRE LA ORGANIZAREA SI FUNCTIONAREA ASOCIATIILOR DE PROPRIETARI"},"content":{"rendered":"<p><em>1. Din 2011 o serie  de proiecte de modificare a <strong>Legislatiei  cu privire la organizarea si functionarea asociatiilor de proprietari <\/strong>au  fost asumate de catre MDRAP!<\/em><br \/>\n  <em>2. In 2015 a fost  supus in dezbatere publica un nou proiect. Am organizat la sediul MDRAP cateva  intalniri cu reprezentanti ai <strong>asociatiilor  de proprietari<\/strong>.<\/em><br \/>\n  <em>3. In 2015 am  organizat intalniri la Parlament avand ca subiect propuneri de modificare a <strong>Legislatiei cu privire la organizarea si  functionarea asociatiilor de proprietari.<\/strong><\/em><br \/>\n  <em>4. In 2015 si 2016  au existat initiative de modificare a unor articole din Legea 230\/2007 cu  privire la <strong>organizarea si functionarea  asociatiilor de proprietari.<\/strong><\/em><br \/>\n  <em>5. In 30 iune 2016  a fost termenul (asumat oficial) la care Guvernul ar fi trebuit sa transmita in  Parlament noul proiect cu privire la <strong>organizarea  si functionarea asociatiilor de proprietari<\/strong>.<\/em><br \/>\n  <em>6. Din decembrie  2016 vom fi reprezentati de noi parlamentari!<\/em><\/p>\n<p>In acest context, marti, <strong><u>15.11.2016<\/u><\/strong>, ora <strong>10.00<\/strong>, la Sala Hila &#8211; <strong>hotel  Minerva<\/strong> (Strada  General Gheorghe Manu, nr 2-4, sector 1, Bucuresti, la jumatatea bd Lascar  Catargiu, intre  Piata Romana si Piata Victoriei), se va desfasura Dezbaterea cu tema: Modificarea si completarea <strong>Legislatiei cu privire la organizarea si functionarea <\/strong><strong>asociatiilor de  proprietari<\/strong><strong>!<\/strong><\/p>\n<p>Oportunitatea organiz\u0103rii acestei  dezbateri este dat\u0103 de num\u0103rul mare de propuneri venite de la cetateni \u015fi de proiectele  legislative aflate \u00een diferite stadii de dezbatere la Guvern si \u00een\u00a0 Parlamentul Rom\u00e2niei, documente care vizeaz\u0103  modificarea si completarea legislatiei cu privire la organizarea si functionarea <strong>asociatiilor de  proprietari<\/strong>.<\/p>\n<p>Consideram esential ca viitorii  parlamentari sa cunoasca solicitarile membrilor si reprezentantilor <strong>asociatiilor de  proprietari<\/strong> pentru a putea initia proiecte care sa reflecte nevoile  reale ale acestora!<\/p>\n<p><strong>Actiunea nu are un caracter electoral! <\/strong><\/p>\n<p>Dorim sa transmitem viitorilor  parlamentari solicitarile membrilor si reprezentantilor <strong>asociatiilor de  proprietari<\/strong> si sa fim informati de catre acestia ce intentioneaza in  eventualitatea ca vor fi alesi! Asteptam alaturi de noi pe cei ce cred ca parteneriatul si implicarea activa a cetatenilor la luarea deciziilor este  esentiala intr-o tara membra a Uniunii Europene. <\/p>\n<p><strong><em>Invitati:<\/em><\/strong><\/p>\n<ul>\n<li><strong><em>Cate 3 Candidati<\/em><\/strong><em>pentru  Senat \u0219i Camera Deputa\u021bilor la Alegerile Parlamentare 2016 din partea  Partidului Alianta Liberalilor si Democratilor \u2013 ALDE, Partidului National  Liberal &#8211; PNL, Partidului Social Democrat &#8211; PSD, Uniunii Salvati Romania- USR.<\/em><\/li>\n<li><em>Reprezentanti ai <\/em><strong><em>asociatiilor de  proprietari<\/em><\/strong><em> din Bucuresti;<\/em><\/li>\n<\/ul>\n<div style=\"padding:3px; border:1px solid black\">\n<p><strong>NUM\u0102R LIMITAT DE LOCURI &#8211;\u00a0 60! <\/strong><br \/>\n    <strong>ACCESUL IN SALA VA  FI PERMIS NUMAI PERSOANELOR CE AU CONFIRMAT PARTICIPAREA! <\/strong><br \/>\n    <strong>V\u0102 RUG\u0102M S\u0102 CONFIRMA\u0162I PARTICIPAREA LA 0726.373.000, 0743.627.705,  021.341.30.62, <\/strong><a href=\"mailto:tatiana.musteata@habitaturban.ro\"><strong>tatiana.musteata@habitaturban.ro<\/strong><\/a><strong>;<\/strong><\/p>\n<\/div>\n<p><\/p>\n<p align=\"center\"><span style=\"font-size:20px\"><strong>Mihai Mereuta<\/strong><\/span><br \/>\n  <strong>Presedinte<\/strong><\/p>\n<table border=\"0\" cellspacing=\"0\" cellpadding=\"0\" width=\"100%\">\n<tbody>\n<tr>\n<td width=\"50%\" align=\"center\" valign=\"top\" style=\"border:none\">\n<p align=\"center\"><strong><em>LIGA ASOCIA\u0162IILOR DE PROPRIETARI<\/em><\/strong><\/p>\n<p><strong><em>HABITAT<\/em><\/strong><\/p>\n<\/td>\n<td width=\"50%\" valign=\"top\" style=\"border:none\">\n<p align=\"center\"><strong><em>ASOCIA\u0162IA ROM\u00c2N\u0102 PENTRU LOCUIN\u0162E<br \/>\n        <strong r=\"\"><br \/>\n          CASA PLUS<\/strong><\/em><\/strong><\/p>\n<p>        <strong r=\"\"><\/strong><\/p>\n<\/td>\n<\/tr>\n<\/tbody>\n<\/table>\n<p align=\"center\"><strong>AGENDA EVENIMENTULUI<\/p>\n<table width=\"100%\" border=\"1\" cellpadding=\"3\" cellspacing=\"0\">\n<tr>\n<td colspan=\"2\" valign=\"top\">\n<p align=\"center\"><strong><em>MARTI, 15 NOIEMBRIE 2016, <\/em><\/strong><strong><em>SALA  DE CONFERINTE &#8211; HOTEL MINERVA <\/em><\/strong><strong><\/strong><\/p>\n<\/td>\n<\/tr>\n<tr>\n<td width=\"100\" valign=\"top\">\n<p><em>&nbsp;<\/em><em>09:30 \u2013 10:00<\/em><\/p>\n<\/td>\n<td valign=\"top\">\n<p><em>Primirea si \u00eenregistrarea participantilor<\/em><\/p>\n<\/td>\n<\/tr>\n<tr>\n<td width=\"100\" valign=\"top\">\n<p><em>&nbsp;<\/em><em>10:00 \u2013 10:15<\/em><\/p>\n<\/td>\n<td valign=\"top\">\n<p><em>Cuv\u00e2nt introductiv, prezentarea invita\u0163ilor, lansarea Dezbaterii<\/em><br \/>\n        <em>Mihai MEREU\u0162\u0102 \u2013 Presedinte Liga Asociatiilor de Proprietari Habitat<\/em><\/p>\n<\/td>\n<\/tr>\n<tr>\n<td width=\"100\" valign=\"top\">\n<p><em>&nbsp;<\/em><em>10:15 \u2013 11:45<\/em><\/p>\n<\/td>\n<td valign=\"top\">\n<p><em>Prezentari <\/em><em>Candidati<\/em><\/p>\n<\/td>\n<\/tr>\n<tr>\n<td width=\"100\" valign=\"top\">\n<p><em>&nbsp;<\/em><em>11:45 \u2013 13:00&nbsp; <\/em><\/p>\n<\/td>\n<td valign=\"top\">\n<p><em>Interventii    ale membrilor si reprezentantilor asociatiilor de proprietari; <\/em><\/p>\n<ul>\n<li><em>Intrebari    \/ Raspunsuri \/ Concluzii<\/em><\/li>\n<\/ul>\n<\/td>\n<\/tr>\n<\/table>\n","protected":false},"excerpt":{"rendered":"<p>1. Din 2011 o serie de proiecte de modificare a Legislatiei cu privire la organizarea si functionarea asociatiilor de proprietari au fost asumate de catre MDRAP! 2. In 2015 a fost supus in dezbatere publica un nou proiect. Am organizat la sediul MDRAP cateva intalniri cu reprezentanti ai asociatiilor de proprietari. 3. In 2015 am [&hellip;]<\/p>\n","protected":false},"author":3,"featured_media":0,"comment_status":"open","ping_status":"open","sticky":false,"template":"","format":"standard","meta":{"footnotes":""},"categories":[1],"tags":[],"class_list":["post-2473","post","type-post","status-publish","format-standard","hentry","category-noutati"],"_links":{"self":[{"href":"https:\/\/www.habitaturban.ro\/index.php?rest_route=\/wp\/v2\/posts\/2473","targetHints":{"allow":["GET"]}}],"collection":[{"href":"https:\/\/www.habitaturban.ro\/index.php?rest_route=\/wp\/v2\/posts"}],"about":[{"href":"https:\/\/www.habitaturban.ro\/index.php?rest_route=\/wp\/v2\/types\/post"}],"author":[{"embeddable":true,"href":"https:\/\/www.habitaturban.ro\/index.php?rest_route=\/wp\/v2\/users\/3"}],"replies":[{"embeddable":true,"href":"https:\/\/www.habitaturban.ro\/index.php?rest_route=%2Fwp%2Fv2%2Fcomments&post=2473"}],"version-history":[{"count":2,"href":"https:\/\/www.habitaturban.ro\/index.php?rest_route=\/wp\/v2\/posts\/2473\/revisions"}],"predecessor-version":[{"id":2475,"href":"https:\/\/www.habitaturban.ro\/index.php?rest_route=\/wp\/v2\/posts\/2473\/revisions\/2475"}],"wp:attachment":[{"href":"https:\/\/www.habitaturban.ro\/index.php?rest_route=%2Fwp%2Fv2%2Fmedia&parent=2473"}],"wp:term":[{"taxonomy":"category","embeddable":true,"href":"https:\/\/www.habitaturban.ro\/index.php?rest_route=%2Fwp%2Fv2%2Fcategories&post=2473"},{"taxonomy":"post_tag","embeddable":true,"href":"https:\/\/www.habitaturban.ro\/index.php?rest_route=%2Fwp%2Fv2%2Ftags&post=2473"}],"curies":[{"name":"wp","href":"https:\/\/api.w.org\/{rel}","templated":true}]}}