{"id":2504,"date":"2017-02-01T18:00:51","date_gmt":"2017-02-01T16:00:51","guid":{"rendered":"http:\/\/www.habitaturban.ro\/?p=2504"},"modified":"2017-02-03T18:02:19","modified_gmt":"2017-02-03T16:02:19","slug":"dezbatere-%e2%80%a2-prezentare-sal-fin-prezentare-asf-asigurarea-locuintelor","status":"publish","type":"post","link":"https:\/\/www.habitaturban.ro\/?p=2504","title":{"rendered":"DEZBATERE \u2022 Prezentare SAL-FIN \/ Prezentare ASF \/ Asigurarea locuintelor"},"content":{"rendered":"<p>In cadrul seminariilor complet  gratuite adresate membrilor si reprezentantilor asociatiilor de proprietari, <strong>VINERI<\/strong>, <strong><u>03.02.2017<\/u><\/strong>, ora  11.00, la Sala de Conferinte de la RADET Ilioara (etaj 3, str. Strada Ilioara  nr. 16 \u2013 fosta Scoala de soferi, Sectorului 3 Bucuresti), are loc Dezbaterea  avand ca teme: <\/p>\n<ul type=\"disc\">\n<li>Prezentare <strong>SAL-FIN<\/strong> &#8211; Solutionare Alternativa a Litigiilor in       Domeniul Financiar Nonbancar<strong> <\/strong><\/li>\n<li>Prezentare <strong>ASF<\/strong>-Autoritatea&nbsp;de Supraveghere       Financiar\u0103<strong> <\/strong><\/li>\n<li>Rolul <strong>ANPC<\/strong><strong> <\/strong><\/li>\n<li><strong>Asigurarea locuintelor<\/strong> (obligatorie si facultativa)<strong> <\/strong><\/li>\n<\/ul>\n<p><strong><u>Dezbaterile\u00a0  vor viza:<\/u><\/strong><\/p>\n<ul>\n<li><em>Relatia asociatiilor de proprietari cu ASF, PAID,  SAL-FIN; ANPC<\/em><\/li>\n<li><em>Asigurarile  facultative \/ Asigurarile obligatorii;<\/em><\/li>\n<li><em>Obligatiile reprezentantilor asociatiilor de  proprietari \/ proprietarilor <\/em><em>cu privire la asigurarea locuintelor<\/em><\/li>\n<\/ul>\n<p><strong><u>Invitati:<\/u><\/strong><\/p>\n<ul>\n<li><em>Reprezentanti ai asociatiilor de proprietari din  Bucuresti;<\/em><\/li>\n<li><em>Reprezentanti ai Serviciilor pentru Asociatiile  de Proprietari din cadrul Primariilor de Sector; <\/em><\/li>\n<li><em>Reprezentanti  ai <\/em><em>SAL-FIN,  ASF, PAID, ANPC, PREFECTURII  MUNICIPIULUI BUCURESTI, PRIMARIEI GENERALE A MUNICIPIULUI BUCURESTI,  CONSILIULUI GENERAL AL MUNICIPIULUI BUCURESTI, <\/em><\/li>\n<li><em>INVITATI  PERMANENTI: RADET BUCURESTI <\/em><\/li>\n<li><em>Specialisti in domeniu;<\/em><\/li>\n<\/ul>\n<div style=\"border:1px solid black; padding:2px\">\n<p><strong>NUM\u0102R  LIMITAT DE LOCURI! V\u0102 RUG\u0102M S\u0102 CONFIRMA\u0162I PARTICIPAREA LA 0726.373.000, 0743.627.705, 021.341.30.62, <\/strong><a href=\"mailto:tatiana.musteata@habitaturban.ro\"><strong>tatiana.musteata@habitaturban.ro<\/strong><\/a><strong>;<\/strong><\/p>\n<\/div>\n<p><\/p>\n<p align=\"center\"><span style=\"font-size:20px\"><strong>Mihai Mereuta<\/strong><\/span><br \/>\n<strong>Presedinte<\/strong><\/p>\n<table border=\"0\" cellspacing=\"0\" cellpadding=\"0\" width=\"100%\">\n<tbody>\n<tr>\n<td width=\"50%\" align=\"center\" valign=\"top\" style=\"border:none\">\n<p align=\"center\"><strong><em>LIGA ASOCIA\u0162IILOR DE PROPRIETARI<\/em><\/strong><\/p>\n<p><strong><em>HABITAT<\/em><\/strong><\/p>\n<\/td>\n<td width=\"50%\" align=\"center\" valign=\"top\" style=\"border:none\">\n<p align=\"center\"><strong><em>ASOCIA\u0162IA ROM\u00c2N\u0102 PENTRU LOCUIN\u0162E<\/em><\/strong><\/p>\n<p><strong><em>CASA PLUS<\/em><\/strong><\/p>\n<\/td>\n<\/tr>\n<\/tbody>\n<\/table>\n<p align=\"center\">&nbsp;<\/p>\n<p align=\"center\"><strong>AGENDA  EVENIMENTULUI <\/strong><\/p>\n<table width=\"100%\" border=\"1\" cellpadding=\"2\" cellspacing=\"0\">\n<tr>\n<td colspan=\"2\" valign=\"top\">\n<p align=\"center\"><strong>VINERI, 03 FEBRUARIE    2017, <\/strong><strong>SALA DE    CONFERINTE &#8211; RADET ILIOARA <\/strong><strong> <\/strong><\/p>\n<\/td>\n<\/tr>\n<tr>\n<td width=\"100\" valign=\"top\">\n<p>10:30 \u2013 11:00<\/p>\n<\/td>\n<td valign=\"top\">\n<p>Primirea si \u00eenregistrarea    participantilor<\/p>\n<\/td>\n<\/tr>\n<tr>\n<td width=\"100\" valign=\"top\">\n<p>11:00 \u2013 11:15<\/p>\n<\/td>\n<td valign=\"top\">\n<p>Cuv\u00e2nt introductiv, prezentarea    invita\u0163ilor, lansarea Conferintei<br \/>\n        Mihai MEREU\u0162\u0102 \u2013 Presedinte <strong>L<\/strong>iga <strong>A<\/strong>sociatiilor de <strong>P<\/strong>roprietari <strong>H<\/strong>abitat<\/p>\n<\/td>\n<\/tr>\n<tr>\n<td width=\"100\" valign=\"top\">\n<p>11:15 \u2013 12:15 <\/p>\n<\/td>\n<td valign=\"top\">\n<p><em>Prezentari<\/em><\/p>\n<ul>\n<li><strong>ASF<\/strong>-Autoritatea&nbsp;de Supraveghere Financiar\u0103<\/li>\n<li><strong>SAL-FIN<\/strong> &#8211; Solutionare Alternativa a    Litigiilor in Domeniul Financiar Nonbancar<strong> <\/strong><\/li>\n<li><strong><em>PAID <\/em><\/strong><\/li>\n<li><strong><em>ANPC <\/em><\/strong><\/li>\n<li><strong><em>RADET <\/em><\/strong><\/li>\n<li><strong><em>Specialisti    \/ Companii in domeniu<\/em><\/strong><\/li>\n<\/ul>\n<\/td>\n<\/tr>\n<tr>\n<td width=\"100\" valign=\"top\">\n<p>12:15 \u2013 13:00&nbsp; <\/p>\n<\/td>\n<td valign=\"top\">\n<ul>\n<li>Interventii ale membrilor si reprezentantilor    asociatiilor de proprietari; <\/li>\n<li>Intrebari \/ Raspunsuri \/ Concluzii<\/li>\n<\/ul>\n<\/td>\n<\/tr>\n<\/table>\n<p>&nbsp;<\/p>\n","protected":false},"excerpt":{"rendered":"<p>In cadrul seminariilor complet gratuite adresate membrilor si reprezentantilor asociatiilor de proprietari, VINERI, 03.02.2017, ora 11.00, la Sala de Conferinte de la RADET Ilioara (etaj 3, str. Strada Ilioara nr. 16 \u2013 fosta Scoala de soferi, Sectorului 3 Bucuresti), are loc Dezbaterea avand ca teme: Prezentare SAL-FIN &#8211; Solutionare Alternativa a Litigiilor in Domeniul Financiar [&hellip;]<\/p>\n","protected":false},"author":3,"featured_media":0,"comment_status":"open","ping_status":"open","sticky":false,"template":"","format":"standard","meta":{"footnotes":""},"categories":[1],"tags":[],"class_list":["post-2504","post","type-post","status-publish","format-standard","hentry","category-noutati"],"_links":{"self":[{"href":"https:\/\/www.habitaturban.ro\/index.php?rest_route=\/wp\/v2\/posts\/2504","targetHints":{"allow":["GET"]}}],"collection":[{"href":"https:\/\/www.habitaturban.ro\/index.php?rest_route=\/wp\/v2\/posts"}],"about":[{"href":"https:\/\/www.habitaturban.ro\/index.php?rest_route=\/wp\/v2\/types\/post"}],"author":[{"embeddable":true,"href":"https:\/\/www.habitaturban.ro\/index.php?rest_route=\/wp\/v2\/users\/3"}],"replies":[{"embeddable":true,"href":"https:\/\/www.habitaturban.ro\/index.php?rest_route=%2Fwp%2Fv2%2Fcomments&post=2504"}],"version-history":[{"count":2,"href":"https:\/\/www.habitaturban.ro\/index.php?rest_route=\/wp\/v2\/posts\/2504\/revisions"}],"predecessor-version":[{"id":2506,"href":"https:\/\/www.habitaturban.ro\/index.php?rest_route=\/wp\/v2\/posts\/2504\/revisions\/2506"}],"wp:attachment":[{"href":"https:\/\/www.habitaturban.ro\/index.php?rest_route=%2Fwp%2Fv2%2Fmedia&parent=2504"}],"wp:term":[{"taxonomy":"category","embeddable":true,"href":"https:\/\/www.habitaturban.ro\/index.php?rest_route=%2Fwp%2Fv2%2Fcategories&post=2504"},{"taxonomy":"post_tag","embeddable":true,"href":"https:\/\/www.habitaturban.ro\/index.php?rest_route=%2Fwp%2Fv2%2Ftags&post=2504"}],"curies":[{"name":"wp","href":"https:\/\/api.w.org\/{rel}","templated":true}]}}