{"id":2507,"date":"2017-02-12T12:41:11","date_gmt":"2017-02-12T10:41:11","guid":{"rendered":"http:\/\/www.habitaturban.ro\/?p=2507"},"modified":"2017-02-14T12:41:42","modified_gmt":"2017-02-14T10:41:42","slug":"invitatie-dezbaterea-%e2%80%93-colectare-deseuri-noutati-2017","status":"publish","type":"post","link":"https:\/\/www.habitaturban.ro\/?p=2507","title":{"rendered":"INVITATIE DEZBATEREA \u2013 COLECTARE DESEURI -NOUTATI 2017!"},"content":{"rendered":"<p><strong>Joi<\/strong>, <strong><u>16.02.2017<\/u><\/strong>, ora 11.00, la Sala de Conferinte de  la RADET Ilioara (etaj 3, str. Strada Ilioara nr. 16 \u2013 fosta Scoala de  soferi, Sectorului 3 Bucuresti, Centrul de Formare Profesionala  RADET), are loc <strong>Dezbaterea<\/strong> avand ca teme: <strong>COLECTAREA SEPARATA, <\/strong><strong>RECICLAREA \u015eI VALORIFICAREA DESEURILOR! NOUTATI 2017!<\/strong> <br \/>\n  <strong><u>Dezbaterile\u00a0  vor viza:<\/u><\/strong><\/p>\n<ul>\n<li><strong><em>prorogarea termenului  pentru plata taxei de 80 lei\/ton\u0103 pentru depunerea de\u015feurilor si clarificarea legisla\u0163iei privind taxa pentru  de\u015feuri aplicabil\u0103 de la 1 ianuarie 2017<\/em><\/strong><\/li>\n<li><em>Relatia  asociatiilor de proprietari cu operatorii in domeniu;<\/em><\/li>\n<li><em>Situatia <\/em><strong><em>COLECTARII SEPARATE, <\/em><\/strong><strong><em>RECICLARII \u015eI  VALORIFICARII DESEURILOR <\/em><\/strong><em>in Bucuresti <\/em><\/li>\n<li><em>Obligatiile proprietarilor \/ membrilor si  reprezentantilor asociatiilor de proprietari <\/em><em>cu privire la <\/em><strong><em>COLECTAREA SEPARATA, <\/em><\/strong><strong><em>RECICLAREA \u015eI  VALORIFICAREA DESEURILOR<\/em><\/strong><strong><em>;<\/em><\/strong><strong><\/strong><\/li>\n<\/ul>\n<p><strong><u>Invitati:<\/u><\/strong><\/p>\n<ul>\n<li><em>Reprezentanti  ai asociatiilor de proprietari din Bucuresti; <\/em><em>Institutul pentru Politici Publice (IPP), Reprezentanti ai Primariilor de Sector; Reprezentanti  ai operatorilor in domeniu, AMRSP, ANRSC, APMB, GNM- BUCURESTI,  PREFECTURII MUNICIPIULUI BUCURESTI, PRIMARIEI GENERALE A MUNICIPIULUI  BUCURESTI, CONSILIULUI GENERAL AL MUNICIPIULUI BUCURESTI, <\/em><\/li>\n<li><em>INVITATI  PERMANENTI: RADET BUCURESTI <\/em><\/li>\n<li><em>Specialisti  in domeniu; ENVIRON-SNRB, <\/em><em>ECO<\/em><em>-ROM AMBALAJE <\/em><\/li>\n<\/ul>\n<p>&nbsp;<\/p>\n<div style=\"border:1px solid black; padding:2px\">\n<p><strong>NUM\u0102R  LIMITAT DE LOCURI! V\u0102 RUG\u0102M S\u0102 CONFIRMA\u0162I PARTICIPAREA LA 0726.373.000, 0743.627.705, 021.341.30.62, <\/strong><a href=\"mailto:tatiana.musteata@habitaturban.ro\"><strong>tatiana.musteata@habitaturban.ro<\/strong><\/a><strong>;<\/strong><\/p>\n<\/div>\n<p align=\"center\"><span style=\"font-size:20px\"><strong>Mihai Mereuta<\/strong><\/span><br \/>\n<strong>Presedinte<\/strong><\/p>\n<table border=\"0\" cellspacing=\"0\" cellpadding=\"0\" width=\"100%\">\n<tbody>\n<tr>\n<td width=\"50%\" align=\"center\" valign=\"top\" style=\"border:none\">\n<p align=\"center\"><strong><em>LIGA ASOCIA\u0162IILOR DE PROPRIETARI<\/em><\/strong><\/p>\n<p><strong><em>HABITAT<\/em><\/strong><\/p>\n<\/td>\n<td width=\"50%\" align=\"center\" valign=\"top\" style=\"border:none\">\n<p align=\"center\"><strong><em>ASOCIA\u0162IA ROM\u00c2N\u0102 PENTRU LOCUIN\u0162E<\/em><\/strong><\/p>\n<p><strong><em>CASA PLUS<\/em><\/strong><\/p>\n<\/td>\n<\/tr>\n<\/tbody>\n<\/table>\n<p>&nbsp;<\/p>\n<p>&nbsp;<\/p>\n<p align=\"center\"><strong>AGENDA  EVENIMENTULUI <\/strong><\/p>\n<table border=\"1\" cellspacing=\"0\" cellpadding=\"3\" width=\"100%\">\n<tr>\n<td colspan=\"2\" valign=\"top\">\n      <strong>JOI, 16 FEBRUARIE 2017, SALA DE CONFERINTE ILIOARA RADET <\/strong><\/td>\n<\/tr>\n<tr>\n<td width=\"102\" valign=\"top\">\n<p><em>10:30 \u2013 11.00<\/em><\/p>\n<\/td>\n<td valign=\"top\">\n<p><em>PRIMIREA SI \u00ceNREGISTRAREA PARTICIPANTILOR <\/em><\/p>\n<\/td>\n<\/tr>\n<tr>\n<td width=\"102\" valign=\"top\">\n<p><em>&nbsp;<\/em><\/p>\n<p><em>11:00 \u2013 11:15<\/em><\/p>\n<\/td>\n<td valign=\"top\">\n<p><em>CUV\u00c2NT INTRODUCTIV, PREZENTAREA INVITA\u0162ILOR, LANSAREA    CONFERINTEI <\/em><\/p>\n<ul type=\"disc\">\n<li><em>MIHAI MEREUTA \u2013         PRESEDINTE LIGA ASOCIATIILOR DE PROPRIETARI HABITAT ASOCIATIA ROMANA         PENTRU LOCUINTE CASA PLUS; <\/em><\/li>\n<\/ul>\n<\/td>\n<\/tr>\n<tr>\n<td width=\"102\" valign=\"top\">\n<p><em>&nbsp;<\/em><\/p>\n<p><em>11:15 \u2013 12:15<\/em><\/p>\n<\/td>\n<td valign=\"top\">\n<p><em>PREZENTARI <\/em><\/p>\n<ul type=\"disc\">\n<li><em>INSTITUTIA PREFECTULUI MUNICIPIULUI         BUCURESTI, PRIMARIA MUNICIPIULUI BUCURESTI, PRIMARII DE SECTOR, APMB,         GNM- BUCURESTI<\/em><\/li>\n<li><em>AUTORITATEA MUNICIPALA DE REGLEMENTARE A         SERVICIILOR PUBLICE &#8211; A.M.R.S.P. <\/em><\/li>\n<li><em>ENVIRON \u2013 SNRB, ECO-ROM AMBALAJE; <\/em><em>ASOCIA\u021aIA ROM\u00c2N\u0102 PENTRU RECICLARE&nbsp;<\/em><em>\u2013 ROREC, <\/em><\/li>\n<li><em>ASOCIATIA ROMANA PENTRU MANAGEMENTUL DESEURILOR \u2013 ARMD <\/em><\/li>\n<li><em>COMPANII DE SALUBRIZARE<strong> <\/strong><\/em><\/li>\n<\/ul>\n<\/td>\n<\/tr>\n<tr>\n<td width=\"102\" valign=\"top\">\n<p>\n      <em>12:15 \u2013 13:00&nbsp;<strong><\/strong><\/em><\/p>\n<\/td>\n<td valign=\"top\">\n<ul type=\"disc\">\n<li><em>INTERVENTII ALE MEMBRILOR SI REPREZENTANTILOR ASOCIATIILOR DE         PROPRIETARI; <\/em><\/li>\n<li><em>INTREBARI \/ RASPUNSURI \/ CONCLUZII <\/em><\/li>\n<\/ul>\n<\/td>\n<\/tr>\n<\/table>\n<p>&nbsp;<\/p>\n","protected":false},"excerpt":{"rendered":"<p>Joi, 16.02.2017, ora 11.00, la Sala de Conferinte de la RADET Ilioara (etaj 3, str. Strada Ilioara nr. 16 \u2013 fosta Scoala de soferi, Sectorului 3 Bucuresti, Centrul de Formare Profesionala RADET), are loc Dezbaterea avand ca teme: COLECTAREA SEPARATA, RECICLAREA \u015eI VALORIFICAREA DESEURILOR! NOUTATI 2017! Dezbaterile\u00a0 vor viza: prorogarea termenului pentru plata taxei de [&hellip;]<\/p>\n","protected":false},"author":3,"featured_media":0,"comment_status":"open","ping_status":"open","sticky":false,"template":"","format":"standard","meta":{"footnotes":""},"categories":[1],"tags":[],"class_list":["post-2507","post","type-post","status-publish","format-standard","hentry","category-noutati"],"_links":{"self":[{"href":"https:\/\/www.habitaturban.ro\/index.php?rest_route=\/wp\/v2\/posts\/2507","targetHints":{"allow":["GET"]}}],"collection":[{"href":"https:\/\/www.habitaturban.ro\/index.php?rest_route=\/wp\/v2\/posts"}],"about":[{"href":"https:\/\/www.habitaturban.ro\/index.php?rest_route=\/wp\/v2\/types\/post"}],"author":[{"embeddable":true,"href":"https:\/\/www.habitaturban.ro\/index.php?rest_route=\/wp\/v2\/users\/3"}],"replies":[{"embeddable":true,"href":"https:\/\/www.habitaturban.ro\/index.php?rest_route=%2Fwp%2Fv2%2Fcomments&post=2507"}],"version-history":[{"count":1,"href":"https:\/\/www.habitaturban.ro\/index.php?rest_route=\/wp\/v2\/posts\/2507\/revisions"}],"predecessor-version":[{"id":2508,"href":"https:\/\/www.habitaturban.ro\/index.php?rest_route=\/wp\/v2\/posts\/2507\/revisions\/2508"}],"wp:attachment":[{"href":"https:\/\/www.habitaturban.ro\/index.php?rest_route=%2Fwp%2Fv2%2Fmedia&parent=2507"}],"wp:term":[{"taxonomy":"category","embeddable":true,"href":"https:\/\/www.habitaturban.ro\/index.php?rest_route=%2Fwp%2Fv2%2Fcategories&post=2507"},{"taxonomy":"post_tag","embeddable":true,"href":"https:\/\/www.habitaturban.ro\/index.php?rest_route=%2Fwp%2Fv2%2Ftags&post=2507"}],"curies":[{"name":"wp","href":"https:\/\/api.w.org\/{rel}","templated":true}]}}