{"id":2516,"date":"2017-03-16T16:57:53","date_gmt":"2017-03-16T14:57:53","guid":{"rendered":"http:\/\/www.habitaturban.ro\/?p=2516"},"modified":"2017-03-23T12:33:59","modified_gmt":"2017-03-23T10:33:59","slug":"comunicat-dezbaterea-publica-corect-legal","status":"publish","type":"post","link":"https:\/\/www.habitaturban.ro\/?p=2516","title":{"rendered":"COMUNICAT Dezbaterea publica &#8222;CORECT &#038; LEGAL&#8221;"},"content":{"rendered":"<p><strong><em>Federatia  Asociatiilor de Proprietari Brasov<\/em><\/strong><em> organizeaza <\/em><strong><em>Dezbaterea publica &quot;CORECT  &amp; LEGAL&quot;. <\/em><\/strong><em>Acest eveniment incheie seria intalnirilor de analize si dezbateri privind  necesitatea si oportunitatea modificarii legii 230\/2007, de infiintare,  organizare si functionare a Asociatiilor de Proprietari din Romania.  Evenimentul se adreseaza Asociatiilor de Proprietari interesate in bunul mers  al activitatilor de organizare si administrare a asociatiei si in mod special,  presedintilor, administratorilor &#8211; contabili si membrilor, comitetului executiv  al acestora. <\/em><br \/>\n  <em>Locatia:<strong> Aula  Universitatii Transilvania Brasov (<\/strong><\/em><em>str. Iuliu Maniu  nr.41A. Brasov).<\/em><strong><\/strong><br \/>\n  <em>Data:<strong> 17 <\/strong>si <strong>18  Martie <\/strong><\/em><em>2017.<\/em><br \/>\n  <em>Ora:<strong> 13:00 &#8211; Vineri <\/strong><\/em><em>17 Martie \u2013 dezbaterea cu  Asociatiile de Proprietari<\/em><br \/>\n  <em>Ora:<strong> 11:00 &#8211; Sambata <\/strong><\/em><em>18 Martie \u2013 dezbaterea cu  Parlamentarii<\/em><br \/>\n  <strong><em>Invitati: <\/em><\/strong><em>Parlamentarii de Brasov, Primaria Brasov si  specialisti in drept administrativ si administratie publica.<\/em><br \/>\n  <strong><em>La aceast\u0103 \u00eent\u00e2lnire va participa si <\/em><\/strong><strong><em>dl. Mihai Mereu\u0163\u0103 &#8211; Presedinte Liga  Asociatiilor de Proprietari \u2013 Habitat (Organizatie Nationala a Asociatiilor de  Proprietari!).<\/em><\/strong><\/p>\n<div style=\"border:1px solid black; padding:2px\">\n<p><em>Pentru informatii  suplimentare si pentru confirmarea participarii va puteti adresa la: <\/em><br \/>\n  <strong><em>Av.Vasile Emil Martin \u2013 Presedinte Federatia Asociatiilor de Proprietari  Brasov<\/em><\/strong><br \/>\n  <em>Brasov, B-dul Mihail Kogalniceanu nr.23, bl.C7, et.4,  cam. 403 (Cladirea Primariei-Centrul Civic), Tel\/Fax 0368.402.002 \/  0774.487.972 Email: fapbrasov@yahoo.com<\/em><br \/>\n  <em>Webb: fapbv.ro \/ Facebook: fapbrasov<\/em><br \/>\n<strong><em>NUMAR LIMITAT DE LOCURI! ACCESUL NUMAI DUPA INREGISTRARE  SI CONFIRMAREA DIN PARTEA ORGANIZATORILOR- FAP BRASOV! <\/em><\/strong><\/p>\n<\/div>\n<p><em>Va dorim <strong>succes<\/strong> in activitatea pe care o desfasurati, va multumim  pentru colaborare si sprijin si va asiguram de intreaga noastra consideratie.<\/em><\/p>\n<p align=\"center\"><span style=\"font-size:20px\"><strong>Mihai Mereuta<\/strong><\/span><br \/>\n<strong>Presedinte<\/strong><\/p>\n<table border=\"0\" cellspacing=\"0\" cellpadding=\"0\" width=\"100%\">\n<tbody>\n<tr>\n<td width=\"50%\" align=\"center\" valign=\"top\" style=\"border:none\">\n<p align=\"center\"><strong><em>LIGA ASOCIA\u0162IILOR DE PROPRIETARI<\/em><\/strong><\/p>\n<p><strong><em>HABITAT<\/em><\/strong><\/p>\n<\/td>\n<td width=\"50%\" align=\"center\" valign=\"top\" style=\"border:none\">\n<p align=\"center\"><strong><em>ASOCIA\u0162IA ROM\u00c2N\u0102 PENTRU LOCUIN\u0162E<\/em><\/strong><\/p>\n<p><strong><em>CASA PLUS<\/em><\/strong><\/p>\n<\/td>\n<\/tr>\n<\/tbody>\n<\/table>\n","protected":false},"excerpt":{"rendered":"<p>Federatia Asociatiilor de Proprietari Brasov organizeaza Dezbaterea publica &quot;CORECT &amp; LEGAL&quot;. Acest eveniment incheie seria intalnirilor de analize si dezbateri privind necesitatea si oportunitatea modificarii legii 230\/2007, de infiintare, organizare si functionare a Asociatiilor de Proprietari din Romania. Evenimentul se adreseaza Asociatiilor de Proprietari interesate in bunul mers al activitatilor de organizare si administrare a [&hellip;]<\/p>\n","protected":false},"author":3,"featured_media":0,"comment_status":"open","ping_status":"open","sticky":false,"template":"","format":"standard","meta":{"footnotes":""},"categories":[1],"tags":[],"class_list":["post-2516","post","type-post","status-publish","format-standard","hentry","category-noutati"],"_links":{"self":[{"href":"https:\/\/www.habitaturban.ro\/index.php?rest_route=\/wp\/v2\/posts\/2516","targetHints":{"allow":["GET"]}}],"collection":[{"href":"https:\/\/www.habitaturban.ro\/index.php?rest_route=\/wp\/v2\/posts"}],"about":[{"href":"https:\/\/www.habitaturban.ro\/index.php?rest_route=\/wp\/v2\/types\/post"}],"author":[{"embeddable":true,"href":"https:\/\/www.habitaturban.ro\/index.php?rest_route=\/wp\/v2\/users\/3"}],"replies":[{"embeddable":true,"href":"https:\/\/www.habitaturban.ro\/index.php?rest_route=%2Fwp%2Fv2%2Fcomments&post=2516"}],"version-history":[{"count":2,"href":"https:\/\/www.habitaturban.ro\/index.php?rest_route=\/wp\/v2\/posts\/2516\/revisions"}],"predecessor-version":[{"id":2523,"href":"https:\/\/www.habitaturban.ro\/index.php?rest_route=\/wp\/v2\/posts\/2516\/revisions\/2523"}],"wp:attachment":[{"href":"https:\/\/www.habitaturban.ro\/index.php?rest_route=%2Fwp%2Fv2%2Fmedia&parent=2516"}],"wp:term":[{"taxonomy":"category","embeddable":true,"href":"https:\/\/www.habitaturban.ro\/index.php?rest_route=%2Fwp%2Fv2%2Fcategories&post=2516"},{"taxonomy":"post_tag","embeddable":true,"href":"https:\/\/www.habitaturban.ro\/index.php?rest_route=%2Fwp%2Fv2%2Ftags&post=2516"}],"curies":[{"name":"wp","href":"https:\/\/api.w.org\/{rel}","templated":true}]}}