{"id":2525,"date":"2017-03-28T13:45:25","date_gmt":"2017-03-28T11:45:25","guid":{"rendered":"http:\/\/www.habitaturban.ro\/?p=2525"},"modified":"2017-03-28T13:45:25","modified_gmt":"2017-03-28T11:45:25","slug":"invitatie-dezbaterea-%e2%80%93-siguranta-personala-siguranta-locuintei-si-a-bunurilor","status":"publish","type":"post","link":"https:\/\/www.habitaturban.ro\/?p=2525","title":{"rendered":"INVITATIE DEZBATEREA \u2013 Siguran\u0163a personala, siguran\u0163a locuin\u0163ei \u015fi a bunurilor!"},"content":{"rendered":"<p><strong>Luni<\/strong>, <strong>03<\/strong><strong>.04.2017<\/strong>, ora 11.00, la Sala de  Conferinte de la RADET Ilioara (etaj 3, str. Strada Ilioara nr. 16 \u2013 fosta  Scoala de soferi, Sectorului 3 Bucuresti, Centrul  de Formare Profesionala RADET), are loc va avea loc o activitate informativ-preventiv\u0103, dedicat\u0103 administratorilor  de imobile, membrilor si reprezentantilor asociatiilor de proprietari, pe tema <strong><em>siguran\u0163ei  personale, locuin\u0163ei \u015fi a bunurilor<\/em><\/strong>.<br \/>\n  Actiunea se va  derula in cadrul <strong>,,<em>S\u0103pt\u0103m\u00e2nii Prevenirii  Criminalit\u0103\u0163ii<\/em><\/strong>&rdquo;, manifestare ini\u0163iat\u0103 de Poli\u0163ia Rom\u00e2n\u0103 \u015fi care const\u0103  \u00een organizarea unor evenimente publice cu caracter preventiv, \u00een acord cu  priorit\u0103\u0163ile institu\u0163ionale privind siguran\u0163a cet\u0103\u0163enilor.\u00a0 <br \/>\n  \u00cen cadrul \u00eent\u00e2lnirii  se vor prezenta modurile de operare frecvente \u015fi modalit\u0103\u0163ile de prevenire  pentru furturile din locuin\u0163e, de\/din auto, t\u00e2lh\u0103rii, \u00een\u015fel\u0103ciuni prin telefon.<br \/>\n  <strong><em>Invitati: <\/em><\/strong><em>Reprezentanti  ai asociatiilor de proprietari din Bucuresti; <\/em><em>Poli\u021bia Rom\u00e2n\u0103 &#8211; Institutul de Cercetare \u0219i  Prevenire a Criminalit\u0103\u021bii (<\/em><em>Inspectoratul General al Poli\u0163iei Rom\u00e2ne)<\/em><em>, <\/em><em>Direc\u0163ia  General\u0103 de Poli\u0163ie a Municipiului Bucure\u015fti,&nbsp;Poli\u021bia Local\u0103 a  Municipiului Bucure\u0219ti<\/em><em>, Politia Locala Sector 1-6 Bucuresti; specialisti si companii in domeniu.<\/em><br \/>\n  <em>Invitat permanent- RADET  Bucuresti.<\/em><br \/>\n  <strong><em>V\u0103 invit\u0103m s\u0103  participati al\u0103turi de noi la acest eveniment \u015fi v\u0103 rug\u0103m s\u0103 populariza\u0163i  aceast\u0103 activitate \u00een r\u00e2ndul cetatenilor, astfel \u00eenc\u00e2t un num\u0103r c\u00e2t mai mare  dintre ace\u015ftia s\u0103 beneficieze de informa\u0163iile preventive puse la dispozi\u0163ie de  Poli\u0163ia Rom\u00e2n\u0103. <\/em><\/strong><br \/>\n  Sprijinul dumneavoastra, participarea specialistilor delegati sunt  factori ce contribuie la ceea ce noi consider\u0103m c\u0103 sunt programe de succes.<\/p>\n<div style=\"border:1px solid black; padding:2px\">\n<p>\n  <strong>NUM\u0102R  LIMITAT DE LOCURI &#8211; 60! V\u0102 RUG\u0102M S\u0102 CONFIRMA\u0162I PARTICIPAREA LA 0726.373.000, 0743.627.705, 021.341.30.62, <\/strong><a href=\"mailto:tatiana.musteata@habitaturban.ro\"><strong>tatiana.musteata@habitaturban.ro<\/strong><\/a><strong>;<\/strong><br \/>\n  <em>Persoan\u0103 de contact <\/em><em>Poli\u021bia Rom\u00e2n\u0103 &#8211; Institutul de Cercetare \u0219i  Prevenire a Criminalit\u0103\u021bi<\/em><em>: <strong>comisar-sef de poli\u0163ie<\/strong> <strong>Deoanca Drago\u015f<\/strong> \u2013 tel. 0212082525\/int  26373, prevenire@politiaromana.ro!\u00a0 <\/em><\/p>\n<\/div>\n<p><em>Va dorim <strong>succes<\/strong> in activitatea pe care o desfasurati, va multumim  pentru colaborare si sprijin si va asiguram de intreaga noastra consideratie.<\/em><\/p>\n<p align=\"center\"><span style=\"font-size:20px\"><strong>Mihai Mereuta<\/strong><\/span><br \/>\n  <strong>Presedinte<\/strong><\/p>\n<table border=\"0\" cellspacing=\"0\" cellpadding=\"0\" width=\"100%\">\n<tbody>\n<tr>\n<td width=\"50%\" align=\"center\" valign=\"top\" style=\"border:none\">\n<p align=\"center\"><strong><em>LIGA ASOCIA\u0162IILOR DE PROPRIETARI<\/em><\/strong><\/p>\n<p><strong><em>HABITAT<\/em><\/strong><\/p>\n<\/td>\n<td width=\"50%\" align=\"center\" valign=\"top\" style=\"border:none\">\n<p align=\"center\"><strong><em>ASOCIA\u0162IA ROM\u00c2N\u0102 PENTRU LOCUIN\u0162E<\/em><\/strong><\/p>\n<p><strong><em>CASA PLUS<\/em><\/strong><\/p>\n<\/td>\n<\/tr>\n<\/tbody>\n<\/table>\n<p align=\"center\">&nbsp;<\/p>\n<p align=\"center\">&nbsp;<\/p>\n<p align=\"center\"><strong>AGENDA EVENIMENTULUI <\/strong><\/p>\n<table border=\"1\" cellspacing=\"0\" cellpadding=\"3\" width=\"100%\">\n<tr>\n<td colspan=\"2\" valign=\"top\">\n<p align=\"center\"><strong>LUNI, 03 APRILIE 2017, SALA DE CONFERINTE ILIOARA RADET <\/strong><\/p>\n<\/td>\n<\/tr>\n<tr>\n<td width=\"102\" valign=\"top\">\n<p><em>10:30 \u2013 11.00<\/em><\/p>\n<\/td>\n<td valign=\"top\">\n<p><em>PRIMIREA SI \u00ceNREGISTRAREA PARTICIPANTILOR <\/em><\/p>\n<\/td>\n<\/tr>\n<tr>\n<td width=\"102\" valign=\"top\">\n<p><em>&nbsp;<\/em><\/p>\n<p><em>11:00 \u2013 11:15<\/em><\/p>\n<\/td>\n<td valign=\"top\">\n<p><em>CUV\u00c2NT INTRODUCTIV, PREZENTAREA INVITA\u0162ILOR, LANSAREA    CONFERINTEI <\/em><\/p>\n<ul type=\"disc\">\n<li><em>MIHAI MEREUTA \u2013         PRESEDINTE LIGA ASOCIATIILOR DE PROPRIETARI HABITAT\/ ASOCIATIA ROMANA         PENTRU LOCUINTE CASA PLUS; <\/em><\/li>\n<\/ul>\n<\/td>\n<\/tr>\n<tr>\n<td width=\"102\" valign=\"top\">\n<p><em>&nbsp;<\/em><\/p>\n<p><em>11:15 \u2013 12:15<\/em><\/p>\n<\/td>\n<td valign=\"top\">\n<p><em>Prezentari<\/em><\/p>\n<ul type=\"disc\">\n<li><em>Poli\u021bia Rom\u00e2n\u0103 &#8211; Institutul de Cercetare \u0219i         Prevenire a Criminalit\u0103\u021bii <\/em><\/li>\n<li><em>Direc\u0163ia         General\u0103 de Poli\u0163ie a Municipiului Bucure\u015fti,&nbsp;<\/em><strong><\/strong><\/li>\n<li><em>Poli\u021bia Local\u0103 a         Municipiului Bucure\u0219ti<\/em><em>, <\/em><strong><\/strong><\/li>\n<li><em>Politia Locala Sector 1-6 Bucuresti; <\/em><strong><\/strong><\/li>\n<li><em>Companii \/ specialisti in domeniu<strong><\/strong><\/em><\/li>\n<\/ul>\n<\/td>\n<\/tr>\n<tr>\n<td width=\"102\" valign=\"top\">\n<p>\n        <em>12:15 \u2013 13:00&nbsp;<strong><\/strong><\/em><\/p>\n<\/td>\n<td valign=\"top\">\n<ul type=\"disc\">\n<li><em>INTERVENTII ALE MEMBRILOR SI REPREZENTANTILOR ASOCIATIILOR DE         PROPRIETARI; <\/em><\/li>\n<li><em>INTREBARI \/ RASPUNSURI \/ CONCLUZII <\/em><\/li>\n<\/ul>\n<\/td>\n<\/tr>\n<\/table>\n","protected":false},"excerpt":{"rendered":"<p>Luni, 03.04.2017, ora 11.00, la Sala de Conferinte de la RADET Ilioara (etaj 3, str. Strada Ilioara nr. 16 \u2013 fosta Scoala de soferi, Sectorului 3 Bucuresti, Centrul de Formare Profesionala RADET), are loc va avea loc o activitate informativ-preventiv\u0103, dedicat\u0103 administratorilor de imobile, membrilor si reprezentantilor asociatiilor de proprietari, pe tema siguran\u0163ei personale, locuin\u0163ei [&hellip;]<\/p>\n","protected":false},"author":3,"featured_media":0,"comment_status":"open","ping_status":"open","sticky":false,"template":"","format":"standard","meta":{"footnotes":""},"categories":[1],"tags":[],"class_list":["post-2525","post","type-post","status-publish","format-standard","hentry","category-noutati"],"_links":{"self":[{"href":"https:\/\/www.habitaturban.ro\/index.php?rest_route=\/wp\/v2\/posts\/2525","targetHints":{"allow":["GET"]}}],"collection":[{"href":"https:\/\/www.habitaturban.ro\/index.php?rest_route=\/wp\/v2\/posts"}],"about":[{"href":"https:\/\/www.habitaturban.ro\/index.php?rest_route=\/wp\/v2\/types\/post"}],"author":[{"embeddable":true,"href":"https:\/\/www.habitaturban.ro\/index.php?rest_route=\/wp\/v2\/users\/3"}],"replies":[{"embeddable":true,"href":"https:\/\/www.habitaturban.ro\/index.php?rest_route=%2Fwp%2Fv2%2Fcomments&post=2525"}],"version-history":[{"count":1,"href":"https:\/\/www.habitaturban.ro\/index.php?rest_route=\/wp\/v2\/posts\/2525\/revisions"}],"predecessor-version":[{"id":2526,"href":"https:\/\/www.habitaturban.ro\/index.php?rest_route=\/wp\/v2\/posts\/2525\/revisions\/2526"}],"wp:attachment":[{"href":"https:\/\/www.habitaturban.ro\/index.php?rest_route=%2Fwp%2Fv2%2Fmedia&parent=2525"}],"wp:term":[{"taxonomy":"category","embeddable":true,"href":"https:\/\/www.habitaturban.ro\/index.php?rest_route=%2Fwp%2Fv2%2Fcategories&post=2525"},{"taxonomy":"post_tag","embeddable":true,"href":"https:\/\/www.habitaturban.ro\/index.php?rest_route=%2Fwp%2Fv2%2Ftags&post=2525"}],"curies":[{"name":"wp","href":"https:\/\/api.w.org\/{rel}","templated":true}]}}