{"id":2529,"date":"2017-04-11T14:12:20","date_gmt":"2017-04-11T12:12:20","guid":{"rendered":"http:\/\/www.habitaturban.ro\/?p=2529"},"modified":"2017-04-11T14:14:10","modified_gmt":"2017-04-11T12:14:10","slug":"conferinta-nationala-a-asociatiilor-de-proprietari-targu-mure%c8%99","status":"publish","type":"post","link":"https:\/\/www.habitaturban.ro\/?p=2529","title":{"rendered":"Conferin\u0163a Na\u0163ional\u0103 a  Asocia\u0163iilor de Proprietari &#8211; T\u00e2rgu Mure\u0219"},"content":{"rendered":"<p>Vineri, <strong>12 mai<\/strong>, la <strong>T\u00e2rgu Mure\u0219<\/strong>, <strong>Liga  Asociatiilor de Proprietari <\/strong><strong>T\u00e2rgu Mure\u0219<\/strong>, in colaborare cu <strong>Liga Nationala a Asociatiilor  de Proprietari Habitat, <\/strong>cu  sprijinul deosebit al <strong>Primariei <\/strong><strong>T\u00e2rgu Mure\u0219<\/strong><strong>,\u00a0 <\/strong>organizeaza<strong> Conferinta  Nationala a Asociatiilor de Proprietari.<\/strong><br \/>\n  In cadrul acestui eveniment vom dezbate<\/p>\n<ul>\n<li><strong><em>ROLUL ASOCIATIILOR DE PROPRIETARI IN DESIGNUL SI  APLICAREA STRATEGIILOR LOCALE IN DOMENIUL SERVICIILOR PUBLICE, EFICIENTEI  ENERGETICE, LOCUITULUI; <\/em><\/strong><\/li>\n<li><strong><em>IMBUNATATIREA CADRULUI LEGAL CE GUVERNEAZA       ORGANIZAREA SI FUNCTIONAREA ASOCIATIILOR DE PROPRIETARI \u2013 INTERVENTII ALE       PARLAMENTARILOR, REPREZENTANTILOR MDRAPFE, PARLAMENTARI. <\/em><\/strong><\/li>\n<li><strong><em>CADRUL LEGAL IN DOMENIUL SERVICIILOR PUBLICE,       EFICIENTEI ENERGETICE \u2013 INTERVENTII ALE REPREZENTANTILOR ANRSC SI ANRE,       PARLAMENTARI <\/em><\/strong><\/li>\n<li><strong><em>EFICIEN\u0162A ENERGETIC\u0102 \u2013 PRIORITATE NA\u0162IONAL\u0102       PENTRU<\/em><\/strong><strong><\/strong><strong><em>REDUCEREA S\u0102R\u0102CIEI       ENERGETICE, CRE\u015eTEREA CALIT\u0102\u0162II VIE\u0162II \u015eI SIGURAN\u0162A CONSUMATORILOR DE       ENERGIE- INTERVENTII ALE REPREZENTANTILOR\u00a0       ANRE <\/em><\/strong><\/li>\n<li><strong><em>PROGRAMELE NATIONALE IN DOMENIUL LOCUINTELOR       (REABILITARE TERMICA, CONSOLIDARE, STRATEGII) &#8211; INTERVENTII ALE       REPREZENTANTILOR MDRAPFE, BPIE. <\/em><\/strong><\/li>\n<li><strong><em>VENITUL MINIM DE INCLUZIUNE &#8211; SUPLIMENTUL       PENTRU LOCUIRE- SUNT AUTORITATILE PREGATITE? &#8211; <\/em><\/strong><strong><em>INTERVENTII ALE REPREZENTANTILOR\u00a0 <\/em><\/strong><strong><em>MINISTERULUI MUNCII \u015eI       JUSTI\u021aIEI SOCIALE<\/em><\/strong><strong><em>, <\/em><\/strong><strong><em>ANRE <\/em><\/strong><\/li>\n<li><strong><em>ASOCIATIILE DE PROPRIETARI \u2013 ASOCIATII DE       PROTECTIE A CONSUMATORILOR &#8211; INTERVENTII ALE REPREZENTANTILOR ANPC <\/em><\/strong><\/li>\n<\/ul>\n<p style=\"font-size:20px\"><strong><em>Ne face o deosebita placere de a va invita la acesta  Conferinta!<\/em><\/strong><\/p>\n<p><em>Sprijinul dumneavoastra, participarea  specialistilor delegati sunt factori ce contribuie la succesul acestei actiuni.<\/em><\/p>\n<p><strong>Va rugam sa confirmati participarea  pana in data de <u>28 aprilie<\/u>. <\/strong><\/p>\n<div style=\"border:1px solid black; padding:2px\">\n<p><strong><em>NUMAR LILITAT DE  LOCURI!<\/em><\/strong><br \/>\n    <strong><em>Pentru inscriere  sau pt informatii suplimentare: <\/em><\/strong><br \/>\n    <em>&#8211;<strong>Liga Asociatiilor  de Proprietari Habitat<\/strong><\/em><br \/>\n    <strong><em>Tatiana Musteata<\/em><\/strong><em> &#8211; Director Executiv  -Mobil 0726.373.000; email <a href=\"mailto:tatiana.musteata@habitaturban.ro\">tatiana.musteata@habitaturban.ro<\/a>;  Adresa corespondenta: LIGA ASOCIATIILOR DE PROPRIETARI  HABITAT, OP 49, CP 21 SECTOR 2 BUCURESTI <\/em><br \/>\n    <strong><em>&#8211;<\/em><\/strong><strong><em>Liga Asociatiilor de Proprietari <\/em><\/strong><strong><em>T\u00e2rgu Mure\u0219<\/em><\/strong><strong><\/strong><br \/>\n    <em>Dumitru Rus \u2013 Presedinte Liga Asociatiilor de Proprietari <\/em><em>T\u00e2rgu-Mure\u015f<\/em><em>\u2013 0728.852.437; <\/em><em><a href=\"mailto:alexapeterkalman@gmail.com\">ligaapmures@hotmail.com<\/a><\/em><em><u> <\/u><\/em><\/p>\n<\/div>\n<p><em>Va dorim <strong>succes<\/strong> in activitatea pe care o desfasurati, va multumim  pentru colaborare si sprijin si va asiguram de intreaga noastra consideratie.<\/em><\/p>\n<table border=\"0\" cellspacing=\"0\" cellpadding=\"0\" width=\"100%\">\n<tbody>\n<tr>\n<td width=\"50%\" align=\"center\" valign=\"top\" style=\"border:none\">\n<p align=\"center\" style=\"font-size:16px\"><strong>Mihai Mereuta<\/strong><\/p>\n<p align=\"center\"><strong>Presedinte<\/strong><strong><\/strong><strong><\/strong><br \/>\n  <strong><em>LIGA ASOCIA\u0162IILOR DE PROPRIETARI <\/em><\/strong><\/p>\n<p><strong><em>HABITAT<\/em><\/strong><\/td>\n<td width=\"50%\" align=\"center\" valign=\"top\" style=\"border:none\">\n<p align=\"center\" style=\"font-size:16px\"><strong>Dumitru Rus<\/strong><\/p>\n<p align=\"center\"><strong>Presedinte<\/strong><strong><\/strong><strong><\/strong><br \/>\n  <strong><em>LIGA ASOCIA\u0162IILOR DE PROPRIETARI <\/em><\/strong><\/p>\n<p><strong><em>T\u00ceRGU MURE\u015e<\/em><\/strong><\/td>\n<\/tr>\n<\/tbody>\n<\/table>\n<p align=\"center\"><strong>AGENDA  EVENIMENTULUI <\/strong><\/p>\n<table border=\"1\" cellspacing=\"0\" cellpadding=\"3\" width=\"100%\">\n<tr>\n<td colspan=\"2\" align=\"center\" valign=\"top\" bgcolor=\"#E8F9FF\">\n<p align=\"center\"><strong><em>JOI, 11 MAI <\/em><\/strong><\/p>\n<\/td>\n<\/tr>\n<tr>\n<td width=\"100\" valign=\"top\">\n<p><em>16.30-17.15<\/em><\/p>\n<\/td>\n<td valign=\"top\">\n<p><em>Vizitare    Palatul Culturii: Sala oglinzilor; Galeriile de art\u0103; Sala de spectacole<\/em><\/p>\n<\/td>\n<\/tr>\n<tr>\n<td width=\"100\" valign=\"top\">\n<p><em>17.15-18.30<\/em><\/p>\n<\/td>\n<td valign=\"top\">\n<p><em>Vizitarea centrului ora\u015fului, Catedrala Mic\u0103; Catedrala Mare;    Cetatea Medieval\u0103; Biserica Reformat\u0103; Biserica Romano-Catolic\u0103; Sinagoga;<\/em><\/p>\n<\/td>\n<\/tr>\n<tr>\n<td colspan=\"2\" valign=\"top\" bgcolor=\"#E8F9FF\">\n<p align=\"center\"><strong><em>VINERI, 12 MAI, SALA DE CONSILIU &#8211; PRIMARIA <\/em><\/strong><strong><em>T\u00c2RGU-MURE\u015e<\/em><\/strong><br \/>\n    <strong><em>Prima parte    a Conferintei<\/em><\/strong><\/p>\n<\/td>\n<\/tr>\n<tr>\n<td width=\"100\" valign=\"top\">\n<p><em>09:30 \u2013 10:00<\/em><\/p>\n<\/td>\n<td valign=\"top\">\n<p><em>Primirea si \u00eenregistrarea participantilor<\/em><\/p>\n<\/td>\n<\/tr>\n<tr>\n<td width=\"100\" valign=\"top\">\n<p><em>10:00 \u2013 10:15<\/em><\/p>\n<\/td>\n<td valign=\"top\">\n<p><em>Cuv\u00e2nt introductiv, prezentarea invita\u0163ilor, lansarea Conferintei<\/em><\/p>\n<ul>\n<li><em>Dumitru Rus \u2013 Presedinte Liga    Asociatiilor de Proprietari <\/em><em>T\u00e2rgu-Mure\u015f<\/em><\/li>\n<li><em>dr. Dorin Florea <\/em><strong><em>&#8211; primarul municipiului <\/em><\/strong><em>T\u00e2rgu-Mure\u015f<\/em><strong><em> \u2013 mesaj de bun venit!<\/em><\/strong><\/li>\n<li><em>Mihai Mereuta \u2013 Presedinte Liga    Asociatiilor de Proprietari Habitat <\/em><\/li>\n<\/ul>\n<\/td>\n<\/tr>\n<tr>\n<td width=\"100\" valign=\"top\">\n<p><em>10:15 \u2013 11:30<\/em><\/p>\n<\/td>\n<td valign=\"top\">\n<p><em>Prezentari    reprezentanti ai autoritatilor<\/em><\/p>\n<ul>\n<li><em>Situatia Proiectului de Lege    cu privire la organizarea si functionarea asociatiilor de proprietari \u2013    initiat de catre MDRAP- Reprezentant M.D.R.A.P. \/ A.N.R.S.C. \/ Parlamentari<\/em><\/li>\n<li><em>Modificarea si    completarea legislatiei privind <\/em><em>serviciile comunitare de utilit\u0103\u0163i publice<\/em><em> (<\/em><em>inclusiv modificarea Legii Energiei Termice<\/em><em>), \u2013 <\/em><em>pozitia<\/em><em>MDRAP<\/em><em> \/ ANRSC \/ CAMERA    DEPUTATILOR &#8211; <\/em><em>COMISIA PENTRU INDUSTRII \u015eI SERVICII \/ COGEN \/ ASER<\/em><\/li>\n<li><em>Starea serviciului public de alimentare cu energie termic\u0103<\/em><em>; <\/em><em>pozitia <\/em><em>MDRAP<\/em><em> \/ ANRSC \/ ANRE \/ CAMERA DEPUTATILOR &#8211; <\/em><em>COMISIA PENTRU INDUSTRII \u015eI    SERVICII<\/em><\/li>\n<li><em>Reabilitarea fondului locativ (reabilitare termica,    consolidare, strategii) &#8211; <\/em><em>pozitia BPIE \/ <\/em><em>MDRAP<\/em><\/li>\n<li><em>Alte teme<\/em><\/li>\n<\/ul>\n<\/td>\n<\/tr>\n<tr>\n<td width=\"100\" valign=\"top\">\n<p><em>11.30 \u2013 12.30<\/em><\/p>\n<\/td>\n<td valign=\"top\">\n<p><em>Scurte prezentari parteneri (5 minute\/vorbitor)- <\/em><\/p>\n<ul>\n<li><em>Veolia Romania, <\/em><\/li>\n<li><em>ISTA Romania, <\/em><\/li>\n<li><em>Elsaco Brunata Romania, <\/em><\/li>\n<li><em>ROMEPS, <\/em><\/li>\n<li><em>PSC, <\/em><\/li>\n<li><em>Asociatia Romana pentru Locuinte Casa    Plus<\/em><\/li>\n<li><em>CSALB<\/em><\/li>\n<\/ul>\n<\/td>\n<\/tr>\n<tr>\n<td width=\"100\" valign=\"top\">\n<p><em>12:30 \u2013 14:00&nbsp; <\/em><\/p>\n<\/td>\n<td valign=\"top\">\n<p><em>Interventii    ale membrilor si reprezentantilor asociatiilor de proprietari \u2013 <\/em><\/p>\n<ul>\n<li><em>TARGU MURES, <\/em><\/li>\n<li><em>ARAD, <\/em><\/li>\n<li><em>BACAU, <\/em><\/li>\n<li><em>BOTOSANI, <\/em><\/li>\n<li><em>BRAILA, <\/em><\/li>\n<li><em>BRASOV, <\/em><\/li>\n<li><em>BUZAU, <\/em><\/li>\n<li><em>CAMPULULUNG MUSCEL, <\/em><\/li>\n<li><em>CLUJ NAPOCA, <\/em><\/li>\n<li><em>CONSTANTA, <\/em><\/li>\n<li><em>CRAIOVA, <\/em><\/li>\n<li><em>DEJ, <\/em><\/li>\n<li><em>DEVA, <\/em><\/li>\n<li><em>GALATI, <\/em><\/li>\n<li><em>HARSOVA, <\/em><\/li>\n<li><em>IASI, <\/em><\/li>\n<li><em>LUGOJ, <\/em><\/li>\n<li><em>MANGALIA, <\/em><\/li>\n<li><em>MEDGIDIA, <\/em><\/li>\n<li><em>NAVODARI, <\/em><\/li>\n<li><em>NEGRESTI OAS, <\/em><\/li>\n<li><em>OLTENITA, <\/em><\/li>\n<li><em>ORADEA, <\/em><\/li>\n<li><em>PITESTI, <\/em><\/li>\n<li><em>PLOIESTI, <\/em><\/li>\n<li><em>RESITA, <\/em><\/li>\n<li><em>RAMNICU VALCEA, <\/em><\/li>\n<li><em>SFANTU GHEORGHE, <\/em><\/li>\n<li><em>SLATINA, SLOBOZIA, <\/em><\/li>\n<li><em>TIMISOARA, <\/em><\/li>\n<li><em>TURNU MAGURELE, <\/em><\/li>\n<li><em>BUCURESTI <\/em><\/li>\n<\/ul>\n<\/td>\n<\/tr>\n<tr>\n<td colspan=\"2\" valign=\"top\" bgcolor=\"#E8F9FF\">\n<p align=\"center\"><strong><em>A doua parte    a Conferintei<\/em><\/strong><\/p>\n<\/td>\n<\/tr>\n<tr>\n<td width=\"100\" valign=\"top\">\n<p><em>15:00 \u2013 17:00<\/em><\/p>\n<\/td>\n<td valign=\"top\">\n<p><em>Probleme interne ale Ligii Habitat<\/em><\/p>\n<ul>\n<li><em>Raport de activitate Liga Habitat<\/em><\/li>\n<li><em>Informare activitati derulate de catre    organizatiile membre ale Ligii Habitat<\/em><\/li>\n<li><em>Clarificari legate de functionarea    organizatiilor membre! <\/em><\/li>\n<li><em>Raport Cenzor<\/em><\/li>\n<li><em>Buget<\/em><\/li>\n<li><em>Alte subiecte<\/em><\/li>\n<\/ul>\n<\/td>\n<\/tr>\n<tr>\n<td width=\"100\" valign=\"top\">\n<p><em>18.30 \u2013    19.30<\/em><\/p>\n<\/td>\n<td valign=\"top\">\n<p><em>Vizitarea Complexului de sport \u015fi agrement Mure\u015ful<\/em><\/p>\n<\/td>\n<\/tr>\n<tr>\n<td colspan=\"2\" valign=\"top\" bgcolor=\"#E8F9FF\">\n<p align=\"center\"><strong>SAMBATA 13 MAI <\/strong><\/p>\n<\/td>\n<\/tr>\n<tr>\n<td width=\"100\" valign=\"top\">\n<p><em>09.15 \u2013 12.30<\/em><\/p>\n<\/td>\n<td valign=\"top\">\n<p><em>Deplasare la Sovata; Vizitarea sta\u0163iunii Sovata: Ora\u015ful    sta\u0163iune, Lacul Ursu, Lacul Aluni\u015f,etc.<br \/>Deplasare la C\u00e2mpul Cet\u0103\u0163ii \u015fi    vizitarea p\u0103str\u0103v\u0103riei;<\/em><\/p>\n<\/td>\n<\/tr>\n<\/table>\n<p>&nbsp;<\/p>\n","protected":false},"excerpt":{"rendered":"<p>Vineri, 12 mai, la T\u00e2rgu Mure\u0219, Liga Asociatiilor de Proprietari T\u00e2rgu Mure\u0219, in colaborare cu Liga Nationala a Asociatiilor de Proprietari Habitat, cu sprijinul deosebit al Primariei T\u00e2rgu Mure\u0219,\u00a0 organizeaza Conferinta Nationala a Asociatiilor de Proprietari. In cadrul acestui eveniment vom dezbate ROLUL ASOCIATIILOR DE PROPRIETARI IN DESIGNUL SI APLICAREA STRATEGIILOR LOCALE IN DOMENIUL SERVICIILOR [&hellip;]<\/p>\n","protected":false},"author":3,"featured_media":0,"comment_status":"open","ping_status":"open","sticky":false,"template":"","format":"standard","meta":{"footnotes":""},"categories":[1],"tags":[],"class_list":["post-2529","post","type-post","status-publish","format-standard","hentry","category-noutati"],"_links":{"self":[{"href":"https:\/\/www.habitaturban.ro\/index.php?rest_route=\/wp\/v2\/posts\/2529","targetHints":{"allow":["GET"]}}],"collection":[{"href":"https:\/\/www.habitaturban.ro\/index.php?rest_route=\/wp\/v2\/posts"}],"about":[{"href":"https:\/\/www.habitaturban.ro\/index.php?rest_route=\/wp\/v2\/types\/post"}],"author":[{"embeddable":true,"href":"https:\/\/www.habitaturban.ro\/index.php?rest_route=\/wp\/v2\/users\/3"}],"replies":[{"embeddable":true,"href":"https:\/\/www.habitaturban.ro\/index.php?rest_route=%2Fwp%2Fv2%2Fcomments&post=2529"}],"version-history":[{"count":2,"href":"https:\/\/www.habitaturban.ro\/index.php?rest_route=\/wp\/v2\/posts\/2529\/revisions"}],"predecessor-version":[{"id":2531,"href":"https:\/\/www.habitaturban.ro\/index.php?rest_route=\/wp\/v2\/posts\/2529\/revisions\/2531"}],"wp:attachment":[{"href":"https:\/\/www.habitaturban.ro\/index.php?rest_route=%2Fwp%2Fv2%2Fmedia&parent=2529"}],"wp:term":[{"taxonomy":"category","embeddable":true,"href":"https:\/\/www.habitaturban.ro\/index.php?rest_route=%2Fwp%2Fv2%2Fcategories&post=2529"},{"taxonomy":"post_tag","embeddable":true,"href":"https:\/\/www.habitaturban.ro\/index.php?rest_route=%2Fwp%2Fv2%2Ftags&post=2529"}],"curies":[{"name":"wp","href":"https:\/\/api.w.org\/{rel}","templated":true}]}}