{"id":2536,"date":"2017-05-04T10:24:02","date_gmt":"2017-05-04T08:24:02","guid":{"rendered":"http:\/\/www.habitaturban.ro\/?p=2536"},"modified":"2017-05-11T10:25:59","modified_gmt":"2017-05-11T08:25:59","slug":"dezbaterea-noutati-radet-%e2%80%93-apa-nova-bucuresti","status":"publish","type":"post","link":"https:\/\/www.habitaturban.ro\/?p=2536","title":{"rendered":"Dezbaterea  NOUTATI RADET \u2013 APA NOVA BUCURESTI!"},"content":{"rendered":"<p><strong>Miercuri<\/strong>, <strong><u>03.05.2017<\/u><\/strong>, ora 11.00, la  Sala de Conferinte de la RADET Ilioara (etaj 3, str. Strada  Ilioara nr. 16 \u2013 fosta Scoala de soferi, Sectorului 3 Bucuresti, Centrul de Formare Profesionala RADET), are loc <strong>Dezbaterea<\/strong> avand ca teme: <\/p>\n<ul>\n<li><em><strong>Imbunatatirea  structurii abonamentului de service RADET Bucuresti.<\/strong><\/em><\/li>\n<li><em><strong>Noutati  Apa Nova Bucuresti<\/strong><\/em><em> &#8211;<\/em>Schimbare structur\u0103 tarifar\u0103  \u00eencep\u00e2nd cu 01 aprilie 2017 \/ <em>Program A  Doua \u021aeav\u0103<\/em><\/li>\n<\/ul>\n<p><strong><u>Invitati:<\/u><\/strong><\/p>\n<ul>\n<li><em>Reprezentanti  ai asociatiilor de proprietari din Bucuresti; <\/em><\/li>\n<li><em>Reprezentanti  ai radet Bucuresti<\/em><\/li>\n<li><em>Reprezentanti  ai <\/em><em>Apa Nova  Bucuresti, <\/em><\/li>\n<li><em>Reprezentanti  ai Primariilor de Sector; <\/em><\/li>\n<li><em>Reprezentanti  ai AMRSP, <\/em><\/li>\n<li><em>Reprezentanti  ai prefecturii municipiului bucuresti, <\/em><\/li>\n<li><em>Reprezentanti  ai Primariei Generale a Municipiului  Bucuresti, <\/em><\/li>\n<li><em>Reprezentanti  ai Consiliului general Al Municipiului  Bucuresti, <\/em><\/li>\n<li><em>Specialisti in domeniu; <\/em><strong><u> <\/u><\/strong><\/li>\n<\/ul>\n<p>&nbsp;<\/p>\n<p align=\"center\"><strong>AGENDA EVENIMENTULUI <\/strong><\/p>\n<table border=\"1\" cellspacing=\"0\" cellpadding=\"2\" width=\"100%\">\n<tr>\n<td colspan=\"2\" valign=\"top\">\n      <strong>MIERCURI, 03 MAI 2017, SALA DE CONFERINTE ILIOARA RADET <\/strong><\/td>\n<\/tr>\n<tr>\n<td width=\"102\" valign=\"top\">\n<p><em>10:30 \u2013 11.00<\/em><\/p>\n<\/td>\n<td valign=\"top\">\n<p><em>PRIMIREA SI \u00ceNREGISTRAREA PARTICIPANTILOR <\/em><\/p>\n<\/td>\n<\/tr>\n<tr>\n<td width=\"102\" valign=\"top\">\n<p><em>&nbsp;<\/em><\/p>\n<p><em>11:00 \u2013 11:15<\/em><\/p>\n<\/td>\n<td valign=\"top\">\n<p><em>CUV\u00c2NT INTRODUCTIV, PREZENTAREA INVITA\u0162ILOR, LANSAREA    CONFERINTEI <\/em><\/p>\n<ul type=\"disc\">\n<li><em>MIHAI MEREUTA \u2013         PRESEDINTE LIGA ASOCIATIILOR DE PROPRIETARI HABITAT ASOCIATIA ROMANA         PENTRU LOCUINTE CASA PLUS; <\/em><\/li>\n<\/ul>\n<\/td>\n<\/tr>\n<tr>\n<td width=\"102\" valign=\"top\">\n<p><em>&nbsp;<\/em><\/p>\n<p><em>11:15 \u2013 12:15<\/em><\/p>\n<\/td>\n<td valign=\"top\">\n<p><em>PREZENTARI <\/em><\/p>\n<ul type=\"disc\">\n<li><em>RADET BUCURESTI<\/em><\/li>\n<li><em>APA NOVA BUCURESTI<\/em><\/li>\n<li><em>INSTITUTIA PREFECTULUI MUNICIPIULUI         BUCURESTI, <\/em><\/li>\n<li><em>PRIMARIA MUNICIPIULUI BUCURESTI, <\/em><\/li>\n<li><em>PRIMARII DE SECTOR<\/em><\/li>\n<li><em>AUTORITATEA MUNICIPALA         DE REGLEMENTARE A SERVICIILOR PUBLICE &#8211; A.M.R.S.P. <\/em><\/li>\n<li><em>CONSILIERI <\/em><\/li>\n<\/ul>\n<\/td>\n<\/tr>\n<tr>\n<td width=\"102\" valign=\"top\">\n<p>\n      <em>12:15 \u2013 13:00&nbsp;<strong><\/strong><\/em><\/p>\n<\/td>\n<td valign=\"top\">\n<ul type=\"disc\">\n<li><em>INTERVENTII ALE MEMBRILOR SI REPREZENTANTILOR ASOCIATIILOR DE         PROPRIETARI; <\/em><\/li>\n<li><em>INTREBARI \/ RASPUNSURI \/ CONCLUZII <\/em><\/li>\n<\/ul>\n<\/td>\n<\/tr>\n<\/table>\n<p>&nbsp;<\/p>\n","protected":false},"excerpt":{"rendered":"<p>Miercuri, 03.05.2017, ora 11.00, la Sala de Conferinte de la RADET Ilioara (etaj 3, str. Strada Ilioara nr. 16 \u2013 fosta Scoala de soferi, Sectorului 3 Bucuresti, Centrul de Formare Profesionala RADET), are loc Dezbaterea avand ca teme: Imbunatatirea structurii abonamentului de service RADET Bucuresti. Noutati Apa Nova Bucuresti &#8211;Schimbare structur\u0103 tarifar\u0103 \u00eencep\u00e2nd cu 01 [&hellip;]<\/p>\n","protected":false},"author":3,"featured_media":0,"comment_status":"open","ping_status":"open","sticky":false,"template":"","format":"standard","meta":{"footnotes":""},"categories":[1],"tags":[],"class_list":["post-2536","post","type-post","status-publish","format-standard","hentry","category-noutati"],"_links":{"self":[{"href":"https:\/\/www.habitaturban.ro\/index.php?rest_route=\/wp\/v2\/posts\/2536","targetHints":{"allow":["GET"]}}],"collection":[{"href":"https:\/\/www.habitaturban.ro\/index.php?rest_route=\/wp\/v2\/posts"}],"about":[{"href":"https:\/\/www.habitaturban.ro\/index.php?rest_route=\/wp\/v2\/types\/post"}],"author":[{"embeddable":true,"href":"https:\/\/www.habitaturban.ro\/index.php?rest_route=\/wp\/v2\/users\/3"}],"replies":[{"embeddable":true,"href":"https:\/\/www.habitaturban.ro\/index.php?rest_route=%2Fwp%2Fv2%2Fcomments&post=2536"}],"version-history":[{"count":1,"href":"https:\/\/www.habitaturban.ro\/index.php?rest_route=\/wp\/v2\/posts\/2536\/revisions"}],"predecessor-version":[{"id":2537,"href":"https:\/\/www.habitaturban.ro\/index.php?rest_route=\/wp\/v2\/posts\/2536\/revisions\/2537"}],"wp:attachment":[{"href":"https:\/\/www.habitaturban.ro\/index.php?rest_route=%2Fwp%2Fv2%2Fmedia&parent=2536"}],"wp:term":[{"taxonomy":"category","embeddable":true,"href":"https:\/\/www.habitaturban.ro\/index.php?rest_route=%2Fwp%2Fv2%2Fcategories&post=2536"},{"taxonomy":"post_tag","embeddable":true,"href":"https:\/\/www.habitaturban.ro\/index.php?rest_route=%2Fwp%2Fv2%2Ftags&post=2536"}],"curies":[{"name":"wp","href":"https:\/\/api.w.org\/{rel}","templated":true}]}}