{"id":2538,"date":"2017-05-11T10:34:44","date_gmt":"2017-05-11T08:34:44","guid":{"rendered":"http:\/\/www.habitaturban.ro\/?p=2538"},"modified":"2017-05-11T10:34:44","modified_gmt":"2017-05-11T08:34:44","slug":"conferinta-nationala-a-asociatiilor-de-proprietari-targu-mure%c8%99-11-13-mai-2017","status":"publish","type":"post","link":"https:\/\/www.habitaturban.ro\/?p=2538","title":{"rendered":"Conferin\u0163a Na\u0163ional\u0103 a  Asocia\u0163iilor de Proprietari T\u00e2rgu Mure\u0219  11-13 mai 2017"},"content":{"rendered":"<p>Vineri, <strong>12 mai<\/strong>, la <strong>T\u00e2rgu  Mure\u0219<\/strong>, <strong>Liga  Asociatiilor de Proprietari <\/strong><strong>T\u00e2rgu Mure\u0219<\/strong>, in colaborare cu <strong>Liga  Nationala a Asociatiilor de Proprietari Habitat, <\/strong>cu sprijinul deosebit al <strong>Primariei <\/strong><strong>T\u00e2rgu Mure\u0219<\/strong><strong>,\u00a0 <\/strong>organizeaza<strong> Conferinta Nationala a Asociatiilor de Proprietari.<\/strong><br \/>\n  In  cadrul acestui eveniment vom dezbate<\/p>\n<ul>\n<li><strong><em>ROLUL ASOCIATIILOR DE PROPRIETARI IN DESIGNUL SI  APLICAREA STRATEGIILOR LOCALE IN DOMENIUL SERVICIILOR PUBLICE, EFICIENTEI  ENERGETICE, LOCUITULUI; <\/em><\/strong><\/li>\n<li><strong><em>IMBUNATATIREA CADRULUI LEGAL CE GUVERNEAZA  ORGANIZAREA SI FUNCTIONAREA ASOCIATIILOR DE PROPRIETARI \u2013 INTERVENTII ALE  PARLAMENTARILOR, REPREZENTANTILOR MDRAPFE, PARLAMENTARI. <\/em><\/strong><\/li>\n<li><strong><em>CADRUL LEGAL IN DOMENIUL SERVICIILOR  PUBLICE, EFICIENTEI ENERGETICE \u2013 INTERVENTII ALE REPREZENTANTILOR ANRSC SI  ANRE, PARLAMENTARI <\/em><\/strong><\/li>\n<li><strong><em>EFICIEN\u0162A ENERGETIC\u0102 \u2013 PRIORITATE NA\u0162IONAL\u0102  PENTRU<\/em><\/strong><strong><\/strong><strong><em>REDUCEREA S\u0102R\u0102CIEI ENERGETICE,  CRE\u015eTEREA CALIT\u0102\u0162II VIE\u0162II \u015eI SIGURAN\u0162A CONSUMATORILOR DE ENERGIE- INTERVENTII  ALE REPREZENTANTILOR\u00a0 ANRE <\/em><\/strong><\/li>\n<li><strong><em>PROGRAMELE NATIONALE IN DOMENIUL  LOCUINTELOR (REABILITARE TERMICA, CONSOLIDARE, STRATEGII) &#8211; INTERVENTII ALE  REPREZENTANTILOR MDRAPFE, BPIE. <\/em><\/strong><\/li>\n<li><strong><em>VENITUL MINIM DE INCLUZIUNE &#8211; SUPLIMENTUL PENTRU  LOCUIRE- SUNT AUTORITATILE PREGATITE? &#8211; <\/em><\/strong><strong><em>INTERVENTII ALE REPREZENTANTILOR\u00a0 <\/em><\/strong><strong><em>MINISTERULUI MUNCII \u015eI JUSTI\u021aIEI SOCIALE<\/em><\/strong><strong><em>, <\/em><\/strong><strong><em>ANRE <\/em><\/strong><\/li>\n<li><strong><em>ASOCIATIILE DE PROPRIETARI \u2013 ASOCIATII DE  PROTECTIE A CONSUMATORILOR &#8211; INTERVENTII ALE REPREZENTANTILOR ANPC <\/em><\/strong><\/li>\n<\/ul>\n<div style=\"border:1px solid black; padding:2px\">\n<p><strong><em>Pt  informatii suplimentare: <\/em><\/strong><br \/>\n  <em>&#8211;<strong>Liga Asociatiilor  de Proprietari Habitat<\/strong><\/em><br \/>\n  <strong><em>PRE\u015eEDINTE: <\/em><\/strong><em>MIHAI MEREU<\/em><em>\u0162\u0102<\/em><em>&#8211; 0744.751.416; <\/em><em><a href=\"mailto:mihai.mereuta@habitaturban.ro\">mihai.mereuta@habitaturban.ro<\/a><\/em><em>, <\/em><em>fax 021.341.30.62,<\/em><br \/>\n  <strong><em>Tatiana Musteata<\/em><\/strong><em> &#8211; Director Executiv  -Mobil 0726.373.000; email <a href=\"mailto:tatiana.musteata@habitaturban.ro\">tatiana.musteata@habitaturban.ro<\/a>; <\/em><br \/>\n  <em>Adresa  corespondenta: LIGA ASOCIATIILOR  DE PROPRIETARI HABITAT, OP 49, CP 21 SECTOR 2 BUCURESTI <\/em><br \/>\n  <strong><em>-Liga  Asociatiilor de Proprietari <\/em><\/strong><strong><em>T\u00e2rgu  Mure\u0219<\/em><\/strong><strong><\/strong><br \/>\n<em>Dumitru  Rus \u2013 Presedinte Liga Asociatiilor de Proprietari T\u00e2rgu-Mure\u015f \u2013 0728.852.437; <a href=\"mailto:alexapeterkalman@gmail.com\">ligaapmures@hotmail.com<\/a><\/em><\/p>\n<\/div>\n<p align=\"center\">&nbsp;<\/p>\n<table border=\"0\" cellspacing=\"0\" cellpadding=\"0\" width=\"100%\">\n<tbody>\n<tr>\n<td width=\"50%\" align=\"center\" valign=\"top\" style=\"border:none\">\n<p align=\"center\" style=\"font-size:16px\"><strong>Mihai Mereuta<\/strong><\/p>\n<p align=\"center\"><strong>Presedinte<\/strong><strong><\/strong><strong><\/strong><br \/>\n  <strong><em>LIGA ASOCIA\u0162IILOR DE PROPRIETARI <\/em><\/strong><\/p>\n<p><strong><em>HABITAT<\/em><\/strong><\/p>\n<\/td>\n<td width=\"50%\" align=\"center\" valign=\"top\" style=\"border:none\">\n<p align=\"center\" style=\"font-size:16px\"><strong>Dumitru Rus<\/strong><\/p>\n<p align=\"center\"><strong>Presedinte<\/strong><strong><\/strong><strong><\/strong><br \/>\n  <strong><em>LIGA ASOCIA\u0162IILOR DE PROPRIETARI <\/em><\/strong><\/p>\n<p><strong><em>T\u00ceRGU MURE\u015e<\/em><\/strong><\/p>\n<\/td>\n<\/tr>\n<\/tbody>\n<\/table>\n<p align=\"center\"><strong>AGENDA EVENIMENTULUI <\/strong><\/p>\n<table border=\"1\" cellspacing=\"0\" cellpadding=\"2\" width=\"100%\">\n<tr>\n<td colspan=\"2\" valign=\"top\" bgcolor=\"#E8F9FF\">\n<p align=\"center\"><strong><em>VINERI, 12 MAI, SALA DE CONSILIU &#8211;    PRIMARIA <\/em><\/strong><strong><em>T\u00c2RGU-MURE\u015e<\/em><\/strong><strong><\/strong><\/p>\n<\/td>\n<\/tr>\n<tr>\n<td width=\"73\" valign=\"top\" bgcolor=\"#FFFF66\">\n<p align=\"center\"><em>09:30<\/em><br \/>\n      <em>\u2013<\/em><br \/>\n      <em>10:00<\/em><\/p>\n<\/td>\n<td valign=\"top\" bgcolor=\"#FFFF66\">\n<p><em>Primirea si \u00eenregistrarea participantilor<\/em><\/p>\n<\/td>\n<\/tr>\n<tr>\n<td width=\"73\" valign=\"top\" bgcolor=\"#FFFF66\">\n<p align=\"center\"><em>10:00<\/em><br \/>\n      <em>\u2013<\/em><br \/>\n      <em>10:15<\/em><\/p>\n<\/td>\n<td valign=\"top\" bgcolor=\"#FFFF66\">\n<p><em>Cuv\u00e2nt introductiv, prezentarea    invita\u0163ilor, lansarea Conferintei<\/em><\/p>\n<ul type=\"disc\">\n<li><strong><em>Dumitru Rus <\/em><\/strong><em>\u2013 Presedinte Liga Asociatiilor de Proprietari <\/em><em>T\u00e2rgu-Mure\u015f<\/em><\/li>\n<li><em><strong>dr. Dorin Florea <\/strong><\/em><em>\u2013 primarul municipiului T\u00e2rgu-Mure\u015f \u2013 mesaj de bun venit!<\/em><\/li>\n<li><strong><em>Mihai Mereuta<\/em><\/strong><em> \u2013 Presedinte Liga Asociatiilor de Proprietari Habitat<\/em><\/li>\n<\/ul>\n<\/td>\n<\/tr>\n<tr>\n<td width=\"73\" valign=\"top\" bgcolor=\"#FFFF66\">\n<p align=\"center\"><em>10:15<\/em><br \/>\n      <em>\u2013<\/em><br \/>\n      <em>11:30<\/em><\/p>\n<\/td>\n<td valign=\"top\" bgcolor=\"#FFFF66\">\n<p><em>Prezentari reprezentanti ai autoritatilor<\/em><\/p>\n<ul type=\"disc\">\n<li><strong><em>Vicentiu         Mircea Irimie<\/em><\/strong><em> \u2013 <\/em><em>Secretar de Stat &#8211; Ministerul         Consultarii Publice si Dialogului Social -prezentare <strong>CONECT <\/strong>&#8211; <\/em><em>Catalogul organiza\u021biilor neguvernamentale pentru eviden\u021b\u0103,         consultare \u0219i transparen\u021b\u0103<\/em><\/li>\n<li><strong><em>Consiliul Judetean Mures<\/em><\/strong><\/li>\n<li><strong><em>Liviu Fenoghen<\/em><\/strong><em> \u2013 <\/em><em>director CSALB \u2013 Centrul de         Solutionare Alternativa a Litigiilor in Domeniul Bancar \u2013 <strong>solutionarea alternativa a litigiior         financiar-bancare<\/strong><\/em><strong><\/strong><\/li>\n<li><strong><em>Institutia Prefectului Judet Mures<\/em><\/strong><strong><\/strong><\/li>\n<li><strong><em>Lucian Paraschivescu<\/em><\/strong><em> \u2013 <\/em><em>ANRSC         \u2013 Autoritatea Nationala de Reglementare pentru Serviciile Comunitare de         Utilitati Publice<\/em>\n<ul type=\"circle\">\n<li><em>Situatia Proiectului de          Lege cu privire la organizarea si functionarea asociatiilor de proprietari          \u2013 initiat de catre MDRAP<\/em><\/li>\n<li><em>Modificarea          si completarea legislatiei privind <\/em><em>serviciile          comunitare de utilit\u0103\u0163i publice (inclusiv modificarea Legii Energiei          Termice)<\/em><\/li>\n<li><em>Starea serviciului public de alimentare cu          energie termic\u0103; <\/em><\/li>\n<\/ul>\n<\/li>\n<li><strong><em>Tiberiu Vintila<\/em><\/strong><em> \u2013 <\/em><em>ANRE \u2013         Autoritatea Nationala de Reglementare in Domeniul Energiei \u2013 Schimbarea         furnizorului de energie electrica \/ gaze naturale<\/em><\/li>\n<li><strong><em>Sorin Susanu <\/em><\/strong><em>\u2013 <\/em><em>ANPC \u2013         Autoritatea Nationala pentru Protectia Consumatorilor \u2013 Asociatiile de         proprietari \u2013 organizatii pentru protectia consumatorilor<\/em><\/li>\n<li><strong><em>PAID <\/em><\/strong><em>\u2013 <\/em><em>Pool-ul de         Asigurare Impotriva Dezastrelor Naturale \u2013<strong> <\/strong>Asigurari obligatorii de locuinta<\/em><\/li>\n<li><strong><em>Lucian Mitea<\/em><\/strong><em> \u2013 <\/em><em>SNRB \u2013 Asociatia         Sistemul National de Reciclare a Bateriilor<\/em><\/li>\n<li><em>Reabilitarea fondului locativ         (reabilitare termica, consolidare, strategii) &#8211; <\/em><em>pozitia BPIE <\/em><\/li>\n<li><em>Parlamentari<\/em><\/li>\n<\/ul>\n<\/td>\n<\/tr>\n<tr>\n<td width=\"73\" valign=\"top\" bgcolor=\"#FFFF66\">\n<p align=\"center\"><em>11.30<\/em><br \/>\n      <em>\u2013<\/em><br \/>\n      <em>12.30<\/em><\/p>\n<\/td>\n<td valign=\"top\" bgcolor=\"#FFFF66\">\n<p><em>Scurte prezentari parteneri (5    minute\/vorbitor)- <\/em><\/p>\n<ul type=\"disc\">\n<li><em>Apa         Nova \u2013 Compania de Apa Bucuresti<\/em><\/li>\n<li><em>ISTA         Romania, <\/em><\/li>\n<li><strong><em>Ion Diaconu<\/em><\/strong><em> &#8211; Elsaco Romania, <\/em><\/li>\n<li><strong><em>Radu Dumitrescu<\/em><\/strong><em> &#8211; Asociatia Romana pentru         Locuinte Casa Plus<\/em><\/li>\n<\/ul>\n<\/td>\n<\/tr>\n<tr>\n<td width=\"73\" valign=\"top\" bgcolor=\"#FFFF66\">\n<p align=\"center\"><em>12:30<\/em><br \/>\n      <em>\u2013<\/em><br \/>\n      <em>14:00 <\/em><\/p>\n<\/td>\n<td valign=\"top\" bgcolor=\"#FFFF66\">\n<p><em>Interventii ale membrilor si    reprezentantilor asociatiilor de proprietari \u2013 <\/em><em>TARGU MURES, ARAD, BACAU, BOTOSANI, BRAILA, BRASOV,  BUZAU, CAMPULULUNG MUSCEL, CLUJ NAPOCA, CONSTANTA, RAIOVA, DEJ, DEVA, GALATI,  HARSOVA, IASI, LUGOJ, MANGALIA, MEDGIDIA, NAVODARI, NEGRESTI OAS, OLTENITA,  ORADEA, PITESTI, PLOIESTI, RESITA, RAMNICU VALCEA, SFANTU GHEORGHE, SLATINA,  SLOBOZIA, TIMISOARA, TURNU MAGURELE, BUCURESTI<\/em><\/p>\n<\/td>\n<\/tr>\n<\/table>\n<table border=\"0\" cellspacing=\"0\" cellpadding=\"0\" width=\"100%\">\n<tr>\n<td width=\"29%\" nowrap>\n<p align=\"center\"><strong><em>Lupse Dorina<\/em><\/strong><\/p>\n<\/td>\n<td width=\"70%\">\n<p align=\"center\"><strong><em>Arad &#8211; Arad<\/em><\/strong><\/p>\n<\/td>\n<\/tr>\n<tr>\n<td width=\"29%\" nowrap>\n<p align=\"center\"><strong><em>Visan Ioana<\/em><\/strong><\/p>\n<\/td>\n<td width=\"70%\" nowrap>\n<p align=\"center\"><strong><em>Arges &#8211; Pitesti<\/em><\/strong><\/p>\n<\/td>\n<\/tr>\n<tr>\n<td width=\"29%\" nowrap>\n<p align=\"center\"><strong><em>Maxim Vasile<\/em><\/strong><\/p>\n<\/td>\n<td width=\"70%\" nowrap>\n<p align=\"center\"><strong><em>Bacau &#8211; Bacau<\/em><\/strong><\/p>\n<\/td>\n<\/tr>\n<tr>\n<td width=\"29%\" nowrap>\n<p align=\"center\"><strong><em>Butnaru Petrica<\/em><\/strong><\/p>\n<\/td>\n<td width=\"70%\" nowrap>\n<p align=\"center\"><strong><em>Botosani \u2013 Botosani<\/em><\/strong><\/p>\n<\/td>\n<\/tr>\n<tr>\n<td width=\"29%\" nowrap>\n<p align=\"center\"><strong><em>Stoian Raducan<\/em><\/strong><\/p>\n<\/td>\n<td width=\"70%\" nowrap>\n<p align=\"center\"><strong><em>Braila &#8211; Braila<\/em><\/strong><\/p>\n<\/td>\n<\/tr>\n<tr>\n<td width=\"29%\" nowrap>\n<p align=\"center\"><strong><em>State Marian<\/em><\/strong><\/p>\n<\/td>\n<td width=\"70%\" nowrap>\n<p align=\"center\"><strong><em>Brasov &#8211; Brasov<\/em><\/strong><\/p>\n<\/td>\n<\/tr>\n<tr>\n<td width=\"29%\" nowrap>\n<p align=\"center\"><strong><em>Vasile Martin<\/em><\/strong><\/p>\n<\/td>\n<td width=\"70%\" nowrap>\n<p align=\"center\"><strong><em>Brasov &#8211; Brasov<\/em><\/strong><\/p>\n<\/td>\n<\/tr>\n<tr>\n<td width=\"29%\" nowrap>\n<p align=\"center\"><strong><em>Muntean Sorin<\/em><\/strong><\/p>\n<\/td>\n<td width=\"70%\" nowrap>\n<p align=\"center\"><strong><em>Cluj \u2013 Cluj Napoca<\/em><\/strong><\/p>\n<\/td>\n<\/tr>\n<tr>\n<td width=\"29%\" nowrap>\n<p align=\"center\"><strong><em>Ganea Florica<\/em><\/strong><\/p>\n<\/td>\n<td width=\"70%\" nowrap>\n<p align=\"center\"><strong><em>Constanta &#8211;    Constanta<\/em><\/strong><\/p>\n<\/td>\n<\/tr>\n<tr>\n<td width=\"29%\" nowrap>\n<p align=\"center\"><strong><em>Ganea Adrian<\/em><\/strong><\/p>\n<\/td>\n<td width=\"70%\" nowrap>\n<p align=\"center\"><strong><em>Constanta &#8211; Medgidia<\/em><\/strong><\/p>\n<\/td>\n<\/tr>\n<tr>\n<td width=\"29%\" nowrap>\n<p align=\"center\"><strong><em>Dragu Marcel <\/em><\/strong><\/p>\n<\/td>\n<td width=\"70%\" nowrap>\n<p align=\"center\"><strong><em>Constanta &#8211; Harsova <\/em><\/strong><\/p>\n<\/td>\n<\/tr>\n<tr>\n<td width=\"29%\">\n<p align=\"center\"><strong><em>Preda Ilie<\/em><\/strong><\/p>\n<\/td>\n<td width=\"70%\">\n<p align=\"center\"><strong><em>Craiova &#8211; Craiova<\/em><\/strong><\/p>\n<\/td>\n<\/tr>\n<tr>\n<td width=\"29%\" nowrap>\n<p align=\"center\"><strong><em>Roman Pricop<\/em><\/strong><\/p>\n<\/td>\n<td width=\"70%\" nowrap>\n<p align=\"center\"><strong><em>Galati &#8211; Galati<\/em><\/strong><\/p>\n<\/td>\n<\/tr>\n<tr>\n<td width=\"29%\" nowrap>\n<p align=\"center\"><strong><em>Bucur Dumitru<\/em><\/strong><\/p>\n<\/td>\n<td width=\"70%\" nowrap>\n<p align=\"center\"><strong><em>Iasi &#8211; Iasi<\/em><\/strong><\/p>\n<\/td>\n<\/tr>\n<tr>\n<td width=\"29%\" nowrap>\n<p align=\"center\"><strong><em>Rus Dumitru<\/em><\/strong><\/p>\n<\/td>\n<td width=\"70%\" nowrap>\n<p align=\"center\"><strong><em>Mures \u2013 Tg. Mures<\/em><\/strong><\/p>\n<\/td>\n<\/tr>\n<tr>\n<td width=\"29%\" nowrap>\n<p align=\"center\"><strong><em>Olteanu Viorel<\/em><\/strong><\/p>\n<\/td>\n<td width=\"70%\" nowrap>\n<p align=\"center\"><strong><em>Prahova &#8211; Ploiesti<\/em><\/strong><\/p>\n<\/td>\n<\/tr>\n<tr>\n<td width=\"29%\" nowrap>\n<p align=\"center\"><strong><em>Haiduc Sorin<\/em><\/strong><\/p>\n<\/td>\n<td width=\"70%\">\n<p align=\"center\"><strong><em>Satu Mare &#8211; Satu    Mare<\/em><\/strong><\/p>\n<\/td>\n<\/tr>\n<tr>\n<td width=\"29%\" nowrap>\n<p align=\"center\"><strong><em>Erdei Emeric<\/em><\/strong><\/p>\n<\/td>\n<td width=\"70%\" nowrap>\n<p align=\"center\"><strong><em>Satu Mare &#8211; <\/em><\/strong><strong><em>Negresti Oas<\/em><\/strong><\/p>\n<\/td>\n<\/tr>\n<tr>\n<td width=\"29%\" nowrap>\n<p align=\"center\"><strong><em>Olariu Petru<\/em><\/strong><\/p>\n<\/td>\n<td width=\"70%\">\n<p align=\"center\"><strong><em>Timis &#8211; Timisoara<\/em><\/strong><\/p>\n<\/td>\n<\/tr>\n<tr>\n<td width=\"29%\" nowrap>\n<p align=\"center\"><strong><em>Lazar Vasile<\/em><\/strong><\/p>\n<\/td>\n<td width=\"70%\" nowrap>\n<p align=\"center\"><strong><em>Timis &#8211; Lugoj<\/em><\/strong><\/p>\n<\/td>\n<\/tr>\n<tr>\n<td width=\"29%\" nowrap>\n<p align=\"center\"><strong><em>Tavifta Ion<\/em><\/strong><\/p>\n<\/td>\n<td width=\"70%\" nowrap>\n<p align=\"center\"><strong><em>\u00a0Vilcea &#8211; Rm    Vilcea<\/em><\/strong><\/p>\n<\/td>\n<\/tr>\n<tr>\n<td width=\"29%\" nowrap>\n<p align=\"center\"><strong><em>Vlase Ion<\/em><\/strong><\/p>\n<\/td>\n<td width=\"70%\" nowrap>\n<p align=\"center\"><strong><em>Vrancea &#8211; Focsani<\/em><\/strong><\/p>\n<\/td>\n<\/tr>\n<\/table>\n","protected":false},"excerpt":{"rendered":"<p>Vineri, 12 mai, la T\u00e2rgu Mure\u0219, Liga Asociatiilor de Proprietari T\u00e2rgu Mure\u0219, in colaborare cu Liga Nationala a Asociatiilor de Proprietari Habitat, cu sprijinul deosebit al Primariei T\u00e2rgu Mure\u0219,\u00a0 organizeaza Conferinta Nationala a Asociatiilor de Proprietari. In cadrul acestui eveniment vom dezbate ROLUL ASOCIATIILOR DE PROPRIETARI IN DESIGNUL SI APLICAREA STRATEGIILOR LOCALE IN DOMENIUL SERVICIILOR [&hellip;]<\/p>\n","protected":false},"author":3,"featured_media":0,"comment_status":"open","ping_status":"open","sticky":false,"template":"","format":"standard","meta":{"footnotes":""},"categories":[1],"tags":[],"class_list":["post-2538","post","type-post","status-publish","format-standard","hentry","category-noutati"],"_links":{"self":[{"href":"https:\/\/www.habitaturban.ro\/index.php?rest_route=\/wp\/v2\/posts\/2538","targetHints":{"allow":["GET"]}}],"collection":[{"href":"https:\/\/www.habitaturban.ro\/index.php?rest_route=\/wp\/v2\/posts"}],"about":[{"href":"https:\/\/www.habitaturban.ro\/index.php?rest_route=\/wp\/v2\/types\/post"}],"author":[{"embeddable":true,"href":"https:\/\/www.habitaturban.ro\/index.php?rest_route=\/wp\/v2\/users\/3"}],"replies":[{"embeddable":true,"href":"https:\/\/www.habitaturban.ro\/index.php?rest_route=%2Fwp%2Fv2%2Fcomments&post=2538"}],"version-history":[{"count":1,"href":"https:\/\/www.habitaturban.ro\/index.php?rest_route=\/wp\/v2\/posts\/2538\/revisions"}],"predecessor-version":[{"id":2539,"href":"https:\/\/www.habitaturban.ro\/index.php?rest_route=\/wp\/v2\/posts\/2538\/revisions\/2539"}],"wp:attachment":[{"href":"https:\/\/www.habitaturban.ro\/index.php?rest_route=%2Fwp%2Fv2%2Fmedia&parent=2538"}],"wp:term":[{"taxonomy":"category","embeddable":true,"href":"https:\/\/www.habitaturban.ro\/index.php?rest_route=%2Fwp%2Fv2%2Fcategories&post=2538"},{"taxonomy":"post_tag","embeddable":true,"href":"https:\/\/www.habitaturban.ro\/index.php?rest_route=%2Fwp%2Fv2%2Ftags&post=2538"}],"curies":[{"name":"wp","href":"https:\/\/api.w.org\/{rel}","templated":true}]}}