{"id":2544,"date":"2017-05-30T14:40:07","date_gmt":"2017-05-30T12:40:07","guid":{"rendered":"http:\/\/www.habitaturban.ro\/?p=2544"},"modified":"2017-05-31T10:43:24","modified_gmt":"2017-05-31T08:43:24","slug":"invitatie-dezbaterea-%e2%80%93-repartizarea-costurilor-cu-apa-rece-si-apa-calda-utilizand-contoarele-cu-transmisie-radio","status":"publish","type":"post","link":"https:\/\/www.habitaturban.ro\/?p=2544","title":{"rendered":"INVITATIE DEZBATEREA \u2013 REPARTIZAREA COSTURILOR CU APA RECE \u015eI APA CALD\u0102, UTILIZ\u00c2ND CONTOARELE CU TRANSMISIE RADIO!"},"content":{"rendered":"<p><strong>Miercuri<\/strong>, <strong><u>31.05.2017<\/u><\/strong>, ora 11.00, la  Sala de Conferinte de la RADET Ilioara (etaj 3, str. Strada  Ilioara nr. 16 \u2013 fosta Scoala de soferi, Sectorului 3 Bucuresti, Centrul de Formare Profesionala RADET), are loc <strong>Dezbaterea<\/strong> avand ca tema: <strong>repartizarea  costurilor cu apa rece \u015fi apa cald\u0103, utiliz\u00e2nd contoarele cu transmisie radio.<\/strong> <br \/>\n  <strong><u>Invitati:<\/u><\/strong><\/p>\n<ul>\n<li><em>Reprezentanti  ai asociatiilor de proprietari din Bucuresti; <\/em><\/li>\n<li><em>Reprezentanti  ai RADET BUCURESTI <\/em><\/li>\n<li><em>Reprezentanti  ai <\/em><em>Apa Nova  Bucuresti, <\/em><\/li>\n<li><em>Reprezentanti  ai Primariilor de Sector; <\/em><\/li>\n<li><em>Reprezentanti  ai AMRSP, <\/em><\/li>\n<li><em>Reprezentanti  ai PREFECTURII MUNICIPIULUI BUCURESTI, <\/em><\/li>\n<li><em>Reprezentanti  ai PRIMARIEI GENERALE A MUNICIPIULUI BUCURESTI, <\/em><\/li>\n<li><em>Reprezentanti  ai CONSILIULUI GENERAL AL MUNICIPIULUI BUCURESTI, <\/em><\/li>\n<li><em>Specialisti in domeniu; <\/em><strong><u> <\/u><\/strong><\/li>\n<\/ul>\n<p><strong><u>Va rugam sa  delegati un reprezentant la aceasta intalnire!<\/u><\/strong><br \/>\n  Sprijinul dumneavoastra, participarea specialistilor delegati sunt  factori ce contribuie la ceea ce noi consider\u0103m c\u0103 sunt programe de succes.<\/p>\n<hr  style=\"border-top:1px solid black; display: block\" \/><strong>NUM\u0102R LIMITAT DE LOCURI &#8211; 50! V\u0102 RUG\u0102M S\u0102 CONFIRMA\u0162I    PARTICIPAREA LA 0726.373.000,    0743.627.705, 021.341.30.62, <\/strong><a href=\"mailto:tatiana.musteata@habitaturban.ro\"><strong>tatiana.musteata@habitaturban.ro<\/strong><\/a><strong>;<\/strong><\/p>\n<hr style=\"border-bottom:1px solid black; display: block\"\/>\n<p><strong>Multumindu-va    anticipat pentru PARTICIPARE, va rog sa primiti, asigurarea deplinei mele    consideratii.<\/strong><\/p>\n<p align=\"center\"><strong>Mihai Mereuta<\/strong><br \/>\n<strong>Presedinte<\/strong><\/p>\n<p align=\"center\">&nbsp;<\/p>\n<p align=\"center\"><strong>AGENDA EVENIMENTULUI <\/strong><\/p>\n<table border=\"1\" cellspacing=\"0\" cellpadding=\"3\" width=\"100%\">\n<tr>\n<td colspan=\"2\" valign=\"top\">\n            <strong>MIERCURI, 31 MAI 2017, SALA DE CONFERINTE ILIOARA RADET <\/strong><\/td>\n<\/tr>\n<tr>\n<td width=\"102\" valign=\"top\">\n<p><em>10:30 \u2013 11.00<\/em><\/p>\n<\/td>\n<td valign=\"top\">\n<p><em>PRIMIREA SI \u00ceNREGISTRAREA PARTICIPANTILOR <\/em><\/p>\n<\/td>\n<\/tr>\n<tr>\n<td width=\"102\" valign=\"top\">\n<p><em>&nbsp;<\/em><\/p>\n<p><em>11:00 \u2013 11:15<\/em><\/p>\n<\/td>\n<td valign=\"top\">\n<p><em>CUV\u00c2NT INTRODUCTIV, PREZENTAREA INVITA\u0162ILOR, LANSAREA    CONFERINTEI <\/em><\/p>\n<ul type=\"disc\">\n<li><em>MIHAI MEREUTA \u2013         PRESEDINTE LIGA ASOCIATIILOR DE PROPRIETARI HABITAT ASOCIATIA ROMANA         PENTRU LOCUINTE CASA PLUS; <\/em><\/li>\n<\/ul>\n<\/td>\n<\/tr>\n<tr>\n<td width=\"102\" valign=\"top\">\n<p><em>&nbsp;<\/em><\/p>\n<p><em>11:15 \u2013 12:15<\/em><\/p>\n<\/td>\n<td valign=\"top\">\n<p><em>PREZENTARI <\/em><\/p>\n<ul type=\"disc\">\n<li><em>ELSACO<\/em><\/li>\n<li><em>ISTA ROMANIA<\/em><\/li>\n<li><em>RADET BUCURESTI<\/em><\/li>\n<li><em>APA NOVA BUCURESTI<\/em><\/li>\n<li><em>ANRSC<\/em><\/li>\n<li><em>PRIMARIA MUNICIPIULUI BUCURESTI, <\/em><\/li>\n<li><em>PRIMARII DE SECTOR<\/em><\/li>\n<li><em>AUTORITATEA MUNICIPALA         DE REGLEMENTARE A SERVICIILOR PUBLICE &#8211; A.M.R.S.P. <\/em><\/li>\n<li><em>CONSILIERI <\/em><\/li>\n<\/ul>\n<\/td>\n<\/tr>\n<tr>\n<td width=\"102\" valign=\"top\">\n<p>\n            <em>12:15 \u2013 13:00&nbsp;<strong><\/strong><\/em><\/p>\n<\/td>\n<td valign=\"top\">\n<ul type=\"disc\">\n<li><em>INTERVENTII ALE MEMBRILOR SI REPREZENTANTILOR ASOCIATIILOR DE         PROPRIETARI; <\/em><\/li>\n<li><em>INTREBARI \/ RASPUNSURI \/ CONCLUZII <\/em><\/li>\n<\/ul>\n<\/td>\n<\/tr>\n<\/table>\n<p>&nbsp;<\/p>\n","protected":false},"excerpt":{"rendered":"<p>Miercuri, 31.05.2017, ora 11.00, la Sala de Conferinte de la RADET Ilioara (etaj 3, str. Strada Ilioara nr. 16 \u2013 fosta Scoala de soferi, Sectorului 3 Bucuresti, Centrul de Formare Profesionala RADET), are loc Dezbaterea avand ca tema: repartizarea costurilor cu apa rece \u015fi apa cald\u0103, utiliz\u00e2nd contoarele cu transmisie radio. Invitati: Reprezentanti ai asociatiilor [&hellip;]<\/p>\n","protected":false},"author":3,"featured_media":0,"comment_status":"open","ping_status":"open","sticky":false,"template":"","format":"standard","meta":{"footnotes":""},"categories":[1],"tags":[],"class_list":["post-2544","post","type-post","status-publish","format-standard","hentry","category-noutati"],"_links":{"self":[{"href":"https:\/\/www.habitaturban.ro\/index.php?rest_route=\/wp\/v2\/posts\/2544","targetHints":{"allow":["GET"]}}],"collection":[{"href":"https:\/\/www.habitaturban.ro\/index.php?rest_route=\/wp\/v2\/posts"}],"about":[{"href":"https:\/\/www.habitaturban.ro\/index.php?rest_route=\/wp\/v2\/types\/post"}],"author":[{"embeddable":true,"href":"https:\/\/www.habitaturban.ro\/index.php?rest_route=\/wp\/v2\/users\/3"}],"replies":[{"embeddable":true,"href":"https:\/\/www.habitaturban.ro\/index.php?rest_route=%2Fwp%2Fv2%2Fcomments&post=2544"}],"version-history":[{"count":7,"href":"https:\/\/www.habitaturban.ro\/index.php?rest_route=\/wp\/v2\/posts\/2544\/revisions"}],"predecessor-version":[{"id":2551,"href":"https:\/\/www.habitaturban.ro\/index.php?rest_route=\/wp\/v2\/posts\/2544\/revisions\/2551"}],"wp:attachment":[{"href":"https:\/\/www.habitaturban.ro\/index.php?rest_route=%2Fwp%2Fv2%2Fmedia&parent=2544"}],"wp:term":[{"taxonomy":"category","embeddable":true,"href":"https:\/\/www.habitaturban.ro\/index.php?rest_route=%2Fwp%2Fv2%2Fcategories&post=2544"},{"taxonomy":"post_tag","embeddable":true,"href":"https:\/\/www.habitaturban.ro\/index.php?rest_route=%2Fwp%2Fv2%2Ftags&post=2544"}],"curies":[{"name":"wp","href":"https:\/\/api.w.org\/{rel}","templated":true}]}}