{"id":2578,"date":"2017-10-02T18:28:29","date_gmt":"2017-10-02T16:28:29","guid":{"rendered":"http:\/\/www.habitaturban.ro\/?p=2578"},"modified":"2017-10-03T10:32:46","modified_gmt":"2017-10-03T08:32:46","slug":"dreptul-la-locuinta-dreptul-la-locuire-decenta","status":"publish","type":"post","link":"https:\/\/www.habitaturban.ro\/?p=2578","title":{"rendered":"Dreptul la Locuinta \/ Dreptul la Locuire Decenta!"},"content":{"rendered":"<p><strong><em>In 2017, la 2 octombrie, la nivel mondial este marcat\u0103 Ziua  mondial\u0103 a habitatului cu tema &#8221;Housing Policies: Affordable Homes&#8221;. Aceea\u0219i  zi marcheaz\u0103 \u0219i debutul &#8221;Lunii Urbane&#8221;, c\u00e2nd pe tot parcursul lunii octombrie  sunt organizate, \u00een \u00eentreaga lume, numeroase activit\u0103\u021bi av\u00e2nd \u00een centru  dezvoltarea locuin\u021belor \u0219i \u00eembun\u0103t\u0103\u021birea ora\u0219elor. &#8211; Agerpres<\/em><\/strong><\/p>\n<p><strong><em><a href=\"https:\/\/www.agerpres.ro\/flux-documentare\/2017\/10\/02\/ziua-mondiala-a-habitatului-04-30-22\">https:\/\/www.agerpres.ro\/flux-documentare\/2017\/10\/02\/ziua-mondiala-a-habitatului-04-30-22<\/a><\/em><\/strong><\/p>\n<p><strong> <a href=\"https:\/\/www.habitaturban.ro\/wp-content\/uploads\/2017\/10\/locuinta.jpg\"><img loading=\"lazy\" decoding=\"async\" class=\"aligncenter size-full wp-image-2579\" title=\"locuinta\" src=\"https:\/\/www.habitaturban.ro\/wp-content\/uploads\/2017\/10\/locuinta.jpg\" alt=\"\" width=\"500\" height=\"173\" srcset=\"https:\/\/www.habitaturban.ro\/wp-content\/uploads\/2017\/10\/locuinta.jpg 654w, https:\/\/www.habitaturban.ro\/wp-content\/uploads\/2017\/10\/locuinta-300x104.jpg 300w\" sizes=\"auto, (max-width: 500px) 100vw, 500px\" \/><\/a><br \/>\n<\/strong><\/p>\n<p align=\"center\"><strong><span style=\"text-decoration: underline;\">Dreptul la Locuinta \/ Dreptul la Locuire  Decenta!<\/span><\/strong><\/p>\n<p>In Constitutie sunt prevazute ca <strong><em>Drepturi  \u015fi libert\u0103\u0163ile fundamentale:<\/em><\/strong><br \/>\n<strong><em>ARTICOLUL    22 &#8211;<\/em><\/strong><em> Dreptul la via\u0163\u0103 \u015fi la integritate fizic\u0103    \u015fi psihic\u0103<\/em><br \/>\n<strong><em>ARTICOLUL    32 &#8211; <\/em><\/strong><em>Dreptul    la \u00eenv\u0103\u0163\u0103tur\u0103<\/em><br \/>\n<strong><em>ARTICOLUL 33 &#8211; <\/em><\/strong><em>Accesul la cultur\u0103<\/em><br \/>\n<strong><em>ARTICOLUL    34 &#8211; <\/em><\/strong><em>Dreptul la ocrotirea s\u0103n\u0103t\u0103\u0163ii<\/em><br \/>\n<strong><em>ARTICOLUL    36 &#8211; <\/em><\/strong><em>Dreptul    de vot<\/em><br \/>\n<strong><em>ARTICOLUL    37 &#8211; <\/em><\/strong><em>Dreptul de a fi ales<\/em><br \/>\n<strong><em>ARTICOLUL    41 &#8211; <\/em><\/strong><em>Dreptul la Munca \u015fi protec\u0163ia social\u0103 a muncii<\/em><br \/>\n<strong><em>ARTICOLUL 45<\/em><\/strong><em> &#8211; Libertatea economic\u0103<\/em><br \/>\n<strong><em>ARTICOLUL    47 &#8211; <\/em><\/strong><em>Nivelul de trai &#8211; <\/em><\/p>\n<p><strong><em> (1)<\/em><\/strong><em> <\/em><em>Statul este obligat s\u0103 ia m\u0103suri de dezvoltare    economic\u0103 \u015fi de protec\u0163ie social\u0103, de natur\u0103 s\u0103 asigure cet\u0103\u0163enilor un nivel    de trai decent.<\/em><\/p>\n<p><strong><em> (2)<\/em><\/strong><em> <\/em><em>Cet\u0103\u0163enii au dreptul la pensie, la concediu de    maternitate pl\u0103tit, la asisten\u0163\u0103 medical\u0103 \u00een unit\u0103\u0163ile sanitare de stat, la    ajutor de \u015fomaj \u015fi la alte forme de asigur\u0103ri sociale publice sau private,    prev\u0103zute de lege. Cet\u0103\u0163enii au dreptul \u015fi la m\u0103suri de asisten\u0163\u0103 social\u0103,    potrivit legii.<\/em><\/p>\n<p><strong><em>ARTICOLUL 48 &#8211; <\/em><\/strong><em>Familia<\/em><br \/>\n<strong><em>ARTICOLUL    49 &#8211; <\/em><\/strong><em>Protec\u0163ia copiilor \u015fi a tinerilor<\/em><br \/>\n<strong><em>ARTICOLUL 50 &#8211; <\/em><\/strong><em>Protec\u0163ia persoanelor    cu handicap<\/em><br \/>\n<strong><em>ARTICOLUL 51 &#8211; <\/em><\/strong><em>Dreptul de peti\u0163ionare<\/em><\/p>\n<h2><strong><span style=\"color:red\">Toate acestea sunt doar forme fara fond in  lipsa unui drept fundamental<\/span><\/strong><strong>: <span style=\"text-decoration: underline;\">Dreptul la  Locuinta \/ Dreptul la Locuire Decenta!<\/span><\/strong><\/h2>\n<p><strong>Este evident ca nu putem discuta de dreptul  la viata, invatatura, sanatate, munca, nivel de trai decent, familie (s.a.)  fara existenta dreptului elementar de a avea (nu in sensul de a detine in  proprietate) o locuinta decenta.<\/strong><\/p>\n<p>Mai mult:<\/p>\n<ul>\n<li><em>Lipsa de locuin\u0163e decente la un pre\u0163  accesibil influen\u0163eaz\u0103 in mod direct via\u0163a cet\u0103\u0163enilor, limitandu-le  posibilitatea de integrare social\u0103 \u015fi de mobilitate;<\/em><\/li>\n<li><em>Mai bine de jumatate dintre cetateni\u00a0 tr\u0103iesc in aglomer\u0103ri urbane, de\u015fi multe  ora\u015fe se confrunt\u0103 cu probleme importante in ceea ce prive\u015fte locuin\u0163ele cum ar  fi: <\/em>\n<ul>\n<li><em>insuficien\u0163a ofertei, <\/em><\/li>\n<li><em>costurile ridicate de cump\u0103rare \u015fi  intre\u0163inere, <\/em><\/li>\n<li><em>starea proast\u0103 a imobilelor;<\/em><\/li>\n<\/ul>\n<\/li>\n<li><em>Problema locuin\u0163elor urbane se inscrie in  contextul mai larg al planific\u0103rii urbane \u015fi este legat\u0103 a\u015fadar de problemele  cum ar fi:<\/em>\n<ul>\n<li><em>de pauperizare a anumitor cartiere, <\/em><\/li>\n<li><em>de degradare a mediului (poluarea aerului \u015fi  a apei, zgomotul, de\u015feurile, suprapopularea etc.), <\/em><\/li>\n<li><em>de proasta func\u0163ionare a serviciilor  publice, de accesibilitate sau de securitate etc.;<\/em><\/li>\n<\/ul>\n<\/li>\n<li><em>Dificult\u0103\u0163ile de acces la locuin\u0163e stau la  baza fenomenelor de segregare social\u0103 \u015fi de transformare in ghetou;<\/em><\/li>\n<li><em>Combina\u0163ia de venituri sc\u0103zute, pre\u0163uri  ridicate la energie cu sisteme de inc\u0103lzire \u015fi de izolare inadecvate, d\u0103  na\u015ftere unor fenomene precum s\u0103r\u0103cia \u015fi deconectarea de la energie;<\/em><\/li>\n<li><em>Excluderea social\u0103 contravine modelului  social european;<\/em><\/li>\n<li><em>Extinderea urban\u0103 genereaz\u0103 numeroase  probleme sociale \u015fi economice afectand transporturile (congestia  transporturilor in comun, dependen\u0163a de ma\u015fina personal\u0103), protec\u0163ia mediului  (consumul crescut de energie, poluarea) \u015fi accesibilitatea serviciilor;<\/em><\/li>\n<li><em>Problemele specifice legate de marile  imobile prefabricate, atat in ceea ce prive\u015fte calitatea spa\u0163iului de locuit,  cat \u015fi in ceea ce prive\u015fte reabilitarea infrastructurilor (finan\u0163area  lucr\u0103rilor de intre\u0163inere \u015fi renovare, dar \u015fi a cercet\u0103rii privind tehnicile \u015fi  tehnologiile adecvate) sunt accentuate de varsta fondului locativ \u2013 peste 80%  fiind mai vechi de 20 de ani si de imbatranirea populatiei (exista zone in care  peste 70% dintre ocupantii locuintelor sunt pensionari)!<\/em><\/li>\n<li><em>Importan\u0163a regener\u0103rii terenurilor  industriale in paragin\u0103 \u015fi a protec\u0163iei spa\u0163iilor verzi;<\/em><\/li>\n<li><em>Sectorul locuin\u0163elor reprezint\u0103 o surs\u0103  important\u0103 de ocupare a for\u0163ei de munc\u0103 atat in domeniul construc\u0163iilor, cat \u015fi  in domeniul renov\u0103rii, al amenaj\u0103rii, al serviciilor de proximitate \u015fi al  serviciilor financiare,<\/em><\/li>\n<\/ul>\n<p><strong><span style=\"text-decoration: underline;\">In acest sens Liga Asociatiilor de Proprietari  Habitat considera ca:<\/span><\/strong><\/p>\n<p><strong>1.<\/strong><strong>Dreptul  la o locuin\u0163\u0103 decent\u0103 \/ locuire decenta accesibil\u0103 ca pre\u0163 este un drept  fundamental al fiec\u0103rui cet\u0103\u0163ean si ar trebui sa se regaseasca in Constituie!<\/strong><\/p>\n<p>2.Autoritatile publice trebuie sa  asigure<strong> reguli clare si  usor de aplicat <\/strong>pentru accesul la locuinte si <strong>sanse mai bune<\/strong> pentru asigurarea si  pastrarea unei locuinte decente in cazul grupurilor vulnerabile.<\/p>\n<p>3. Este necesara identificarea unei serii  de standarde de calitate minim\u0103 care s\u0103 defineasc\u0103 no\u0163iunea de \u201elocuin\u0163\u0103  decent\u0103\u201d;<\/p>\n<p>4. Este necesara stabilirea dreptului la  aloca\u0163ie pentru locuin\u0163\u0103, cat \u015fi consolidarea tuturor drepturilor sociale,  pentru a putea permite o mobilitate real\u0103 a lucr\u0103torilor;<\/p>\n<p>6. Trebuie pus accentul pe importan\u0163a  chestiunilor de securitate:<\/p>\n<ul>\n<li>in ceea ce prive\u015fte criminalitatea, mai ales in cartierele defavorizate,<\/li>\n<li>in ceea ce prive\u015fte cl\u0103dirile (norme de construc\u0163ie \u015fi de exploatare),<\/li>\n<li>in ceea ce prive\u015fte infrastructurile pentru electricitate \u015fi gaz, dar \u015fi pentru  ap\u0103 \u015fi canalizare (siguran\u0163a sistemelor existente \u015fi a tehnologiilor de reabilitare);<\/li>\n<\/ul>\n<p>7. Este necesara extinderea dezbaterii  privind locuin\u0163ele \u015fi asupra locuin\u0163elor din mediul rural;<\/p>\n<p>8. Este necesara o analiz\u0103 mai detaliat\u0103  privind costurile locuin\u0163elor pentru a putea lua in calcul mai bine  eterogenitatea ocup\u0103rii locuin\u0163elor \u015fi pentru a in\u0163elege problema locuin\u0163elor  din perspectiva global\u0103 a imb\u0103tranirii popula\u0163iei, a modific\u0103rii structurii  familiale tradi\u0163ionale \u015fi a situa\u0163iei speciale a tinerilor;<\/p>\n<p>9.Politica locuintei nu trebuie  facuta in afara politicilor de dezvoltare durabila a localitatilor.<\/p>\n<p>10.Politicile de locuire trebuie  sa reprezinte parte a unei <strong>abordari integrate<\/strong> a tuturor problemelor unei  comunitati<strong>: <\/strong>sprijinirea simultan\u0103 a activit\u0103\u0163ilor de  renovare fizic\u0103 a mediului urban cu cele de reabilitare a infrastructurii de  baz\u0103, precum \u015fi cu ac\u0163iuni pentru dezvoltarea economic\u0103, cre\u015fterea  competitivit\u0103\u0163ii \u015fi ocup\u0103rii, integrarea grupurilor etnice \u00een condi\u0163iile  protej\u0103rii mediului.<\/p>\n<p>Avantajul acestei  abord\u0103ri integrate \u2013 bazate pe principiile de subsidiaritate \u015fi de proximitate  \u2013 const\u0103 \u00een faptul c\u0103 se pot rezolva simultan o serie de probleme \u00eentre care  exist\u0103 rela\u0163ii de interdependen\u0163\u0103 \u015fi care afecteaz\u0103 at\u00e2t zona urban\u0103 c\u00e2t \u015fi  arealele adiacente ceea ce ar face posibil\u0103 ameliorarea calit\u0103\u0163ii vie\u0163ii \u015fi  atractivitatea mediilor urbane.<\/p>\n<p>11. Politicile in domeniul locuintei  trebuie realizate de c\u0103tre autorit\u0103\u0163ile locale care pot asigura o viziune de  ansamblu, o coordonare optim\u0103 a politicilor \u015fi a ini\u0163iativelor puse in aplicare  in aglomer\u0103rile urbane \u015fi o viziune pe termen lung asupra dezvolt\u0103rii  aglomer\u0103rii urbane. Autorit\u0103\u0163ile administra\u0163iei publice locale \u00eempreun\u0103 cu to\u0163i  actorii implica\u0163i \u015fi interesa\u0163i de dezvoltarea urban\u0103 trebuie s\u0103 colaboreze  pentru elaborarea unor planuri coerente, participative, integrate \u015fi durabile  care s\u0103 conduc\u0103 la rezolvarea problemelor sociale, economice si de mediu, tot  mai numeroase \u00een ora\u015fele \u015fi municipiile \u0163\u0103rii, \u015fi \u00een acela\u015fi timp la cre\u015fterea  atractivit\u0103\u0163ii ora\u015felor \u015fi \u00eembun\u0103t\u0103\u0163irea calit\u0103\u0163ii vie\u0163ii \u00een mediul urban.<\/p>\n<p><strong>12.  Implicarea cet\u0103\u0163enilor<\/strong> \u015fi a principalilor actori locali \u00een  elaborarea strategiilor de dezvoltare urban\u0103 constituie o precondi\u0163ie pentru  asigurarea sustenabilit\u0103\u0163ii acestor planuri integrate. Dialogul \u015fi consultarea  intre diferitele niveluri ale autorit\u0103\u0163ii locale, regionale \u015fi guvernamentale,  pot asigura coeren\u0163a interven\u0163iei publice, mul\u0163umit\u0103 unei coordon\u0103ri orizontale  (intre toate politicile privind locuin\u0163ele), verticale (intre actorii care se  ocup\u0103 de locuin\u0163e la diferite niveluri \u2013 na\u0163ional, local \u2013) \u015fi mixte (intre  autorit\u0103\u0163ile publice, actorii socio-economici \u015fi societatea civil\u0103);<\/p>\n<p><em> <\/em><\/p>\n<div>\n<p style=\"border:1px solid grey;padding:3px;\"><strong><em>Info la: <\/em><\/strong><a href=\"mailto:mihai.mereuta@habitaturban.ro\">mihai.mereuta@habitaturban.ro<\/a><strong><em> (de preferat), sau fax  021.341.30.62, sau ADRESA  CORESPONDENTA: OP 49, CP 21 SECTOR 2 BUCURESTI.<\/em><\/strong><\/p>\n<\/div>\n<p><em>Va dorim <strong>succes<\/strong> in activitatea pe care o desfasurati, va multumim  pentru colaborare si sprijin si va asiguram de intreaga noastra consideratie.<\/em><\/p>\n<p align=\"center\"><span style=\"font-size:20px\"><strong>Mihai Mereuta<\/strong><\/span><\/p>\n<p><strong>Presedinte<\/strong><\/p>\n<table border=\"0\" cellspacing=\"0\" cellpadding=\"0\" width=\"100%\">\n<tbody>\n<tr>\n<td style=\"border:none\" width=\"50%\" align=\"center\" valign=\"top\">\n<p align=\"center\"><strong><em>LIGA ASOCIA\u0162IILOR DE PROPRIETARI<\/em><\/strong><\/p>\n<p><strong><em>HABITAT<\/em><\/strong><\/td>\n<td style=\"border:none\" width=\"50%\" align=\"center\" valign=\"top\">\n<p align=\"center\"><strong><em>ASOCIA\u0162IA ROM\u00c2N\u0102 PENTRU LOCUIN\u0162E<\/em><\/strong><\/p>\n<p><strong><em>CASA PLUS<\/em><\/strong><\/td>\n<\/tr>\n<\/tbody>\n<\/table>\n","protected":false},"excerpt":{"rendered":"<p>In 2017, la 2 octombrie, la nivel mondial este marcat\u0103 Ziua mondial\u0103 a habitatului cu tema &#8221;Housing Policies: Affordable Homes&#8221;. Aceea\u0219i zi marcheaz\u0103 \u0219i debutul &#8221;Lunii Urbane&#8221;, c\u00e2nd pe tot parcursul lunii octombrie sunt organizate, \u00een \u00eentreaga lume, numeroase activit\u0103\u021bi av\u00e2nd \u00een centru dezvoltarea locuin\u021belor \u0219i \u00eembun\u0103t\u0103\u021birea ora\u0219elor. &#8211; Agerpres https:\/\/www.agerpres.ro\/flux-documentare\/2017\/10\/02\/ziua-mondiala-a-habitatului-04-30-22 Dreptul la Locuinta \/ [&hellip;]<\/p>\n","protected":false},"author":3,"featured_media":0,"comment_status":"open","ping_status":"open","sticky":false,"template":"","format":"standard","meta":{"footnotes":""},"categories":[1],"tags":[],"class_list":["post-2578","post","type-post","status-publish","format-standard","hentry","category-noutati"],"_links":{"self":[{"href":"https:\/\/www.habitaturban.ro\/index.php?rest_route=\/wp\/v2\/posts\/2578","targetHints":{"allow":["GET"]}}],"collection":[{"href":"https:\/\/www.habitaturban.ro\/index.php?rest_route=\/wp\/v2\/posts"}],"about":[{"href":"https:\/\/www.habitaturban.ro\/index.php?rest_route=\/wp\/v2\/types\/post"}],"author":[{"embeddable":true,"href":"https:\/\/www.habitaturban.ro\/index.php?rest_route=\/wp\/v2\/users\/3"}],"replies":[{"embeddable":true,"href":"https:\/\/www.habitaturban.ro\/index.php?rest_route=%2Fwp%2Fv2%2Fcomments&post=2578"}],"version-history":[{"count":5,"href":"https:\/\/www.habitaturban.ro\/index.php?rest_route=\/wp\/v2\/posts\/2578\/revisions"}],"predecessor-version":[{"id":2584,"href":"https:\/\/www.habitaturban.ro\/index.php?rest_route=\/wp\/v2\/posts\/2578\/revisions\/2584"}],"wp:attachment":[{"href":"https:\/\/www.habitaturban.ro\/index.php?rest_route=%2Fwp%2Fv2%2Fmedia&parent=2578"}],"wp:term":[{"taxonomy":"category","embeddable":true,"href":"https:\/\/www.habitaturban.ro\/index.php?rest_route=%2Fwp%2Fv2%2Fcategories&post=2578"},{"taxonomy":"post_tag","embeddable":true,"href":"https:\/\/www.habitaturban.ro\/index.php?rest_route=%2Fwp%2Fv2%2Ftags&post=2578"}],"curies":[{"name":"wp","href":"https:\/\/api.w.org\/{rel}","templated":true}]}}