{"id":2585,"date":"2017-10-09T12:06:06","date_gmt":"2017-10-09T10:06:06","guid":{"rendered":"http:\/\/www.habitaturban.ro\/?p=2585"},"modified":"2017-10-09T12:06:06","modified_gmt":"2017-10-09T10:06:06","slug":"program-de-educa%c8%9bie-financiara-pentru-beneficiarii-poli%c8%9belor-de-asigurare-obligatorie-a-locuin%c8%9belor-pad","status":"publish","type":"post","link":"https:\/\/www.habitaturban.ro\/?p=2585","title":{"rendered":"Program de educa\u021bie financiar\u0103 pentru beneficiarii poli\u021belor de asigurare obligatorie a locuin\u021belor (PAD)"},"content":{"rendered":"<p>In perioada <strong>09-13 octombrie A.S.F.<\/strong> (Autoritatea  de Supraveghere Financiar\u0103) \u00eempreun\u0103  cu <strong>PAID<\/strong> (Pool-ul de Asigurare \u00cempotriva Dezastrelor Naturale) \u0219i <strong>Liga Asocia\u0163iilor de Proprietari Habitat <\/strong>vor desf\u0103\u0219ura o serie de actiuni ce au ca  principal obiectiv con\u0219tientizarea importan\u021bei \u00eencheierii poli\u021bei de asigurare  obligatorie a locuin\u021belor (PAD). <\/p>\n<p><em>Luna <strong>octombrie 2017<\/strong> este numit\u0103 la nivel  interna\u021bional \u0219i <strong>&bdquo;Luna asigur\u0103rilor de  locuin\u021be&rdquo;<\/strong> si a fost aleas\u0103 ca fiind asociat\u0103, la nivel mondial, cu lupta  \u00eempotriva dezastrelor naturale, \u00eenc\u0103 din decembrie 1989, c\u00e2nd Adunarea General\u0103  ONU desemna \u00een mod oficial, data de <strong>13  octombrie<\/strong> drept <strong>Ziua Interna\u021bional\u0103  pentru reducerea Riscului Dezastrelor Naturale<\/strong>.<\/em><\/p>\n<p><strong>Reprezentantii  Ligii Asociatiilor de Proprietari Habitat vor participa la<\/strong><\/p>\n<table border=\"0\" cellspacing=\"0\" cellpadding=\"3\" width=\"590\">\n<tr>\n<td width=\"11%\">\n<p align=\"center\"><strong>Data<\/strong><\/p>\n<\/td>\n<td width=\"9%\">\n<p align=\"center\"><strong>Interval orar<\/strong><\/p>\n<\/td>\n<td width=\"9%\">\n<p align=\"center\"><strong>Oras<\/strong><\/p>\n<\/td>\n<td width=\"38%\">\n<p align=\"center\"><strong>Loca\u021bia unde se va desf\u0103\u0219ura \u00eent\u00e2lnirea<\/strong><\/p>\n<\/td>\n<td width=\"29%\" align=\"left\">\n<p align=\"center\"><strong>Organizatia<\/strong><\/p>\n<\/td>\n<\/tr>\n<tr>\n<td width=\"11%\">\n<p align=\"center\"><strong>09.10.2017<\/strong><\/p>\n<\/td>\n<td width=\"9%\">\n<p align=\"center\">16.00<br \/>17.00<\/p>\n<\/td>\n<td width=\"9%\">\n<p align=\"center\"><strong>FOCSANI<\/strong><\/p>\n<\/td>\n<td width=\"38%\">\n<p align=\"center\">Sala de \u0219edin\u021be (etaj 1) a Prim\u0103ria Foc\u0219ani &#8211;    Bulevardul Dimitrie Cantemir nr. 1 bis, Jude\u021bul Vrancea<\/p>\n<\/td>\n<td width=\"29%\" align=\"left\">\n<p><strong><em>UNIUNEA    ASOCIATIILOR DE LOCATARI FOCSANI <\/em><\/strong><br \/>\n      <em>Ion Vlase    \u2013 Presedinte<\/em><br \/>\n      <a href=\"mailto:ionvlase@yahoo.com\">ionvlase@yahoo.com<\/a><\/p>\n<\/td>\n<\/tr>\n<tr>\n<td width=\"11%\">\n<p align=\"center\"><strong>10.10.2017<\/strong><\/p>\n<\/td>\n<td width=\"9%\">\n<p align=\"center\">13.30<br \/>15.00<\/p>\n<\/td>\n<td width=\"9%\">\n<p align=\"center\"><strong>BACAU<\/strong><\/p>\n<\/td>\n<td width=\"38%\">\n<p align=\"center\">Sala de consiliu din cadrul Centrului de Afaceri    \u0219i Expozi\u021bii Bac\u0103u &#8211; str. Calea dr. Alexandru Safran nr. 145, localitatea    Bac\u0103u, Jude\u021bul Bac\u0103u<\/p>\n<\/td>\n<td width=\"29%\" align=\"left\">\n<p ><strong><em>LIGA    JUDE\u021aEAN\u0102 ASOCIA\u0162IILOR DE PROPRIETARI BAC\u0102U <\/em><\/strong><br \/>\n      MAXIM VASILE    \u2013REPREZENTANT, 0745.778.588, <a href=\"mailto:bc_55_max@yahoo.com\">bc_55_max@yahoo.com<\/a><\/p>\n<\/td>\n<\/tr>\n<tr>\n<td width=\"11%\">\n<p align=\"center\"><strong>11.10.2017<\/strong><\/p>\n<\/td>\n<td width=\"9%\">\n<p align=\"center\">10.00<br \/>11.30<\/p>\n<\/td>\n<td width=\"9%\">\n<p align=\"center\"><strong>CLUJ <\/strong><br \/>\n      <strong>NAPOCA<\/strong><\/p>\n<\/td>\n<td width=\"38%\">\n<p align=\"center\">Sala mare a Prim\u0103riei Cluj Napoca &#8211; str. Mo\u021bilor    nr.3, localitatea Cluj Napoca, Jude\u021bul Cluj<\/p>\n<\/td>\n<td width=\"29%\" align=\"left\">\n<p><strong><em>FEDERA\u021aIA ASOCIA\u0162IILOR DE PROPRIETARI CLUJ NAPOCA<\/em><\/strong><br \/><em> SORIN MUNTEAN \u2013 PRESEDINTE, 0741.132.176, <a href=\"mailto:fapcluj@yahoo.com\">fapcluj@yahoo.com<\/a>, 0364.818.849; <\/em><\/p>\n<\/td>\n<\/tr>\n<tr>\n<td width=\"11%\">\n<p align=\"center\"><strong>13.10.2017<\/strong><\/p>\n<\/td>\n<td width=\"9%\">\n<p align=\"center\">12.30<br \/>13.30<\/p>\n<\/td>\n<td width=\"9%\">\n<p align=\"center\"><strong>CALIMANESTI<\/strong><\/p>\n<\/td>\n<td width=\"38%\">\n<p align=\"center\">Sala de consiliu a Prim\u0103riei C\u0103lim\u0103ne\u0219ti &#8211; str.    Calea Traian nr. 306, Localitatea C\u0103lim\u0103ne\u0219ti, Jude\u021bul V\u00e2lcea<\/p>\n<\/td>\n<td width=\"29%\" align=\"left\">\n<div>\n<p><strong><em>UNIUNEA JUDETEANA A    ASOCIATIILOR DE PROPRIETARI R\u00c2MNICU V\u00c2LCEA<\/em><\/strong><br \/><em>ANDREI    MOSMONEA \u2013 presedinte, 0740.894.919, <a href=\"mailto:as.propr_nr1nord5@yahoo.ro\">as.propr_nr1nord5@yahoo.ro<\/a>, <a href=\"mailto:andram_61@yahoo.com\">andram_61@yahoo.com<\/a><\/em><\/p>\n<\/p><\/div>\n<\/td>\n<\/tr>\n<\/table>\n<p>Pe parcursul \u00eent\u00e2lnirilor vom interac\u021biona direct cu  participan\u021bii. Vor fi prezentate beneficiile poli\u021bei PAD, riscurile pe care le  acoper\u0103 o astfel de poli\u021b\u0103, care sunt excluderile, ce trebuie f\u0103cut \u00een cazul  unei daune etc. <br \/>\n  <strong>Info la <\/strong><strong>0744.751.416; <\/strong><a href=\"mailto:mihai.mereuta@habitaturban.ro\">mihai.mereuta@habitaturban.ro<\/a>.<br \/>\n  Multumindu-va anticipat pentru PARTICIPARE,  COLABORARE SI SPRIJIN va rog sa primiti, asigurarea deplinei mele consideratii.<br \/>\n<strong>Cu deosebit respect,<\/strong><\/p>\n<table border=\"0\" cellspacing=\"0\" cellpadding=\"0\" width=\"97%\">\n<tr>\n<td width=\"539\" align=\"center\" valign=\"top\" style=\"font-size:20px; border:none;\"><strong>Mihai Mereuta<\/strong>\n      <\/td>\n<\/tr>\n<tr>\n<td width=\"539\" valign=\"top\" style=\"border:none;\">\n<p align=\"center\"><strong>Presedinte<\/strong><br \/><strong><em>LIGA ASOCIA\u0162IILOR DE PROPRIETARI HABITAT<\/em><\/strong><\/p>\n<\/td>\n<\/tr>\n<\/table>\n","protected":false},"excerpt":{"rendered":"<p>In perioada 09-13 octombrie A.S.F. (Autoritatea de Supraveghere Financiar\u0103) \u00eempreun\u0103 cu PAID (Pool-ul de Asigurare \u00cempotriva Dezastrelor Naturale) \u0219i Liga Asocia\u0163iilor de Proprietari Habitat vor desf\u0103\u0219ura o serie de actiuni ce au ca principal obiectiv con\u0219tientizarea importan\u021bei \u00eencheierii poli\u021bei de asigurare obligatorie a locuin\u021belor (PAD). Luna octombrie 2017 este numit\u0103 la nivel interna\u021bional \u0219i &bdquo;Luna [&hellip;]<\/p>\n","protected":false},"author":3,"featured_media":0,"comment_status":"open","ping_status":"open","sticky":false,"template":"","format":"standard","meta":{"footnotes":""},"categories":[1],"tags":[],"class_list":["post-2585","post","type-post","status-publish","format-standard","hentry","category-noutati"],"_links":{"self":[{"href":"https:\/\/www.habitaturban.ro\/index.php?rest_route=\/wp\/v2\/posts\/2585","targetHints":{"allow":["GET"]}}],"collection":[{"href":"https:\/\/www.habitaturban.ro\/index.php?rest_route=\/wp\/v2\/posts"}],"about":[{"href":"https:\/\/www.habitaturban.ro\/index.php?rest_route=\/wp\/v2\/types\/post"}],"author":[{"embeddable":true,"href":"https:\/\/www.habitaturban.ro\/index.php?rest_route=\/wp\/v2\/users\/3"}],"replies":[{"embeddable":true,"href":"https:\/\/www.habitaturban.ro\/index.php?rest_route=%2Fwp%2Fv2%2Fcomments&post=2585"}],"version-history":[{"count":3,"href":"https:\/\/www.habitaturban.ro\/index.php?rest_route=\/wp\/v2\/posts\/2585\/revisions"}],"predecessor-version":[{"id":2588,"href":"https:\/\/www.habitaturban.ro\/index.php?rest_route=\/wp\/v2\/posts\/2585\/revisions\/2588"}],"wp:attachment":[{"href":"https:\/\/www.habitaturban.ro\/index.php?rest_route=%2Fwp%2Fv2%2Fmedia&parent=2585"}],"wp:term":[{"taxonomy":"category","embeddable":true,"href":"https:\/\/www.habitaturban.ro\/index.php?rest_route=%2Fwp%2Fv2%2Fcategories&post=2585"},{"taxonomy":"post_tag","embeddable":true,"href":"https:\/\/www.habitaturban.ro\/index.php?rest_route=%2Fwp%2Fv2%2Ftags&post=2585"}],"curies":[{"name":"wp","href":"https:\/\/api.w.org\/{rel}","templated":true}]}}