{"id":2589,"date":"2017-10-27T18:28:37","date_gmt":"2017-10-27T16:28:37","guid":{"rendered":"http:\/\/www.habitaturban.ro\/?p=2589"},"modified":"2017-10-30T06:29:07","modified_gmt":"2017-10-30T04:29:07","slug":"prevenirea-incendiilor-in-blocurile-de-locuinte-agenda-evenimentului","status":"publish","type":"post","link":"https:\/\/www.habitaturban.ro\/?p=2589","title":{"rendered":"PREVENIREA INCENDIILOR IN BLOCURILE DE LOCUINTE! AGENDA EVENIMENTULUI"},"content":{"rendered":"<p>Miercuri, <strong><u>01<\/u><\/strong><strong><u>.11.2017<\/u><\/strong>, ora 11.00, la  Sala de Conferinte de la RADET Ilioara (etaj 3, str. Strada Ilioara nr. 16 \u2013  fosta Scoala de soferi, Sectorului 3 Bucuresti, Centrul de Formare  Profesionala RADET), are loc <strong>Dezbaterea<\/strong> avand ca tema:<strong> prevenirea incendiilor in blocurile de locuinte<\/strong><strong>!<\/strong> <br \/>\n  <strong><u>Dezbaterea\u00a0 va viza:<\/u><\/strong><\/p>\n<ul type=\"disc\">\n<li><em>prevenirea incendiilor in blocurile de       locuinte<\/em><\/li>\n<li><em>montarea detectoarelor de incendiu<\/em><\/li>\n<li><em>Relatia asociatiilor de proprietari cu IGSU       \/ ISU BUCURESTI;<\/em><\/li>\n<li><strong><em>eliberarea avizului\/autoriza\u0163iei de securitate la       incendiu\/de protec\u0163ie civil\u0103<\/em><\/strong><strong><\/strong><strong><\/strong><\/li>\n<li><em>Obligatiile proprietarilor \/ membrilor si reprezentantilor       asociatiilor de proprietari <\/em><strong><u> <\/u><\/strong><\/li>\n<\/ul>\n<p><strong><u>Invitati:<\/u><\/strong><\/p>\n<ul>\n<li><em>Reprezentanti ai asociatiilor  de proprietari din Bucuresti; <\/em><em>IGSU \/ ISU  Bucuresti, PMB, Reprezentanti ai  Primariilor de Sector; specialisti <\/em><\/li>\n<li><em>RADET BUCURESTI <\/em><\/li>\n<\/ul>\n<p style=\"border:1px solid grey;padding:3px;\"><strong>NUM\u0102R  LIMITAT DE LOCURI &#8211; 50! V\u0102 RUG\u0102M S\u0102 CONFIRMA\u0162I PARTICIPAREA LA 0726.949.000, 0743.627.705, 021.341.30.62, <\/strong><a href=\"mailto:dana.hutan@habitaturban.ro\">dana.hutan@habitaturban.ro<\/a><strong>;<\/strong><\/p>\n<p align=\"center\"><span style=\"font-size:20px\"><strong>Mihai Mereuta<\/strong><\/span><br \/>\n<strong>Presedinte<\/strong><\/p>\n<table border=\"0\" cellspacing=\"0\" cellpadding=\"0\" width=\"100%\">\n<tbody>\n<tr>\n<td width=\"50%\" align=\"center\" valign=\"top\" style=\"border:none\">\n<p align=\"center\"><strong><em>LIGA ASOCIA\u0162IILOR DE PROPRIETARI<\/em><\/strong><\/p>\n<p><strong><em>HABITAT<\/em><\/strong><\/p>\n<\/td>\n<td width=\"50%\" align=\"center\" valign=\"top\" style=\"border:none\">\n<p align=\"center\"><strong><em>ASOCIA\u0162IA ROM\u00c2N\u0102 PENTRU LOCUIN\u0162E<\/em><\/strong><\/p>\n<p><strong><em>CASA PLUS<\/em><\/strong><\/p>\n<\/td>\n<\/tr>\n<\/tbody>\n<\/table>\n<p>&nbsp;<\/p>\n<p align=\"center\"><strong>AGENDA EVENIMENTULUI <\/strong><\/p>\n<table border=\"1\" cellspacing=\"0\" cellpadding=\"3\" width=\"100%\">\n<tr>\n<td colspan=\"2\" valign=\"top\">\n<p align=\"center\"><strong>MIERCURI, 01    NOIEMBRIE 2017, SALA DE CONFERINTE ILIOARA RADET <\/strong><\/p>\n<\/td>\n<\/tr>\n<tr>\n<td width=\"100\" valign=\"top\">\n<p><em>10:30 \u2013 11.00<\/em><\/p>\n<\/td>\n<td valign=\"top\">\n<p><em>PRIMIREA SI \u00ceNREGISTRAREA PARTICIPANTILOR <\/em><\/p>\n<\/td>\n<\/tr>\n<tr>\n<td width=\"100\" valign=\"top\">\n<p><em>&nbsp;<\/em><em>11:00 \u2013 11:15<\/em><\/p>\n<\/td>\n<td valign=\"top\">\n<p><em>CUV\u00c2NT INTRODUCTIV, PREZENTAREA INVITA\u0162ILOR, LANSAREA CONFERINTEI <\/em><\/p>\n<ul type=\"disc\">\n<li><em>MIHAI MEREUTA \u2013 PRESEDINTE         LIGA ASOCIATIILOR DE PROPRIETARI HABITAT ASOCIATIA ROMANA PENTRU         LOCUINTE CASA PLUS; <\/em><\/li>\n<\/ul>\n<\/td>\n<\/tr>\n<tr>\n<td width=\"100\" valign=\"top\">\n<p><em>&nbsp;<\/em><em>11:15 \u2013 12:15<\/em><\/p>\n<\/td>\n<td valign=\"top\">\n<p><em>PREZENTARI <\/em><\/p>\n<ul type=\"disc\">\n<li><em>IGSU <\/em><\/li>\n<li><em>ISU BUCURESTI <\/em><\/li>\n<li><em>RADET         BUCURESTI<\/em><\/li>\n<\/ul>\n<\/td>\n<\/tr>\n<tr>\n<td width=\"100\" valign=\"top\">\n<p><em>12:15 \u2013 13:00&nbsp;<strong><\/strong><\/em><\/p>\n<\/td>\n<td valign=\"top\">\n<ul type=\"disc\">\n<li><em>INTERVENTII         ALE MEMBRILOR SI REPREZENTANTILOR ASOCIATIILOR DE PROPRIETARI; <\/em><\/li>\n<li><em>INTREBARI         \/ RASPUNSURI \/ CONCLUZII <\/em><\/li>\n<\/ul>\n<\/td>\n<\/tr>\n<\/table>\n<p>&nbsp;<\/p>\n","protected":false},"excerpt":{"rendered":"<p>Miercuri, 01.11.2017, ora 11.00, la Sala de Conferinte de la RADET Ilioara (etaj 3, str. Strada Ilioara nr. 16 \u2013 fosta Scoala de soferi, Sectorului 3 Bucuresti, Centrul de Formare Profesionala RADET), are loc Dezbaterea avand ca tema: prevenirea incendiilor in blocurile de locuinte! Dezbaterea\u00a0 va viza: prevenirea incendiilor in blocurile de locuinte montarea detectoarelor [&hellip;]<\/p>\n","protected":false},"author":3,"featured_media":0,"comment_status":"open","ping_status":"open","sticky":false,"template":"","format":"standard","meta":{"footnotes":""},"categories":[1],"tags":[],"class_list":["post-2589","post","type-post","status-publish","format-standard","hentry","category-noutati"],"_links":{"self":[{"href":"https:\/\/www.habitaturban.ro\/index.php?rest_route=\/wp\/v2\/posts\/2589","targetHints":{"allow":["GET"]}}],"collection":[{"href":"https:\/\/www.habitaturban.ro\/index.php?rest_route=\/wp\/v2\/posts"}],"about":[{"href":"https:\/\/www.habitaturban.ro\/index.php?rest_route=\/wp\/v2\/types\/post"}],"author":[{"embeddable":true,"href":"https:\/\/www.habitaturban.ro\/index.php?rest_route=\/wp\/v2\/users\/3"}],"replies":[{"embeddable":true,"href":"https:\/\/www.habitaturban.ro\/index.php?rest_route=%2Fwp%2Fv2%2Fcomments&post=2589"}],"version-history":[{"count":1,"href":"https:\/\/www.habitaturban.ro\/index.php?rest_route=\/wp\/v2\/posts\/2589\/revisions"}],"predecessor-version":[{"id":2590,"href":"https:\/\/www.habitaturban.ro\/index.php?rest_route=\/wp\/v2\/posts\/2589\/revisions\/2590"}],"wp:attachment":[{"href":"https:\/\/www.habitaturban.ro\/index.php?rest_route=%2Fwp%2Fv2%2Fmedia&parent=2589"}],"wp:term":[{"taxonomy":"category","embeddable":true,"href":"https:\/\/www.habitaturban.ro\/index.php?rest_route=%2Fwp%2Fv2%2Fcategories&post=2589"},{"taxonomy":"post_tag","embeddable":true,"href":"https:\/\/www.habitaturban.ro\/index.php?rest_route=%2Fwp%2Fv2%2Ftags&post=2589"}],"curies":[{"name":"wp","href":"https:\/\/api.w.org\/{rel}","templated":true}]}}