{"id":2616,"date":"2017-12-05T13:56:55","date_gmt":"2017-12-05T11:56:55","guid":{"rendered":"http:\/\/www.habitaturban.ro\/?p=2616"},"modified":"2017-12-05T13:58:25","modified_gmt":"2017-12-05T11:58:25","slug":"invitatie-dezbaterea-%e2%80%93-proiect-de-lege-privind-infiintarea-organizarea-si-functionarea-asociatiilor-de-proprietari-si-administrarea-condominiilor","status":"publish","type":"post","link":"https:\/\/www.habitaturban.ro\/?p=2616","title":{"rendered":"INVITATIE DEZBATEREA \u2013 Proiect de Lege privind \u00eenfiin\u0163area, organizarea \u015fi func\u0163ionarea asocia\u0163iilor de proprietari \u015fi administrarea condominiilor"},"content":{"rendered":"<p>Miercuri, <u>06.12.2017<\/u>, ora 11.00, la Sala de  Conferinte de la <strong>RADET Ilioara<\/strong> (etaj 3, str. Strada Ilioara nr. 16 \u2013 fosta Scoala  de soferi, Sectorului 3 Bucuresti, Centrul de Formare Profesionala RADET), are loc Dezbaterea avand ca  tema:<strong> Proiect de Lege  privind \u00eenfiin\u0163area, organizarea \u015fi func\u0163ionarea asocia\u0163iilor de proprietari \u015fi  administrarea condominiilor<\/strong> (nr. LA CAMERA  DEPUTATILOR PL-x nr. 472\/2017, LA SENAT L193 2017 FOST B293 2017) <\/p>\n<p><strong><u>Invitati:<\/u><\/strong><\/p>\n<ul>\n<li><em>Reprezentanti ai asociatiilor  de proprietari din Bucuresti; <\/em><em>Parlamentari, PMB,  Reprezentanti ai Primariilor de Sector;  specialisti <\/em><\/li>\n<li><em>RADET BUCURESTI <\/em><\/li>\n<\/ul>\n<p><strong><u>Va rugam sa delegati un reprezentant  la aceasta intalnire!<\/u><\/strong><br \/>\n  Sprijinul dumneavoastra, participarea specialistilor delegati sunt  factori ce contribuie la ceea ce noi consider\u0103m c\u0103 sunt programe de succes.<\/p>\n<p style=\"border:1px solid grey;padding:3px;\"><strong>NUM\u0102R  LIMITAT DE LOCURI &#8211; 50! V\u0102 RUG\u0102M S\u0102 CONFIRMA\u0162I PARTICIPAREA LA 0726.949.000, 0743.627.705, 021.341.30.62, <\/strong><a href=\"mailto:dana.hutan@habitaturban.ro\">dana.hutan@habitaturban.ro<\/a><strong>;<\/strong><\/p>\n<p><em>Va dorim <strong>succes<\/strong> in activitatea pe care o desfasurati, va multumim  pentru colaborare si sprijin si va asiguram de intreaga noastra consideratie.<\/em><\/p>\n<p align=\"center\"><span style=\"font-size:20px\"><strong>Mihai Mereuta<\/strong><\/span><br \/>\n<strong>Presedinte<\/strong><\/p>\n<table border=\"0\" cellspacing=\"0\" cellpadding=\"0\" width=\"100%\">\n<tbody>\n<tr>\n<td width=\"50%\" align=\"center\" valign=\"top\" style=\"border:none\">\n<p align=\"center\"><strong><em>LIGA ASOCIA\u0162IILOR DE PROPRIETARI<\/em><\/strong><\/p>\n<p><strong><em>HABITAT<\/em><\/strong><\/p>\n<\/td>\n<td width=\"50%\" align=\"center\" valign=\"top\" style=\"border:none\">\n<p align=\"center\"><strong><em>ASOCIA\u0162IA ROM\u00c2N\u0102 PENTRU LOCUIN\u0162E<\/em><\/strong><\/p>\n<p><strong><em>CASA PLUS<\/em><\/strong><\/p>\n<\/td>\n<\/tr>\n<\/tbody>\n<\/table>\n<p>&nbsp;<\/p>\n<table border=\"1\" cellspacing=\"0\" cellpadding=\"3\" width=\"100%\">\n<tr>\n<td colspan=\"2\" valign=\"top\">\n<p align=\"center\"><strong>MIERCURI, 06    DECEMBRIE 2017, SALA DE CONFERINTE ILIOARA RADET <\/strong><\/p>\n<\/td>\n<\/tr>\n<tr>\n<td width=\"121\" valign=\"top\">\n<p><em>10:30 \u2013 11.00<\/em><\/p>\n<\/td>\n<td width=\"0\" valign=\"top\">\n<p><em>PRIMIREA SI \u00ceNREGISTRAREA PARTICIPANTILOR <\/em><\/p>\n<\/td>\n<\/tr>\n<tr>\n<td width=\"121\" valign=\"top\">\n<p><em>&nbsp;<\/em><em>11:00 \u2013 11:15<\/em><\/p>\n<\/td>\n<td width=\"0\" valign=\"top\">\n<p><em>CUV\u00c2NT INTRODUCTIV, PREZENTAREA INVITA\u0162ILOR, LANSAREA CONFERINTEI <\/em><\/p>\n<ul type=\"disc\">\n<li><em>MIHAI MEREUTA \u2013 PRESEDINTE         LIGA ASOCIATIILOR DE PROPRIETARI HABITAT ASOCIATIA ROMANA PENTRU         LOCUINTE CASA PLUS; <\/em><\/li>\n<\/ul>\n<\/td>\n<\/tr>\n<tr>\n<td width=\"121\" valign=\"top\">\n<p><em>&nbsp;<\/em><em>11:15 \u2013 12:15<\/em><\/p>\n<\/td>\n<td width=\"0\" valign=\"top\">\n<p><em>PREZENTARI <\/em><\/p>\n<ul type=\"disc\">\n<li><em>PARLAMENTARI <\/em><\/li>\n<li><em>REPREZENTANTI APL <\/em><\/li>\n<li><em>RADET         BUCURESTI<\/em><\/li>\n<\/ul>\n<\/td>\n<\/tr>\n<tr>\n<td width=\"121\" height=\"59\" valign=\"top\">\n<p><em>12:15 \u2013 13:00&nbsp;<strong><\/strong><\/em><\/p>\n<\/td>\n<td width=\"0\" valign=\"top\">\n<ul type=\"disc\">\n<li><em>INTERVENTII         ALE MEMBRILOR SI REPREZENTANTILOR ASOCIATIILOR DE PROPRIETARI; <\/em><\/li>\n<li><em>INTREBARI         \/ RASPUNSURI \/ CONCLUZII <\/em><\/li>\n<\/ul>\n<\/td>\n<\/tr>\n<\/table>\n<p>&nbsp;<\/p>\n","protected":false},"excerpt":{"rendered":"<p>Miercuri, 06.12.2017, ora 11.00, la Sala de Conferinte de la RADET Ilioara (etaj 3, str. Strada Ilioara nr. 16 \u2013 fosta Scoala de soferi, Sectorului 3 Bucuresti, Centrul de Formare Profesionala RADET), are loc Dezbaterea avand ca tema: Proiect de Lege privind \u00eenfiin\u0163area, organizarea \u015fi func\u0163ionarea asocia\u0163iilor de proprietari \u015fi administrarea condominiilor (nr. LA CAMERA [&hellip;]<\/p>\n","protected":false},"author":3,"featured_media":0,"comment_status":"open","ping_status":"open","sticky":false,"template":"","format":"standard","meta":{"footnotes":""},"categories":[1],"tags":[],"class_list":["post-2616","post","type-post","status-publish","format-standard","hentry","category-noutati"],"_links":{"self":[{"href":"https:\/\/www.habitaturban.ro\/index.php?rest_route=\/wp\/v2\/posts\/2616","targetHints":{"allow":["GET"]}}],"collection":[{"href":"https:\/\/www.habitaturban.ro\/index.php?rest_route=\/wp\/v2\/posts"}],"about":[{"href":"https:\/\/www.habitaturban.ro\/index.php?rest_route=\/wp\/v2\/types\/post"}],"author":[{"embeddable":true,"href":"https:\/\/www.habitaturban.ro\/index.php?rest_route=\/wp\/v2\/users\/3"}],"replies":[{"embeddable":true,"href":"https:\/\/www.habitaturban.ro\/index.php?rest_route=%2Fwp%2Fv2%2Fcomments&post=2616"}],"version-history":[{"count":3,"href":"https:\/\/www.habitaturban.ro\/index.php?rest_route=\/wp\/v2\/posts\/2616\/revisions"}],"predecessor-version":[{"id":2620,"href":"https:\/\/www.habitaturban.ro\/index.php?rest_route=\/wp\/v2\/posts\/2616\/revisions\/2620"}],"wp:attachment":[{"href":"https:\/\/www.habitaturban.ro\/index.php?rest_route=%2Fwp%2Fv2%2Fmedia&parent=2616"}],"wp:term":[{"taxonomy":"category","embeddable":true,"href":"https:\/\/www.habitaturban.ro\/index.php?rest_route=%2Fwp%2Fv2%2Fcategories&post=2616"},{"taxonomy":"post_tag","embeddable":true,"href":"https:\/\/www.habitaturban.ro\/index.php?rest_route=%2Fwp%2Fv2%2Ftags&post=2616"}],"curies":[{"name":"wp","href":"https:\/\/api.w.org\/{rel}","templated":true}]}}