{"id":2651,"date":"2018-02-26T10:57:51","date_gmt":"2018-02-26T08:57:51","guid":{"rendered":"http:\/\/www.habitaturban.ro\/?p=2651"},"modified":"2018-02-26T10:58:30","modified_gmt":"2018-02-26T08:58:30","slug":"conferinta-asociatiilor-de-proprietari-targu-mure%c8%99-28-februarie-2018","status":"publish","type":"post","link":"https:\/\/www.habitaturban.ro\/?p=2651","title":{"rendered":"Conferin\u0163a  Asocia\u0163iilor de Proprietari T\u00e2rgu Mure\u0219  28 februarie 2018"},"content":{"rendered":"<p>Miercuri, <strong>28 februarie<\/strong>, la <strong>T\u00e2rgu  Mure\u0219<\/strong>, <strong>Liga  Asociatiilor de Proprietari <\/strong><strong>T\u00e2rgu Mure\u0219<\/strong>, in colaborare cu <strong>Liga Nationala a Asociatiilor de Proprietari Habitat, <\/strong>cu sprijinul deosebit al <strong>Primariei <\/strong><strong>T\u00e2rgu  Mure\u0219<\/strong><strong>,\u00a0 <\/strong>organizeaza<strong> Conferinta Asociatiilor de  Proprietari <\/strong>din T\u00e2rgu Mure\u0219<strong>. <\/strong>Evenimentul se va desfasura la <strong>Sala <\/strong>de<strong> Consiliu <\/strong>a <strong>Primariei <\/strong><strong>T\u00e2rgu Mure\u0219, <\/strong>intre orele<strong> 13.00-15.00.<\/strong><strong> <\/strong><br \/>\n  <strong><em>Dezbaterile vor viza<\/em><\/strong><\/p>\n<ul>\n<li><em>Organizarea si  functionarea asociatiilor de proprietari din judetul Arad<\/em><\/li>\n<li><em>Alte teme propuse<\/em><\/li>\n<ul>\n<li><em>1.<strong>S<\/strong><\/em><strong><em>chimbarea furnizorului de energie electric\u0103<\/em><\/strong><em> si a celui de gaze naturale de c\u0103tre clientul final!<\/em><\/li>\n<li><em>2.<strong>Asigurarea  obligatorie a locuintelor<\/strong><\/em><\/li>\n<li><strong><em>3.<\/em><\/strong><strong><em>Solu\u021bionarea alternativa<\/em><\/strong><em> a litigiilor\/disputelor din domeniul serviciilor financiare \u2013 b\u0103nci,  institu\u021bii financiare non-bancare \u2013 \u00een afara cadrului instan\u021belor de judecat\u0103.<\/em><\/li>\n<li><strong><em>4.<\/em><\/strong><strong><em>Evaluarea si Monitorizarea<\/em><\/strong><strong><em> Serviciile Comunitare de Utilit\u0103\u021bi Publice in Arad<\/em><\/strong><em>-APA \/ CANAL, SALUBRIZARE<\/em><strong><\/strong><\/li>\n<li><strong><em>5<\/em><\/strong><strong>.<\/strong><strong><em>Noutati fiscalitate,  contabilitate, legislatie &#8211;<\/em><\/strong><em>asociatii de proprietari<\/em><\/li>\n<\/ul>\n<\/ul>\n<p><strong><em>Pentru inscriere  sau pt informatii suplimentare: <\/em><\/strong><br \/>\n  <em>&#8211;<strong>Liga Asociatiilor  de Proprietari Habitat &#8211; MIHAI MEREU<\/strong><\/em><strong><em>\u0162\u0102<\/em><\/strong><strong><em> &#8211; 0744.751.416; <\/em><\/strong><em><a href=\"mailto:mihai.mereuta@habitaturban.ro\">mihai.mereuta@habitaturban.ro<\/a><\/em><strong><em>; presedinte\u00a0 Liga Asociatiilor de  Proprietari Habitat, Asociatia Romana pentru Locuinte Casa Plus<\/em><\/strong><br \/>\n  <strong><em>-Liga Asociatiilor de Proprietari <\/em><\/strong><strong><em>T\u00e2rgu  Mure\u0219 &#8211; <\/em><\/strong><strong><\/strong><br \/>\n  <em>Dumitru Rus \u2013 Presedinte Liga Asociatiilor de Proprietari <\/em><em>T\u00e2rgu-Mure\u015f<\/em><em>\u2013 0728.852.437; <\/em><em><a href=\"mailto:alexapeterkalman@gmail.com\">ligaapmures@hotmail.com,\u00a0\u00a0\u00a0 <\/a><\/em><em><u> <\/u><\/em><br \/>\n  <em>Va dorim <strong>succes<\/strong> in activitatea pe care o desfasurati, va multumim  pentru colaborare si sprijin si va asiguram de intreaga noastra consideratie.<\/em><\/p>\n<table border=\"0\" cellspacing=\"0\" cellpadding=\"0\" width=\"100%\">\n<tbody>\n<tr>\n<td width=\"50%\" align=\"center\" valign=\"top\" style=\"border:none\">\n<p align=\"center\" style=\"font-size:16px\"><strong>Mihai Mereuta<\/strong><\/p>\n<p align=\"center\"><strong>Presedinte<\/strong><strong><\/strong><strong><\/strong><br \/>\n  <strong><em>LIGA ASOCIA\u0162IILOR DE PROPRIETARI <\/em><\/strong><\/p>\n<p><strong><em>HABITAT<\/em><\/strong><\/p>\n<\/td>\n<td width=\"50%\" align=\"center\" valign=\"top\" style=\"border:none\">\n<p align=\"center\" style=\"font-size:16px\"><strong>Dumitru Rus<\/strong><\/p>\n<p align=\"center\"><strong>Presedinte<\/strong><strong><\/strong><strong><\/strong><br \/>\n  <strong><em>LIGA ASOCIATIILOR DE  PROPRIETARI<\/em><\/strong><\/p>\n<p><strong><em>T\u00ceRGU MURE\u015e<\/em><\/strong><\/p>\n<\/td>\n<\/tr>\n<\/tbody>\n<\/table>\n<p>&nbsp;<\/p>\n<p align=\"center\"><strong>AGENDA  EVENIMENTULUI <\/strong><\/p>\n<table border=\"1\" cellspacing=\"0\" cellpadding=\"3\" width=\"100%\">\n<tr>\n<td colspan=\"2\" valign=\"top\">\n      <strong><em>MIERCURI, 28 FEBRUARIE, SALA DE CONSILIU &#8211;    PRIMARIA <\/em><\/strong><strong><em>T\u00c2RGU-MURE\u015e<\/em><\/strong><strong><\/strong><\/td>\n<\/tr>\n<tr>\n<td width=\"195\" valign=\"top\">\n<p><strong><em>12:30 \u2013 13:00<\/em><\/strong><\/p>\n<\/td>\n<td valign=\"top\">\n<p><strong><em>Primirea    si \u00eenregistrarea participantilor<\/em><\/strong><\/p>\n<\/td>\n<\/tr>\n<tr>\n<td width=\"195\" valign=\"top\">\n<p><strong><em>13:00 \u2013 13:15<\/em><\/strong><\/p>\n<\/td>\n<td valign=\"top\">\n<p><strong><em>Cuv\u00e2nt    introductiv, prezentarea invita\u0163ilor, lansarea Conferintei<\/em><\/strong><\/p>\n<ul>\n<li><strong><em>Dumitru Rus \u2013 Presedinte Liga    Asociatiilor de Proprietari <\/em><\/strong><strong><em>T\u00e2rgu-Mure\u015f<\/em><\/strong><\/li>\n<li><em><strong>dr. Dorin Florea &#8211; primarul municipiului T\u00e2rgu-Mure\u015f \u2013 mesaj de bun venit!<\/strong><\/em><\/li>\n<li><strong><em>Mihai Mereuta    \u2013 Presedinte Liga Asociatiilor de Proprietari Habitat <\/em><\/strong><\/li>\n<\/ul>\n<\/td>\n<\/tr>\n<tr>\n<td width=\"195\" valign=\"top\">\n<p><strong><em>13:15 \u2013 14:30<\/em><\/strong><\/p>\n<\/td>\n<td valign=\"top\">\n<p><strong><em>Prezentari <\/em><\/strong><\/p>\n<ul>\n<li><strong><em>Probleme interne ale asociatiilor de proprietari din <\/em><\/strong><strong><em>T\u00e2rgu-Mure\u015f<strong> &#8211;<\/strong><\/em><\/strong><strong><em> Dumitru Rus \u2013 Presedinte Liga Asociatiilor de    Proprietari <\/em><\/strong><strong><em>T\u00e2rgu-Mure\u015f<\/em><\/strong><\/li>\n<li><strong><em>Noutati &#8211; <\/em><\/strong><strong><em>serviciile comunitare de utilit\u0103\u0163i publice<\/em><\/strong><strong><em>\u2013ANRSC<\/em><\/strong><strong><\/strong><\/li>\n<li><strong><em>Asigurarea    obligatorie a locuintelor \u2013 reprezentant PAID<\/em><\/strong><\/li>\n<li><strong><em>S<\/em><\/strong><strong><em>chimbarea    furnizorului de energie electric\u0103 si a celui de gaze naturale de c\u0103tre    clientul final! \u2013 reprezentant ENEL<\/em><\/strong><strong><\/strong><\/li>\n<li><strong><em>Solu\u021bionarea alternativa a    litigiilor\/disputelor din domeniul serviciilor financiare \u2013 b\u0103nci, institu\u021bii    financiare non-bancare \u2013 \u00een afara cadrului instan\u021belor de judecat\u0103. \u2013    reprezentant CSALB<\/em><\/strong><\/li>\n<li><strong><em>Evaluarea si Monitorizarea Serviciile    Comunitare de Utilit\u0103\u021bi Publice in <\/em><\/strong><strong><em>T\u00e2rgu-Mure\u015f<\/em><\/strong><strong><em>&#8211; <\/em><\/strong><strong><em>APA \/ CANAL, SALUBRIZARE<\/em><\/strong><strong><\/strong><\/li>\n<li><strong><em>Situatia Proiectului de Lege cu privire la organizarea    si functionarea asociatiilor de proprietari \u2013 <\/em><\/strong><strong><em>Mihai Mereuta \u2013 Presedinte Liga    Asociatiilor de Proprietari Habitat<\/em><\/strong><strong><\/strong><\/li>\n<li><strong><em>Noutati fiscalitate, contabilitate,    legislatie -asociatii de proprietari &#8211; \u2013 <\/em><\/strong><strong><em>Mihai Mereuta \u2013 Presedinte Liga Asociatiilor de    Proprietari Habitat<\/em><\/strong><\/li>\n<li><strong><em>Alte teme<\/em><\/strong><strong><\/strong><\/li>\n<\/ul>\n<\/td>\n<\/tr>\n<tr>\n<td width=\"195\" valign=\"top\">\n<p><strong><em>14:30 \u2013    15:00&nbsp; <\/em><\/strong><\/p>\n<\/td>\n<td valign=\"top\">\n<p><strong><em>Interventii ale membrilor si    reprezentantilor asociatiilor de proprietari \u2013 <\/em><\/strong><strong><em>T\u00e2rgu-Mure\u015f<\/em><\/strong><strong><\/strong><\/p>\n<\/td>\n<\/tr>\n<\/table>\n<p>&nbsp;<\/p>\n","protected":false},"excerpt":{"rendered":"<p>Miercuri, 28 februarie, la T\u00e2rgu Mure\u0219, Liga Asociatiilor de Proprietari T\u00e2rgu Mure\u0219, in colaborare cu Liga Nationala a Asociatiilor de Proprietari Habitat, cu sprijinul deosebit al Primariei T\u00e2rgu Mure\u0219,\u00a0 organizeaza Conferinta Asociatiilor de Proprietari din T\u00e2rgu Mure\u0219. Evenimentul se va desfasura la Sala de Consiliu a Primariei T\u00e2rgu Mure\u0219, intre orele 13.00-15.00. Dezbaterile vor viza [&hellip;]<\/p>\n","protected":false},"author":3,"featured_media":0,"comment_status":"open","ping_status":"open","sticky":false,"template":"","format":"standard","meta":{"footnotes":""},"categories":[1],"tags":[],"class_list":["post-2651","post","type-post","status-publish","format-standard","hentry","category-noutati"],"_links":{"self":[{"href":"https:\/\/www.habitaturban.ro\/index.php?rest_route=\/wp\/v2\/posts\/2651","targetHints":{"allow":["GET"]}}],"collection":[{"href":"https:\/\/www.habitaturban.ro\/index.php?rest_route=\/wp\/v2\/posts"}],"about":[{"href":"https:\/\/www.habitaturban.ro\/index.php?rest_route=\/wp\/v2\/types\/post"}],"author":[{"embeddable":true,"href":"https:\/\/www.habitaturban.ro\/index.php?rest_route=\/wp\/v2\/users\/3"}],"replies":[{"embeddable":true,"href":"https:\/\/www.habitaturban.ro\/index.php?rest_route=%2Fwp%2Fv2%2Fcomments&post=2651"}],"version-history":[{"count":2,"href":"https:\/\/www.habitaturban.ro\/index.php?rest_route=\/wp\/v2\/posts\/2651\/revisions"}],"predecessor-version":[{"id":2653,"href":"https:\/\/www.habitaturban.ro\/index.php?rest_route=\/wp\/v2\/posts\/2651\/revisions\/2653"}],"wp:attachment":[{"href":"https:\/\/www.habitaturban.ro\/index.php?rest_route=%2Fwp%2Fv2%2Fmedia&parent=2651"}],"wp:term":[{"taxonomy":"category","embeddable":true,"href":"https:\/\/www.habitaturban.ro\/index.php?rest_route=%2Fwp%2Fv2%2Fcategories&post=2651"},{"taxonomy":"post_tag","embeddable":true,"href":"https:\/\/www.habitaturban.ro\/index.php?rest_route=%2Fwp%2Fv2%2Ftags&post=2651"}],"curies":[{"name":"wp","href":"https:\/\/api.w.org\/{rel}","templated":true}]}}