{"id":2654,"date":"2018-03-19T00:14:54","date_gmt":"2018-03-18T22:14:54","guid":{"rendered":"http:\/\/www.habitaturban.ro\/?p=2654"},"modified":"2018-03-19T00:22:40","modified_gmt":"2018-03-18T22:22:40","slug":"dezbatere-asociatii-de-proprietari-sfantu-gheorghe-21-martie-2018","status":"publish","type":"post","link":"https:\/\/www.habitaturban.ro\/?p=2654","title":{"rendered":"Dezbatere Asocia\u0163ii de Proprietari &#8211; Sf\u00e2ntu Gheorghe &#8211; 21 martie 2018"},"content":{"rendered":"<p>Miercuri, <strong>21 martie<\/strong>, la <strong>Sf\u00e2ntu Gheorghe<\/strong>, <strong>Liga Nationala a Asociatiilor de  Proprietari Habitat, <\/strong>cu sprijinul  deosebit al <strong>Primariei <\/strong><strong>Sf\u00e2ntu Gheorghe<\/strong><strong>,\u00a0 <\/strong>organizeaza o <strong>\u00a0dezbatere <\/strong>adresata<strong> asociatiilor de proprietari <\/strong>din <strong>Sf\u00e2ntu  Gheorghe<\/strong><strong>. <\/strong>Evenimentul se va  desfasura la <strong>Sala <\/strong>de<strong> <\/strong>la<strong> Casa Mives<\/strong><strong>, <\/strong>intre orele<strong> 11.00-14.00.<\/strong><strong><\/strong><br \/>\n  <strong><em>Dezbaterile vor viza<\/em><\/strong><\/p>\n<ul>\n<ul>\n<li><strong><em>S<\/em><\/strong><strong><em>chimbarea furnizorului de energie electric\u0103<\/em><\/strong><em> si a celui de gaze  naturale de c\u0103tre clientul final!<\/em><\/li>\n<li><strong><em>Asigurarea obligatorie  a locuintelor<\/em><\/strong><\/li>\n<li><strong><em>Solu\u021bionarea alternativa<\/em><\/strong><em> a litigiilor\/disputelor din domeniul  serviciilor financiare \u2013 b\u0103nci, institu\u021bii financiare non-bancare \u2013 \u00een afara  cadrului instan\u021belor de judecat\u0103.<\/em><\/li>\n<li><strong><em>Evaluarea si  Monitorizarea<\/em><\/strong><strong><em> Serviciile Comunitare de Utilit\u0103\u021bi Publice  in Sf\u00e2ntu Gheorghe<\/em><\/strong><em>&#8211; <\/em><em>APA \/ CANAL,  SALUBRIZARE<\/em><strong><\/strong><\/li>\n<li><strong><em>Noutati fiscalitate, contabilitate,  legislatie &#8211;<\/em><\/strong><em>asociatii de proprietari<\/em><\/li>\n<\/ul>\n<\/ul>\n<p><strong><em>Pentru  inscriere sau pt informatii suplimentare: <\/em><\/strong><br \/>\n  <em>&#8211;<strong> MIHAI MEREU<\/strong><\/em><strong><em>\u0162\u0102<\/em><\/strong><strong><em> &#8211; 0744.751.416; <\/em><\/strong><em><a href=\"mailto:mihai.mereuta@habitaturban.ro\">mihai.mereuta@habitaturban.ro<\/a><\/em><strong><em>; presedinte\u00a0 Liga Asociatiilor de  Proprietari Habitat, Asociatia Romana pentru Locuinte Casa Plus<\/em><\/strong><\/p>\n<p><em>&nbsp;<\/em><em>Va dorim <strong>succes<\/strong> in activitatea pe care o  desfasurati, va multumim pentru colaborare si sprijin si va asiguram de intreaga  noastra consideratie.<\/em><\/p>\n<p align=\"center\"><span style=\"font-size:20px\"><strong>Mihai Mereuta<\/strong><\/span><br \/>\n<strong>Presedinte<\/strong><\/p>\n<table border=\"0\" cellspacing=\"0\" cellpadding=\"0\" width=\"100%\">\n<tbody>\n<tr>\n<td width=\"50%\" align=\"center\" valign=\"top\" style=\"border:none\">\n<p align=\"center\"><strong><em>LIGA ASOCIA\u0162IILOR DE PROPRIETARI<\/em><\/strong><\/p>\n<p><strong><em>HABITAT<\/em><\/strong><\/p>\n<\/td>\n<td width=\"50%\" align=\"center\" valign=\"top\" style=\"border:none\">\n<p align=\"center\"><strong><em>ASOCIA\u0162IA ROM\u00c2N\u0102 PENTRU LOCUIN\u0162E<\/em><\/strong><\/p>\n<p><strong><em>CASA PLUS<\/em><\/strong><\/p>\n<\/td>\n<\/tr>\n<\/tbody>\n<\/table>\n<p>&nbsp;<\/p>\n<p align=\"center\"><strong>AGENDA  EVENIMENTULUI <\/strong><\/p>\n<table border=\"1\" cellspacing=\"0\" cellpadding=\"3\" width=\"100%\">\n<tr>\n<td colspan=\"2\" align=\"center\" valign=\"top\"><em>MIERCURI, 21 MARTIE, SALA CASA MIVES<\/em><\/td>\n<\/tr>\n<tr>\n<td width=\"100\" valign=\"top\">\n<p><em>10:30 \u2013 11:00<\/em><\/p>\n<\/td>\n<td valign=\"top\">\n<p><em>Primirea si \u00eenregistrarea participantilor<\/em><\/p>\n<\/td>\n<\/tr>\n<tr>\n<td width=\"100\" valign=\"top\">\n<p><em>11:00 \u2013 11:15<\/em><\/p>\n<\/td>\n<td valign=\"top\">\n<p><em>Cuv\u00e2nt introductiv, prezentarea invita\u0163ilor, lansarea Conferintei<\/em><\/p>\n<ul type=\"disc\">\n<li><em>Mihai Mereuta \u2013 Presedinte         Liga Asociatiilor de Proprietari Habitat <\/em><\/li>\n<\/ul>\n<\/td>\n<\/tr>\n<tr>\n<td width=\"100\" valign=\"top\">\n<p><em>11:15 \u2013 13:30<\/em><\/p>\n<\/td>\n<td valign=\"top\">\n<p><em>Prezentari <\/em><\/p>\n<ul type=\"disc\">\n<li><em>Probleme         interne ale asociatiilor de proprietari din Sf\u00e2ntu Gheorghe<\/em><\/li>\n<li><em>Noutati &#8211; serviciile    comunitare de utilit\u0103\u0163i publice\u2013ANRSC<\/em><\/li>\n<li><em>Asigurarea obligatorie a locuintelor \u2013 reprezentant PAID<\/em><\/li>\n<li><em>Schimbarea         furnizorului de energie electric\u0103 si a celui de gaze naturale de c\u0103tre         clientul final! \u2013 reprezentant ENEL<\/em><\/li>\n<li><em>Solu\u021bionarea         alternativa a litigiilor\/disputelor din domeniul serviciilor financiare         \u2013 b\u0103nci, institu\u021bii financiare non-bancare \u2013 \u00een afara cadrului         instan\u021belor de judecat\u0103. \u2013 reprezentant CSALB<\/em><\/li>\n<li><em>Evaluarea si Monitorizarea Serviciile         Comunitare de Utilit\u0103\u021bi Publice in Sf\u00e2ntu Gheorghe- apa \/ canal,         salubrizare<\/em><\/li>\n<li><em>Situatia    Proiectului de Lege cu privire la organizarea si functionarea asociatiilor de    proprietari \u2013 Mihai Mereuta \u2013 Presedinte Liga    Asociatiilor de Proprietari Habitat<\/em><\/li>\n<li><em>Noutati         fiscalitate, contabilitate, legislatie -asociatii de proprietari \u2013 Mihai         Mereuta \u2013 Presedinte Liga Asociatiilor de Proprietari Habitat<\/em><\/li>\n<\/ul>\n<\/td>\n<\/tr>\n<tr>\n<td width=\"100\" valign=\"top\">\n<p><em>13:30 \u2013 14:00&nbsp; <\/em><\/p>\n<\/td>\n<td valign=\"top\">\n<p><em>Interventii ale membrilor si reprezentantilor asociatiilor de proprietari    \u2013 Sf\u00e2ntu    Gheorghe<\/em><\/p>\n<\/td>\n<\/tr>\n<\/table>\n","protected":false},"excerpt":{"rendered":"<p>Miercuri, 21 martie, la Sf\u00e2ntu Gheorghe, Liga Nationala a Asociatiilor de Proprietari Habitat, cu sprijinul deosebit al Primariei Sf\u00e2ntu Gheorghe,\u00a0 organizeaza o \u00a0dezbatere adresata asociatiilor de proprietari din Sf\u00e2ntu Gheorghe. Evenimentul se va desfasura la Sala de la Casa Mives, intre orele 11.00-14.00. Dezbaterile vor viza Schimbarea furnizorului de energie electric\u0103 si a celui de [&hellip;]<\/p>\n","protected":false},"author":3,"featured_media":0,"comment_status":"open","ping_status":"open","sticky":false,"template":"","format":"standard","meta":{"footnotes":""},"categories":[1],"tags":[],"class_list":["post-2654","post","type-post","status-publish","format-standard","hentry","category-noutati"],"_links":{"self":[{"href":"https:\/\/www.habitaturban.ro\/index.php?rest_route=\/wp\/v2\/posts\/2654","targetHints":{"allow":["GET"]}}],"collection":[{"href":"https:\/\/www.habitaturban.ro\/index.php?rest_route=\/wp\/v2\/posts"}],"about":[{"href":"https:\/\/www.habitaturban.ro\/index.php?rest_route=\/wp\/v2\/types\/post"}],"author":[{"embeddable":true,"href":"https:\/\/www.habitaturban.ro\/index.php?rest_route=\/wp\/v2\/users\/3"}],"replies":[{"embeddable":true,"href":"https:\/\/www.habitaturban.ro\/index.php?rest_route=%2Fwp%2Fv2%2Fcomments&post=2654"}],"version-history":[{"count":2,"href":"https:\/\/www.habitaturban.ro\/index.php?rest_route=\/wp\/v2\/posts\/2654\/revisions"}],"predecessor-version":[{"id":2656,"href":"https:\/\/www.habitaturban.ro\/index.php?rest_route=\/wp\/v2\/posts\/2654\/revisions\/2656"}],"wp:attachment":[{"href":"https:\/\/www.habitaturban.ro\/index.php?rest_route=%2Fwp%2Fv2%2Fmedia&parent=2654"}],"wp:term":[{"taxonomy":"category","embeddable":true,"href":"https:\/\/www.habitaturban.ro\/index.php?rest_route=%2Fwp%2Fv2%2Fcategories&post=2654"},{"taxonomy":"post_tag","embeddable":true,"href":"https:\/\/www.habitaturban.ro\/index.php?rest_route=%2Fwp%2Fv2%2Ftags&post=2654"}],"curies":[{"name":"wp","href":"https:\/\/api.w.org\/{rel}","templated":true}]}}