{"id":2704,"date":"2018-09-22T12:30:07","date_gmt":"2018-09-22T10:30:07","guid":{"rendered":"http:\/\/www.habitaturban.ro\/?p=2704"},"modified":"2018-09-27T12:30:12","modified_gmt":"2018-09-27T10:30:12","slug":"dezbaterea-prezentarea-legii-nr-1962018-privind-infiintarea-organizarea-si-functionarea-asociatiilor-de-proprietari-si-administrarea-condominiilor","status":"publish","type":"post","link":"https:\/\/www.habitaturban.ro\/?p=2704","title":{"rendered":"DEZBATEREA: Prezentarea Legii nr. 196\/2018 privind \u00eenfiin\u0163area, organizarea \u015fi func\u0163ionarea asocia\u0163iilor de proprietari \u015fi administrarea condominiilor."},"content":{"rendered":"<p><em>In cadrul dezbaterilor complet gratuite adresate membrilor si  reprezentantilor asociatiilor de proprietari, marti, <strong><u>25.09.2018<\/u><\/strong>,  ora <strong>11.00<\/strong>, la <\/em><em>Sala  Marii Uniri de la <strong>Palatul Culturii<\/strong> \/  Biblioteca Nicolae Iorga -Ploiesti<\/em><em>, are loc o <strong>dezbaterea<\/strong> ce are ca  tema &#8211; Prezentarea <\/em><strong><em>Legii nr. 196\/2018 privind \u00eenfiin\u0163area, organizarea  \u015fi func\u0163ionarea asocia\u0163iilor de proprietari \u015fi administrarea condominiilor.<\/em><\/strong><\/p>\n<ul>\n<li>Alte teme propuse <\/li>\n<ul>\n<li><em>Scurta prezentare a  noutatilor legate de Asigurarea Obligatorie a Locuintelor<\/em><\/li>\n<li><em>Scurta prezentare a  noutatilor legate de Deratizare<\/em><\/li>\n<li><em>S<\/em><em>chimbarea furnizorului de energie electric\u0103 si a  celui de gaze naturale de c\u0103tre clientul final!<\/em><\/li>\n<li><em>Solu\u021bionarea alternativa a litigiilor\/disputelor din domeniul serviciilor  financiare \u2013 b\u0103nci, institu\u021bii financiare non-bancare \u2013 \u00een afara cadrului  instan\u021belor de judecat\u0103.<\/em><\/li>\n<\/ul>\n<\/ul>\n<p><strong>Invitati:<\/strong><\/p>\n<ul>\n<li><em>Reprezentanti ai asociatiilor de proprietari din Ploiesti;<\/em><\/li>\n<li><em>Reprezentanti ai operatorilor  in domeniu (<\/em><em>Apa Nova, Veolia Energie Prahova,  SGU, ROSAL)<\/em><em>, ENEL, Primariei Municipiului ploiesti,  Consiliului local Al Municipiului ploiesti, <\/em><\/li>\n<li><em>Specialisti in domeniu; <\/em><\/li>\n<\/ul>\n<table border=\"0\" cellspacing=\"0\" cellpadding=\"3\" width=\"98%\">\n<tbody>\n<tr>\n<td width=\"329\" valign=\"top\" style=\"border:none\">\n<h2 align=\"center\"><strong>Mihai Mereuta<\/strong><\/h2>\n<p align=\"center\">\n      <strong>Presedinte<\/strong><strong><\/strong><\/p>\n<\/td>\n<td width=\"321\" valign=\"top\" style=\"border:none\">\n<h2 align=\"center\"><strong>Viorel Olteanul<\/strong><\/h2>\n<p align=\"center\">\n      <strong>Presedinte<\/strong><\/p>\n<\/td>\n<\/tr>\n<tr>\n<td width=\"50%\" align=\"center\" valign=\"top\" style=\"border:none\">\n<p><strong><em>LIGA  ASOCIA\u0162IILOR DE PROPRIETARI <br \/> HABITAT <\/em><\/strong><br \/>MIHAI MEREUTA \u2013 PRESEDINTE \u2013 0744.751.416<br \/>\nDAN RUJAN \u2013 COORDONATOR BUCURESTI &#8211; 0744.346.420\n<\/p>\n<\/td>\n<td width=\"50%\" align=\"center\" valign=\"top\" style=\"border:none\">\n<p align=\"center\"><strong><em>ALIANTA ASOCIATIILOR DE PROPRIETARI<br \/>PRAHOVA<\/em><\/strong><br \/>VIOREL OLTEANUL \u2013 PRESEDINTE \u2013 0784.073.584<br \/>\nEDUARD VASILE \u2013 VICEPRESEDINTE \u2013 0746.010.654\n<\/p>\n<\/td>\n<\/tr>\n<\/tbody>\n<\/table>\n<p align=\"center\"><strong>AGENDA EVENIMENTULUI<\/strong><\/p>\n<table border=\"1\" cellspacing=\"0\" cellpadding=\"3\" width=\"100%\">\n<tr>\n<td colspan=\"2\" valign=\"top\">\n<p align=\"center\"><strong>MARTI, 25 SEPTEMBRIE    2018, <\/strong><strong>SALA MARII UNIRI &#8211;    PALATUL CULTURII PLOIESTI<\/strong><strong> <\/strong><\/p>\n<\/td>\n<\/tr>\n<tr>\n<td valign=\"top\">\n<p>10:30 \u2013 11:00<\/p>\n<\/td>\n<td valign=\"top\">\n<p>Primirea si \u00eenregistrarea    participantilor<\/p>\n<\/td>\n<\/tr>\n<tr>\n<td valign=\"top\">\n<p>11:00 \u2013 11:15<\/p>\n<\/td>\n<td valign=\"top\">\n<p>Cuv\u00e2nt introductiv, prezentarea    invita\u0163ilor, lansarea Conferintei<br \/>\n      Viorel OLTEANUL \u2013 Presedinte    Alianta Asociatiilor de Proprietari Prahova<br \/>\n      Mihai MEREU\u0162\u0102 \u2013 Presedinte Liga    Asociatiilor de Proprietari Habitat<\/p>\n<\/td>\n<\/tr>\n<tr>\n<td valign=\"top\">\n<p>11:15 \u2013 12:30 <\/p>\n<\/td>\n<td valign=\"top\">\n<p><em>Prezentari \/ Interventii<\/em><\/p>\n<ul>\n<li><em>PRIMARIA MUNICIPIULUI    PLOIESTI, <\/em><\/li>\n<li><em>CONSILIUL LOCAL AL    MUNICIPIULUI PLOIESTI<\/em><\/li>\n<li><em>PAID ROMANIA <\/em><\/li>\n<li><em>CORAL IMPEX <\/em><\/li>\n<li><em>ENEL <\/em><\/li>\n<li><em>CSALB <\/em><\/li>\n<li><strong><em>COMPANII DIN DOMENIU &#8211; <\/em><\/strong>APA NOVA, VEOLIA ENERGIE PRAHOVA, SGU, ROSAL<\/li>\n<\/ul>\n<\/td>\n<\/tr>\n<tr>\n<td valign=\"top\">\n<p>12:30 \u2013 13:00&nbsp; <\/p>\n<\/td>\n<td valign=\"top\">\n<ul>\n<li>Interventii ale membrilor si reprezentantilor    asociatiilor de proprietari; <\/li>\n<li>Intrebari \/ Raspunsuri \/ Concluzii<\/li>\n<\/ul>\n<\/td>\n<\/tr>\n<\/table>\n","protected":false},"excerpt":{"rendered":"<p>In cadrul dezbaterilor complet gratuite adresate membrilor si reprezentantilor asociatiilor de proprietari, marti, 25.09.2018, ora 11.00, la Sala Marii Uniri de la Palatul Culturii \/ Biblioteca Nicolae Iorga -Ploiesti, are loc o dezbaterea ce are ca tema &#8211; Prezentarea Legii nr. 196\/2018 privind \u00eenfiin\u0163area, organizarea \u015fi func\u0163ionarea asocia\u0163iilor de proprietari \u015fi administrarea condominiilor. Alte teme [&hellip;]<\/p>\n","protected":false},"author":3,"featured_media":0,"comment_status":"open","ping_status":"open","sticky":false,"template":"","format":"standard","meta":{"footnotes":""},"categories":[1],"tags":[],"class_list":["post-2704","post","type-post","status-publish","format-standard","hentry","category-noutati"],"_links":{"self":[{"href":"https:\/\/www.habitaturban.ro\/index.php?rest_route=\/wp\/v2\/posts\/2704","targetHints":{"allow":["GET"]}}],"collection":[{"href":"https:\/\/www.habitaturban.ro\/index.php?rest_route=\/wp\/v2\/posts"}],"about":[{"href":"https:\/\/www.habitaturban.ro\/index.php?rest_route=\/wp\/v2\/types\/post"}],"author":[{"embeddable":true,"href":"https:\/\/www.habitaturban.ro\/index.php?rest_route=\/wp\/v2\/users\/3"}],"replies":[{"embeddable":true,"href":"https:\/\/www.habitaturban.ro\/index.php?rest_route=%2Fwp%2Fv2%2Fcomments&post=2704"}],"version-history":[{"count":1,"href":"https:\/\/www.habitaturban.ro\/index.php?rest_route=\/wp\/v2\/posts\/2704\/revisions"}],"predecessor-version":[{"id":2705,"href":"https:\/\/www.habitaturban.ro\/index.php?rest_route=\/wp\/v2\/posts\/2704\/revisions\/2705"}],"wp:attachment":[{"href":"https:\/\/www.habitaturban.ro\/index.php?rest_route=%2Fwp%2Fv2%2Fmedia&parent=2704"}],"wp:term":[{"taxonomy":"category","embeddable":true,"href":"https:\/\/www.habitaturban.ro\/index.php?rest_route=%2Fwp%2Fv2%2Fcategories&post=2704"},{"taxonomy":"post_tag","embeddable":true,"href":"https:\/\/www.habitaturban.ro\/index.php?rest_route=%2Fwp%2Fv2%2Ftags&post=2704"}],"curies":[{"name":"wp","href":"https:\/\/api.w.org\/{rel}","templated":true}]}}