{"id":2709,"date":"2018-09-22T12:31:55","date_gmt":"2018-09-22T10:31:55","guid":{"rendered":"http:\/\/www.habitaturban.ro\/?p=2709"},"modified":"2018-10-03T16:48:52","modified_gmt":"2018-10-03T14:48:52","slug":"conferinta-nationala-a-asociatiilor-de-proprietari-bucure%c8%99ti","status":"publish","type":"post","link":"https:\/\/www.habitaturban.ro\/?p=2709","title":{"rendered":"Conferin\u0163a Na\u0163ional\u0103 a Asocia\u0163iilor de Proprietari Bucure\u0219ti"},"content":{"rendered":"<\/p>\n<p><em>Vineri, <strong>05  octombrie<\/strong>, ora <strong>09.00<\/strong>, la Bucure\u0219ti,  hotel <strong>Ibis Nord<\/strong>, sala Enescu (<\/em><strong><em>Calea Grivitei nr.143, sector 1, Bucuresti<\/em><\/strong><strong><em>, <\/em><\/strong><em>in proximitatea Garii de Nord<\/em><em>), <strong>Liga Na\u021bional\u0103 a Asocia\u021biilor de  Proprietari Habitat, <\/strong>organizeaza<strong> Conferin\u021ba Na\u021bional\u0103 a Asocia\u021biilor de Proprietari.<\/strong><\/em><br \/>\n  <em>Dezbaterile vor viza, in an  centenar, <\/em><strong><em>trecutul, prezentul si perspectivele <\/em><\/strong><em>in urmatoarele domenii<\/em><\/p>\n<ul>\n<li><em>Locuirea \u00een Rom\u00e2nia \u2013. <\/em><em>Dreptul la o locuin\u0163\u0103 decent\u0103 \/ locuire  decent\u0103 accesibil\u0103 ca pre\u0163 &#8211; drept fundamental al fiec\u0103rui cet\u0103\u0163ean ce ar  trebui s\u0103 se reg\u0103seasc\u0103 \u00een Constitu\u021bie<\/em><\/li>\n<li style=\"background-color: antiquewhite\"><a name=\"_Hlk525206038\"><strong><em>Tema principala &#8211; <\/em><\/strong><\/a><em>Imbunatatirea cadrului       legal ce guverneaza organizarea si functionarea asociatiilor de       proprietari. <\/em><em>Legea nr. 196\/2018 privind \u00eenfiin\u0163area, organizarea \u015fi func\u0163ionarea       asocia\u0163iilor de proprietari \u015fi administrarea condominiilor<\/em><em>\u2013 interventii ale       parlamentarilor, reprezentantilor MDRAP.<\/em><\/li>\n<li><strong><em>Serviciile       Comunitare de Utilit\u0103\u021bi Publice &#8211; <\/em><\/strong><\/li>\n<ul type=\"circle\">\n<li><strong><em>Prezentare        generala \u2013 reprezentant <\/em><\/strong><strong><em>ANRSC<\/em><\/strong><\/li>\n<li><em>Alimentare        cu ap\u0103 \u0219i canalizare \u2013 reprezentant <strong>Apa        Nova Bucuresti<\/strong><\/em><\/li>\n<li><em>Salubrizare, <\/em><\/li>\n<ul type=\"square\">\n<li><em>Colectarea Separata a         Deseurilor \/ Economia Circulara<\/em><\/li>\n<li><em>Deratizare,         Dezinfectie, Dezinsectie \u2013 reprezentant <strong>Coral Impex<\/strong><\/em><\/li>\n<\/ul>\n<\/ul>\n<li><strong><em>Asigurarea       locuintelor \u2013 reprezentant <\/em><\/strong><strong><em>PAID Romania<\/em><\/strong><\/li>\n<li><strong><em>Sistemul de       Alimentare Centralizat\u0103 cu Energie Termic\u0103<\/em><\/strong><strong><\/strong><em>\u2013 reprezentant <strong>COGEN, ANRE<\/strong><\/em><\/li>\n<li><em>Programele nationale in       domeniul locuintelor (reabilitare termica, consolidare, strategii) &#8211;       interventii ale reprezentantilor <strong>MDRAP, BPIE<\/strong>.<\/em><\/li>\n<li><em>Eficienta energetica \u2013       prioritate nationala pentru reducerea saraciei energetice &#8211; interventii       ale reprezentantilor\u00a0 <strong>ANRE<\/strong><\/em><\/li>\n<li><em>Venitul minim de incluziune       &#8211; Suplimentul pentru locuire- <\/em><em>interventii ale       reprezentantilor\u00a0 <\/em><strong><em>Ministerului Muncii \u015fi Justi\u021biei Sociale<\/em><\/strong><\/li>\n<li><em>Asociatiile de proprietari       \u2013 asociatii de protectie a consumatorilor &#8211; interventii ale       reprezentantilor <strong>ANPC<\/strong><\/em><\/li>\n<li><em>Rolul asociatiilor de proprietari in designul si  aplicarea strategiilor locale in domeniul serviciilor publice, eficientei  energetice, locuitului \u2013 interventii ale reprezentantilor <strong>asociatiilor de proprietar<\/strong><\/em><\/li>\n<li><strong><em>Alte interventii<\/em><\/strong><\/li>\n<\/ul>\n<p><strong><em><br clear=\"all\"><br \/>\n<\/em><\/strong><\/p>\n<p><strong><em>Pentru inscriere  sau pt informatii suplimentare: <\/em><\/strong><\/p>\n<ul type=\"disc\">\n<li><strong><em>Tatiana       Ecaterina Mustea\u021b\u0103<\/em><\/strong><em> &#8211;       Director Executiv \/ Responsabil formare profesionala -Mobil 0726.373.000;       email <a href=\"mailto:tatiana.musteata@habitaturban.ro\">tatiana.musteata@habitaturban.ro<\/a>; <\/em><\/li>\n<li><strong><em>Daniela Florina Hu\u021ban<\/em><\/strong><em> \u2013       Director \u2013 mobil 0726.949.000, 0743.627.705, fax 021.341.30.62, email       <a href=\"mailto:dana.hutan@habitaturban.ro\">dana.hutan@habitaturban.ro<\/a>; <\/em><\/li>\n<\/ul>\n<h2 align=\"center\"><strong>Mihai Mereuta<\/strong><\/h2>\n<p align=\"center\"><strong>Presedinte<\/strong><\/p>\n<table border=\"0\" cellspacing=\"0\" cellpadding=\"0\" width=\"100%\">\n<tbody>\n<tr>\n<td width=\"50%\" align=\"center\" valign=\"top\" style=\"border:none;\">\n<p align=\"center\"><strong><em>LIGA    ASOCIA\u0162IILOR DE PROPRIETARI <\/em><\/strong><br \/>\n      <strong><em>HABITAT<\/em><\/strong><\/p>\n<\/td>\n<td width=\"50%\" align=\"center\" valign=\"top\" style=\"border:none;\">\n<p align=\"center\"><strong><em>ASOCIA<\/em><\/strong><strong><em>\u0162<\/em><\/strong><strong><em>IA ROM<\/em><\/strong><strong><em>\u00c2<\/em><\/strong><strong><em>N<\/em><\/strong><strong><em>\u0102<\/em><\/strong><strong><em> PENTRU LOCUIN<\/em><\/strong><strong><em>\u0162<\/em><\/strong><strong><em>E<\/em><\/strong><br \/>\n    <strong><em>CASA PLUS <\/em><\/strong><\/p>\n<\/td>\n<\/tr>\n<\/tbody>\n<\/table>\n<table border=\"1\" cellspacing=\"0\" cellpadding=\"3\" width=\"100%\">\n<tr>\n<td colspan=\"2\" valign=\"top\">\n<p align=\"center\"><strong><em>AGENDA<\/em><\/strong><br \/>\n      <strong><em>Vineri, 05 octombrie, Bucure\u0219ti, hotel    Ibis Nord, sala Enescu <\/em><\/strong><strong><\/strong><\/p>\n<\/td>\n<\/tr>\n<tr>\n<td width=\"52\" valign=\"top\">\n<p><em>08:30<\/em><br \/>\n      <em>09:00<\/em><\/p>\n<\/td>\n<td valign=\"top\">\n<p><em>Primirea si \u00eenregistrarea participantilor<\/em><\/p>\n<\/td>\n<\/tr>\n<tr>\n<td width=\"52\" valign=\"top\">\n<p><em>09:00 <\/em><br \/>\n      <em>09:10<\/em><\/p>\n<\/td>\n<td valign=\"top\">\n<p><em>Cuv\u00e2nt introductiv, prezentarea invita\u0163ilor, lansarea Conferintei &#8211; <strong>Mihai Mereuta<\/strong> \u2013 Presedinte Liga    Asociatiilor de Proprietari <strong>Habitat<\/strong><\/em><\/p>\n<\/td>\n<\/tr>\n<tr>\n<td width=\"52\" valign=\"top\">\n<p><em>09:10\u00a0 11:30<\/em><\/p>\n<\/td>\n<td valign=\"top\">\n<p><em>Prezentari    reprezentanti ai autoritatilor<\/em><\/p>\n<ul>\n<li><em>Locuirea \u00een Rom\u00e2nia \u2013. <\/em><em>Dreptul    la o locuin\u0163\u0103 decent\u0103 \/ locuire decent\u0103 accesibil\u0103 ca pre\u0163 &#8211; drept    fundamental al fiec\u0103rui cet\u0103\u0163ean ce ar trebui s\u0103 se reg\u0103seasc\u0103 \u00een Constitu\u021bie    &#8211; Mihai Mereuta \u2013Habitat \u2013 5 min<\/em><\/li>\n<li><em>Programele nationale in    domeniul locuintelor (reabilitare termica, consolidare, strategii) &#8211;    interventii ale reprezentantilor MDRAP<\/em><\/li>\n<\/ul>\n<ul type=\"disc\">\n<ul type=\"circle\">\n<li><strong><em>Ciprian Lucian Rosca<\/em><\/strong><em> \u2013 Secretar de Stat <strong>MDRAP \u2013 <\/strong>10 min.<\/em><\/li>\n<li><em>Reprezentant <strong>BPIE<\/strong><\/em><\/li>\n<\/ul>\n<\/ul>\n<ul>\n<li><strong><em>Serviciile    Comunitare de Utilit\u0103\u021bi Publice &#8211;<\/em><\/strong><strong><em>Prezentare generala \u2013    reprezentant <\/em><\/strong><strong><em>ANRSC <\/em><\/strong><strong><em>&#8211; <\/em><\/strong><em>10 min.<\/em><\/li>\n<li><em>Alimentare cu ap\u0103 \u0219i canalizare \u2013 reprezentant <strong>Apa Nova Bucuresti &#8211; <\/strong><\/em><em>10 min.<\/em><\/li>\n<li><em>Colectarea Separata a    Deseurilor \/ Economia Circulara<\/em><\/li>\n<\/ul>\n<ul type=\"disc\">\n<ul type=\"circle\">\n<li><strong><em>Bogdan          Constantinescu<\/em><\/strong><em> &#8211; <\/em><strong><em>PRORECYCLING CONSULTING SRL <\/em><\/strong><em>\u2013 5 min.<\/em><\/li>\n<li><strong><em>P<\/em><\/strong><strong><em>aula Popa<\/em><\/strong><em> \u2013 <strong>ARMD<\/strong> \u2013 5 min. <\/em><\/li>\n<\/ul>\n<\/ul>\n<ul>\n<li><strong><em>Asigurarea locuintelor \u2013 <\/em><\/strong><strong><em>PAID    Romania <\/em><\/strong><strong><em>\u2013 <\/em><\/strong><strong><em>10 min<\/em><\/strong><strong><em>.<\/em><\/strong><\/li>\n<li><strong><em>Sistemul    de Alimentare Centralizat\u0103 cu Energie Termic\u0103<\/em><\/strong><strong><\/strong><em>\u2013 <strong>COGEN \u2013 Vasile Muntenita <\/strong>\u2013 10 min<strong><\/strong><\/em><\/li>\n<li><em>Imbunatatirea cadrului legal    ce guverneaza organizarea si functionarea asociatiilor de proprietari &#8211; <\/em><strong><em>Legea nr. 196\/2018<\/em><\/strong><em> privind \u00eenfiin\u0163area, organizarea \u015fi func\u0163ionarea    asocia\u0163iilor de proprietari \u015fi administrarea condominiilor<\/em><em>\u2013 <\/em><\/li>\n<\/ul>\n<ul type=\"disc\">\n<ul type=\"circle\">\n<li><strong><em>Ciprian Lucian Rosca<\/em><\/strong><em> \u2013 Secretar de Stat <strong>MDRAP \u2013 <\/strong>10 min<\/em><\/li>\n<li><strong><em>Bogdan Andrei Ghinea<\/em><\/strong><em> \u2013 <strong>MDRAP<\/strong><\/em><\/li>\n<li><strong><em>Silvia Monica Dinica<\/em><\/strong><em> \u2013 <strong>Senator &#8211; <\/strong><\/em><em>10 min<\/em><\/li>\n<li><strong><em>Cristian Ghinea<\/em><\/strong><em> \u2013 <strong>Deputat<\/strong> <strong>&#8211; <\/strong><\/em><em>10 min<\/em><\/li>\n<\/ul>\n<\/ul>\n<ul>\n<li><em>Eficienta energetica \u2013    prioritate nationala pentru reducerea saraciei energetice &#8211; reprezentant\u00a0 <strong>ANRE<\/strong> &#8211; 10 min<\/em><\/li>\n<li><em>Venitul minim de incluziune &#8211;    Suplimentul pentru locuire- <\/em><em>rezentant\u00a0 <\/em><strong><em>Ministerului Muncii \u015fi Justi\u021biei Sociale &#8211; <\/em><\/strong><em>10 min<\/em><\/li>\n<\/ul>\n<\/td>\n<\/tr>\n<tr>\n<td width=\"52\" valign=\"top\">\n<p><em>11.30\u00a0 12.00<\/em><\/p>\n<\/td>\n<td valign=\"top\">\n<p><em>Scurte prezentari parteneri (5    minute\/vorbitor)- <\/em><\/p>\n<ul type=\"disc\">\n<li><strong><em>CORAL IMPEX<\/em><\/strong><em> &#8211; Deratizare,         Dezinfectie, Dezinsectie<\/em><\/li>\n<li><strong><em>ISTA ROMANIA &#8211; <\/em><\/strong><em>Contorizare <\/em><\/li>\n<li><strong><em>SMART ECO PLUS<\/em><\/strong><em> &#8211; Elsaco \u2013 <\/em><em>Contorizare<\/em><\/li>\n<li><strong><em>CSALB<\/em><\/strong><em> &#8211; <\/em><em>Solu\u021bionarea         alternativa a litigiilor\/disputelor din domeniul serviciilor financiare         \u2013 b\u0103nci, institu\u021bii financiare non-bancare \u2013 \u00een afara cadrului         instan\u021belor de judecat\u0103<\/em><strong> <\/strong><\/li>\n<\/ul>\n<\/td>\n<\/tr>\n<tr>\n<td width=\"52\" valign=\"top\">\n<p><em>12:00 14:00&nbsp; <\/em><\/p>\n<\/td>\n<td valign=\"top\">\n<p><em>Interventii    ale membrilor si reprezentantilor asociatiilor de proprietari (5    minute\/vorbitor)-<\/em><\/p>\n<ol start=\"1\" type=\"1\">\n<li style=\"text-transform: uppercase\"><strong><em>arad \u2013 DORINA LUPSE<\/em><\/strong><\/li>\n<li style=\"text-transform: uppercase\"><strong><em>bacau \u2013 VASILE MAXIM<\/em><\/strong><\/li>\n<li style=\"text-transform: uppercase\"><strong><em>botosani \u2013 PETRICA BUTNARU<\/em><\/strong><\/li>\n<li style=\"text-transform: uppercase\"><strong><em>braila \u2013 IONEL CRISTEA<\/em><\/strong><\/li>\n<li style=\"text-transform: uppercase\"><strong><em>brasov \u2013 VASILE EMIL MARTIN<\/em><\/strong><\/li>\n<li style=\"text-transform: uppercase\"><strong><em>Buzau \u2013 CONSTANTIN IONESCU<\/em><\/strong><\/li>\n<li style=\"text-transform: uppercase\"><strong><em>campululung muscel \u2013 ION CICULESCU<\/em><\/strong><\/li>\n<li style=\"text-transform: uppercase\"><strong><em>cluj napoca \u2013 SORIN MUNTEAN<\/em><\/strong><\/li>\n<li style=\"text-transform: uppercase\"><strong><em>constanta \u2013 VASILE HARSESCU<\/em><\/strong><\/li>\n<li style=\"text-transform: uppercase\"><strong><em>craiova \u2013 PREDA ILIE<\/em><\/strong><\/li>\n<li style=\"text-transform: uppercase\"><strong><em>galati \u2013 ROMAN PRICOP <\/em><\/strong><\/li>\n<li style=\"text-transform: uppercase\"><strong><em>iasi \u2013 DUMITRU BUCUR<\/em><\/strong><\/li>\n<li style=\"text-transform: uppercase\"><strong><em>lugoj &#8211; LAZAR VASILE<\/em><\/strong><\/li>\n<li style=\"text-transform: uppercase\"><strong><em>negresti oas \u2013 SATU MARE \u2013 SORIN HAIDUC \u00a0<\/em><\/strong><\/li>\n<li style=\"text-transform: uppercase\"><strong><em>oltenita \u2013 DAN LUCRETIU IONESCU<\/em><\/strong><\/li>\n<li style=\"text-transform: uppercase\"><strong><em>oradea \u2013 DAN CRETU<\/em><\/strong><\/li>\n<li style=\"text-transform: uppercase\"><strong><em>ploiesti \u2013 IOAN ENE<\/em><\/strong><\/li>\n<li style=\"text-transform: uppercase\"><strong><em>ramnicu valcea ANDREI MOSMONEA<\/em><\/strong><\/li>\n<li style=\"text-transform: uppercase\"><strong><em>sfantu gheorghe \u2013 STOIAN RADUCAN<\/em><\/strong><\/li>\n<li style=\"text-transform: uppercase\"><strong><em>slobozia \u2013 SMARANDA ARMASU<\/em><\/strong><\/li>\n<li style=\"text-transform: uppercase\"><strong><em>timisoara \u2013 PETRU OLARIU<\/em><\/strong><\/li>\n<li style=\"text-transform: uppercase\"><strong><em>targu mures \u2013 DUMITRU RUS<\/em><\/strong><\/li>\n<li style=\"text-transform: uppercase\"><strong><em>turnu magurele \u2013 EUGEN MOCANU<\/em><\/strong><\/li>\n<li style=\"text-transform: uppercase\"><strong><em>bucuresti <\/em><\/strong><\/li>\n<\/ol>\n<\/td>\n<\/tr>\n<\/table>\n","protected":false},"excerpt":{"rendered":"<p>Vineri, 05 octombrie, ora 09.00, la Bucure\u0219ti, hotel Ibis Nord, sala Enescu (Calea Grivitei nr.143, sector 1, Bucuresti, in proximitatea Garii de Nord), Liga Na\u021bional\u0103 a Asocia\u021biilor de Proprietari Habitat, organizeaza Conferin\u021ba Na\u021bional\u0103 a Asocia\u021biilor de Proprietari. Dezbaterile vor viza, in an centenar, trecutul, prezentul si perspectivele in urmatoarele domenii Locuirea \u00een Rom\u00e2nia \u2013. Dreptul [&hellip;]<\/p>\n","protected":false},"author":3,"featured_media":0,"comment_status":"open","ping_status":"open","sticky":false,"template":"","format":"standard","meta":{"footnotes":""},"categories":[1],"tags":[],"class_list":["post-2709","post","type-post","status-publish","format-standard","hentry","category-noutati"],"_links":{"self":[{"href":"https:\/\/www.habitaturban.ro\/index.php?rest_route=\/wp\/v2\/posts\/2709","targetHints":{"allow":["GET"]}}],"collection":[{"href":"https:\/\/www.habitaturban.ro\/index.php?rest_route=\/wp\/v2\/posts"}],"about":[{"href":"https:\/\/www.habitaturban.ro\/index.php?rest_route=\/wp\/v2\/types\/post"}],"author":[{"embeddable":true,"href":"https:\/\/www.habitaturban.ro\/index.php?rest_route=\/wp\/v2\/users\/3"}],"replies":[{"embeddable":true,"href":"https:\/\/www.habitaturban.ro\/index.php?rest_route=%2Fwp%2Fv2%2Fcomments&post=2709"}],"version-history":[{"count":2,"href":"https:\/\/www.habitaturban.ro\/index.php?rest_route=\/wp\/v2\/posts\/2709\/revisions"}],"predecessor-version":[{"id":2711,"href":"https:\/\/www.habitaturban.ro\/index.php?rest_route=\/wp\/v2\/posts\/2709\/revisions\/2711"}],"wp:attachment":[{"href":"https:\/\/www.habitaturban.ro\/index.php?rest_route=%2Fwp%2Fv2%2Fmedia&parent=2709"}],"wp:term":[{"taxonomy":"category","embeddable":true,"href":"https:\/\/www.habitaturban.ro\/index.php?rest_route=%2Fwp%2Fv2%2Fcategories&post=2709"},{"taxonomy":"post_tag","embeddable":true,"href":"https:\/\/www.habitaturban.ro\/index.php?rest_route=%2Fwp%2Fv2%2Ftags&post=2709"}],"curies":[{"name":"wp","href":"https:\/\/api.w.org\/{rel}","templated":true}]}}