{"id":2717,"date":"2018-10-12T11:44:53","date_gmt":"2018-10-12T09:44:53","guid":{"rendered":"http:\/\/www.habitaturban.ro\/?p=2717"},"modified":"2018-10-17T11:46:13","modified_gmt":"2018-10-17T09:46:13","slug":"caravana-pad-2018-editia-a-%e2%80%93-ii-%e2%80%93-a","status":"publish","type":"post","link":"https:\/\/www.habitaturban.ro\/?p=2717","title":{"rendered":"Caravana PAD 2018 editia a \u2013 II \u2013 a"},"content":{"rendered":"<p>Ne-ar bucura dac\u0103  membrii si reprezentantii Asociatiilor de Proprietari ar participa la  intalnirile organizate in cadrul celei de a II-a edi\u021bii a Caravanei <strong>PAD<\/strong> ce se va desf\u0103\u0219ura \u00een perioada 15 \u2013  19 octombrie 2018<strong> <\/strong>(avand ca  parteneri Autoritatea de Supraveghere Financiar\u0103 &#8211;<strong>ASF<\/strong>&#8211;&nbsp;\u00eempreun\u0103 cu<strong> <\/strong><strong>Pool-ul  de Asigurare \u00cempotriva Dezastrelor Naturale &#8211;<\/strong><strong>PAID<\/strong><strong>&#8211;<\/strong><strong>&nbsp;<\/strong>\u0219i<strong> <\/strong><strong>Liga  Asocia\u0163iilor de Proprietari Habitat)<\/strong><strong>. <\/strong>Principalul obiectiv &#8211; con\u0219tientizarea  importan\u021bei \u00eencheierii poli\u021bei de asigurare obligatorie a locuin\u021belor (<strong>PAD<\/strong>).<strong><\/strong><\/p>\n<p>Pentru aceast\u0103 edi\u021bie  a Caravanei se are \u00een vedere acoperirea unei singure zone geografice &#8211; regiunea  Moldova este cea mai afectat\u0103 de riscurile acoperite de<strong> <\/strong>poli\u021ba  de asigurare obligatorie a locuin\u021belor (PAD)<strong>.<\/strong><strong> <\/strong><\/p>\n<p><strong>Program:&nbsp;<\/strong><\/p>\n<table border=\"1\" cellspacing=\"0\" cellpadding=\"3\" width=\"100%\">\n<tr>\n<td valign=\"top\">\n<p align=\"center\"><strong>Data<\/strong><\/p>\n<\/td>\n<td width=\"2%\" valign=\"top\"><\/td>\n<td width=\"54%\" valign=\"top\">\n<p align=\"center\"><strong>Localit\u0103\u021bi <\/strong><\/p>\n<\/td>\n<td width=\"2%\" valign=\"top\"><\/td>\n<td valign=\"top\">\n<p align=\"center\"><strong>Men\u021biuni<\/strong><\/p>\n<\/td>\n<\/tr>\n<tr>\n<td valign=\"top\">\n<p>15.10.2018<\/p>\n<\/td>\n<td width=\"2%\" valign=\"top\"><\/td>\n<td width=\"54%\" valign=\"top\">\n<p><strong>Br\u0103ila <\/strong>&#8211;&nbsp;&nbsp;&nbsp;    \u00eent\u00e2lnire    public\u0103<br \/>\n      <strong>Gala\u021bi <\/strong>&#8211;&nbsp;&nbsp;&nbsp;    \u00eent\u00e2lnire    public\u0103<\/p>\n<\/td>\n<td width=\"2%\"><\/td>\n<td valign=\"top\">\n<p>11:00-12:00<br \/>\n      17:00-18:00<\/p>\n<\/td>\n<\/tr>\n<tr>\n<td valign=\"top\">\n<p>16.10.2018<\/p>\n<\/td>\n<td width=\"2%\" valign=\"top\"><\/td>\n<td width=\"54%\" valign=\"top\">\n<p><strong>Tecuci <\/strong>&#8211;&nbsp;&nbsp;&nbsp;    \u00eent\u00e2lnire    public\u0103 + autorit\u0103\u021bi <br \/>\n      <strong>B\u00e2rlad <\/strong>&#8211;&nbsp;&nbsp;&nbsp;    \u00eent\u00e2lnire    public\u0103 + autorit\u0103\u021bi<\/p>\n<\/td>\n<td width=\"2%\"><\/td>\n<td valign=\"top\">\n<p>10:00-11:30<br \/>\n      13:00-14:30<\/p>\n<\/td>\n<\/tr>\n<tr>\n<td valign=\"top\">\n<p>17.10.2018<\/p>\n<\/td>\n<td width=\"2%\" valign=\"top\"><\/td>\n<td width=\"54%\" valign=\"top\">\n<p><strong>Ia\u0219i<\/strong> <br \/>\n      &#8211;&nbsp;&nbsp;&nbsp;    \u00eent\u00e2lnire    autorit\u0103\u021bi<br \/>\n      &#8211;&nbsp;&nbsp;&nbsp;    \u00eent\u00e2lnire    public\u0103<\/p>\n<\/td>\n<td width=\"2%\"><\/td>\n<td valign=\"top\">\n<p align=\"center\">&nbsp;<\/p>\n<p>10:00-11:30<br \/>\n        13:00-14:30 <\/p>\n<\/td>\n<\/tr>\n<tr>\n<td valign=\"top\">\n<p>18.10.2018<\/p>\n<\/td>\n<td width=\"2%\" valign=\"top\"><\/td>\n<td width=\"54%\" valign=\"top\">\n<p><strong>T\u00e2rgu Frumos <\/strong>&#8211;&nbsp;&nbsp;&nbsp;    \u00eent\u00e2lnire    autorit\u0103\u021bi + public\u0103<br \/>\n      <strong>Boto\u0219ani <\/strong>&#8211;&nbsp;&nbsp;&nbsp;    \u00eent\u00e2lnire    public\u0103<\/p>\n<\/td>\n<td width=\"2%\"><\/td>\n<td valign=\"top\">\n<p>09:30-11:00<br \/>\n      15:00-16:00<\/p>\n<\/td>\n<\/tr>\n<tr>\n<td valign=\"top\">\n<p>19.10.2018<\/p>\n<\/td>\n<td width=\"2%\" valign=\"top\"><\/td>\n<td width=\"54%\" valign=\"top\">\n<p><strong>Roman <\/strong>&#8211;&nbsp;&nbsp;&nbsp;    \u00eent\u00e2lnire    autorit\u0103\u021bi + public\u0103<\/p>\n<\/td>\n<td width=\"2%\"><\/td>\n<td valign=\"top\">\n<p>14:00-15:00<\/p>\n<\/td>\n<\/tr>\n<\/table>\n<p><strong><em>LOCATIA \u2013 SEDIUL PRIMARIEI. <\/em><\/strong><\/p>\n<div>\n  <strong><em>P<\/em><\/strong><strong><em>entru informatii  suplimentare si pentru confirmarea participarii<\/em><\/strong><br \/>\n  <strong>Eugenia ZAHARIA &#8211; Sef Compartiment Subscriere, PAID  Romania &#8211; Calea Victoriei, nr. 155, tronson 6, bl. D1, et. 6, sector 1,  Bucuresti<\/strong><br \/>\n  <strong>Tel:&nbsp;+40 31 105 4260 Fax:&nbsp;&nbsp;&nbsp;+40 31  105 4262<\/strong><br \/>\n  <strong><a href=\"mailto:eugenia.zaharia@paidromania.ro\">eugenia.zaharia@paidromania.ro<\/a><\/strong><\/div>\n<p><\/p>\n<p><em>Sprijinul \u0219i  prezen\u021ba dumneavoastr\u0103 va aduce un plus de valoare evenimentului \u0219i const\u0103 \u00een  informarea membrilor si reprezentantilor asociatiilor de proprietari si  colectarea eventualelor observatii pentru imbunatatirea cadrului legal.<\/em><br \/>\n  <em>Pe parcursul \u00eent\u00e2lnirii se va interac\u021biona  direct cu participan\u021bii. Se vor prezenta beneficiile poli\u021bei PAD, riscurile pe  care le acoper\u0103 o astfel de poli\u021b\u0103, care sunt excluderile, ce trebuie f\u0103cut \u00een  cazul unei daune etc.<\/em><\/p>\n<div>\n<p><strong><em>INFO  la: <\/em><\/strong><a href=\"mailto:mihai.mereuta@habitaturban.ro\">mihai.mereuta@habitaturban.ro<\/a><strong><em> (de preferat), sau fax  021.341.30.62, sau Adresa  corespondenta: OP 49, CP 21 Sector 2 Bucuresti.<\/em><\/strong><\/p>\n<\/div>\n<p><em>Va dorim <strong>succes<\/strong> in activitatea pe care o desfasurati, va multumim pentru colaborare si sprijin  si va asiguram de intreaga noastra consideratie.<\/em><\/p>\n<p><\/p>\n<h2 align=\"center\"><strong>Mihai Mereuta<\/strong><\/h2>\n<p align=\"center\"><strong>Presedinte<\/strong><\/p>\n<table border=\"0\" cellspacing=\"0\" cellpadding=\"0\" width=\"100%\">\n<tbody>\n<tr>\n<td width=\"50%\" align=\"center\" valign=\"top\" style=\"border:none;\">\n<p align=\"center\"><strong><em>LIGA    ASOCIA\u0162IILOR DE PROPRIETARI <\/em><\/strong><br \/>\n      <strong><em>HABITAT<\/em><\/strong><\/p>\n<\/td>\n<td width=\"50%\" align=\"center\" valign=\"top\" style=\"border:none;\">\n<p align=\"center\"><strong><em>ASOCIA<\/em><\/strong><strong><em>\u0162<\/em><\/strong><strong><em>IA ROM<\/em><\/strong><strong><em>\u00c2<\/em><\/strong><strong><em>N<\/em><\/strong><strong><em>\u0102<\/em><\/strong><strong><em> PENTRU LOCUIN<\/em><\/strong><strong><em>\u0162<\/em><\/strong><strong><em>E<\/em><\/strong><br \/>\n    <strong><em>CASA PLUS <\/em><\/strong><\/p>\n<\/td>\n<\/tr>\n<\/tbody>\n<\/table>\n","protected":false},"excerpt":{"rendered":"<p>Ne-ar bucura dac\u0103 membrii si reprezentantii Asociatiilor de Proprietari ar participa la intalnirile organizate in cadrul celei de a II-a edi\u021bii a Caravanei PAD ce se va desf\u0103\u0219ura \u00een perioada 15 \u2013 19 octombrie 2018 (avand ca parteneri Autoritatea de Supraveghere Financiar\u0103 &#8211;ASF&#8211;&nbsp;\u00eempreun\u0103 cu Pool-ul de Asigurare \u00cempotriva Dezastrelor Naturale &#8211;PAID&#8211;&nbsp;\u0219i Liga Asocia\u0163iilor de Proprietari [&hellip;]<\/p>\n","protected":false},"author":3,"featured_media":0,"comment_status":"open","ping_status":"open","sticky":false,"template":"","format":"standard","meta":{"footnotes":""},"categories":[1],"tags":[],"class_list":["post-2717","post","type-post","status-publish","format-standard","hentry","category-noutati"],"_links":{"self":[{"href":"https:\/\/www.habitaturban.ro\/index.php?rest_route=\/wp\/v2\/posts\/2717","targetHints":{"allow":["GET"]}}],"collection":[{"href":"https:\/\/www.habitaturban.ro\/index.php?rest_route=\/wp\/v2\/posts"}],"about":[{"href":"https:\/\/www.habitaturban.ro\/index.php?rest_route=\/wp\/v2\/types\/post"}],"author":[{"embeddable":true,"href":"https:\/\/www.habitaturban.ro\/index.php?rest_route=\/wp\/v2\/users\/3"}],"replies":[{"embeddable":true,"href":"https:\/\/www.habitaturban.ro\/index.php?rest_route=%2Fwp%2Fv2%2Fcomments&post=2717"}],"version-history":[{"count":2,"href":"https:\/\/www.habitaturban.ro\/index.php?rest_route=\/wp\/v2\/posts\/2717\/revisions"}],"predecessor-version":[{"id":2719,"href":"https:\/\/www.habitaturban.ro\/index.php?rest_route=\/wp\/v2\/posts\/2717\/revisions\/2719"}],"wp:attachment":[{"href":"https:\/\/www.habitaturban.ro\/index.php?rest_route=%2Fwp%2Fv2%2Fmedia&parent=2717"}],"wp:term":[{"taxonomy":"category","embeddable":true,"href":"https:\/\/www.habitaturban.ro\/index.php?rest_route=%2Fwp%2Fv2%2Fcategories&post=2717"},{"taxonomy":"post_tag","embeddable":true,"href":"https:\/\/www.habitaturban.ro\/index.php?rest_route=%2Fwp%2Fv2%2Ftags&post=2717"}],"curies":[{"name":"wp","href":"https:\/\/api.w.org\/{rel}","templated":true}]}}