{"id":2720,"date":"2018-10-31T17:47:35","date_gmt":"2018-10-31T15:47:35","guid":{"rendered":"http:\/\/www.habitaturban.ro\/?p=2720"},"modified":"2018-10-31T17:47:35","modified_gmt":"2018-10-31T15:47:35","slug":"conferinta-asociatiilor-de-proprietari-piatra-neam%c8%9b-01-noiembrie-2018","status":"publish","type":"post","link":"https:\/\/www.habitaturban.ro\/?p=2720","title":{"rendered":"Conferin\u0163a Asocia\u0163iilor de Proprietari Piatra Neam\u021b 01 noiembrie 2018"},"content":{"rendered":"<p>Joi, <strong>01 noiembrie<\/strong>, la <strong>Piatra  Neam\u021b<\/strong>, <strong>Uniunea  Asociatiilor de Proprietari <\/strong><strong>Piatra Neam\u021b<\/strong>, cu participarea <strong>Ligii Nationale a Asociatiilor de  Proprietari Habitat, <\/strong>cu sprijinul  deosebit al <strong>Primariei <\/strong><strong>Piatra  Neam\u021b<\/strong><strong>,\u00a0 <\/strong>organizeaza<strong> Conferinta  Asociatiilor de Proprietari <\/strong>din <strong>Piatra  Neam\u021b<\/strong><strong>. <\/strong>Evenimentul se va desfasura la <strong>Sala <\/strong>de<strong> Conferinte, Hotel Central &#8211; <\/strong><strong>Piatra  Neam\u021b, <\/strong>intre orele<strong> 12.00-14.00.<\/strong><strong> <\/strong><br \/>\n  <strong><em>Dezbaterile vor viza<\/em><\/strong><\/p>\n<ul>\n<li><strong><em>Legea 196 2018 privind \u00eenfiin\u0163area,  organizarea \u015fi func\u0163ionarea asocia\u0163iilor de proprietari \u015fi administrarea  condominiilor<\/em><\/strong><\/li>\n<li><strong><em>Probleme  interne ale asociatiilor de proprietari din <\/em><\/strong><strong><em>Piatra  Neam\u021b<\/em><\/strong><strong><\/strong><\/li>\n<li><strong><em>Asigurarea obligatorie a  locuintelor <\/em><\/strong><\/li>\n<li><strong><em>Solu\u021bionarea alternativa a litigiilor\/disputelor din domeniul  serviciilor financiare \u2013 b\u0103nci, institu\u021bii financiare non-bancare \u2013 \u00een afara  cadrului instan\u021belor de judecat\u0103. \u2013 reprezentant CSALB<\/em><\/strong><\/li>\n<li><strong><em>Noutati fiscalitate, contabilitate, legislatie -asociatii  de proprietari<\/em><\/strong><strong><\/strong><\/li>\n<\/ul>\n<p><strong><em>Pentru inscriere sau pt informatii suplimentare: <\/em><\/strong><\/p>\n<div style=\"border:#666 1px solid\">\n<p>\n  <strong><em>-Uniunea Asociatiilor de Proprietari <\/em><\/strong><strong><em>Piatra  Neam\u021b &#8211; <\/em><\/strong><strong><em>DRAGO\u0218 SECELEANU<\/em><\/strong><em> \u2013 Presedinte Uniunea Asociatiilor de  Proprietari <\/em><em>Piatra Neam\u021b<\/em><em>\u2013 <strong>0755.992.792;<\/strong><\/em><br \/>\n  <em><a href=\"mailto:dragos_seceleanu@yahoo.com,%20%20%20%20\">dragos_seceleanu@yahoo.com,\u00a0\u00a0\u00a0 <\/a><\/em><\/p>\n<\/div>\n<p><em>&#8211;<\/em><strong><em> MIHAI MEREU<\/em><\/strong><strong><em>\u0162\u0102<\/em><\/strong><strong><\/strong><strong><em>&#8211; 0744.751.416; <\/em><\/strong><em><a href=\"mailto:mihai.mereuta@habitaturban.ro\">mihai.mereuta@habitaturban.ro<\/a><\/em><strong><em>; presedinte\u00a0 Liga  Asociatiilor de Proprietari Habitat, Asociatia Romana pentru Locuinte Casa Plus<\/em><\/strong><br \/>\n  <em>Va dorim <strong>succes<\/strong> in activitatea pe care o  desfasurati, va multumim pentru colaborare si sprijin si va asiguram de  intreaga noastra consideratie.<\/em><\/p>\n<p><\/p>\n<table border=\"0\" cellspacing=\"0\" cellpadding=\"3\" width=\"98%\">\n<tbody>\n<tr>\n<td width=\"329\" valign=\"top\" style=\"border:none\">\n<h2 align=\"center\"><strong>Mihai Mereuta<\/strong><\/h2>\n<p align=\"center\">\n      <strong>Presedinte<\/strong><strong><\/strong><\/p>\n<\/td>\n<td width=\"321\" valign=\"top\" style=\"border:none\">\n<h2 align=\"center\"><strong>Dragos Seceleanu<\/strong><\/h2>\n<p align=\"center\">\n      <strong>Presedinte<\/strong><\/p>\n<\/td>\n<\/tr>\n<tr>\n<td width=\"50%\" align=\"center\" valign=\"top\" style=\"border:none\">\n<p><strong><em>LIGA  ASOCIA\u0162IILOR DE PROPRIETARI <br \/> HABITAT <\/em><\/strong><\/p>\n<\/td>\n<td width=\"50%\" align=\"center\" valign=\"top\" style=\"border:none\">\n<p align=\"center\"><strong><em>UNIUNEA ASOCIA\u0162IILOR DE PROPRIETARI<br \/>PIATRA NEAM\u021a<\/em><\/strong><\/p>\n<\/td>\n<\/tr>\n<\/tbody>\n<\/table>\n","protected":false},"excerpt":{"rendered":"<p>Joi, 01 noiembrie, la Piatra Neam\u021b, Uniunea Asociatiilor de Proprietari Piatra Neam\u021b, cu participarea Ligii Nationale a Asociatiilor de Proprietari Habitat, cu sprijinul deosebit al Primariei Piatra Neam\u021b,\u00a0 organizeaza Conferinta Asociatiilor de Proprietari din Piatra Neam\u021b. Evenimentul se va desfasura la Sala de Conferinte, Hotel Central &#8211; Piatra Neam\u021b, intre orele 12.00-14.00. Dezbaterile vor viza [&hellip;]<\/p>\n","protected":false},"author":3,"featured_media":0,"comment_status":"open","ping_status":"open","sticky":false,"template":"","format":"standard","meta":{"footnotes":""},"categories":[1],"tags":[],"class_list":["post-2720","post","type-post","status-publish","format-standard","hentry","category-noutati"],"_links":{"self":[{"href":"https:\/\/www.habitaturban.ro\/index.php?rest_route=\/wp\/v2\/posts\/2720","targetHints":{"allow":["GET"]}}],"collection":[{"href":"https:\/\/www.habitaturban.ro\/index.php?rest_route=\/wp\/v2\/posts"}],"about":[{"href":"https:\/\/www.habitaturban.ro\/index.php?rest_route=\/wp\/v2\/types\/post"}],"author":[{"embeddable":true,"href":"https:\/\/www.habitaturban.ro\/index.php?rest_route=\/wp\/v2\/users\/3"}],"replies":[{"embeddable":true,"href":"https:\/\/www.habitaturban.ro\/index.php?rest_route=%2Fwp%2Fv2%2Fcomments&post=2720"}],"version-history":[{"count":1,"href":"https:\/\/www.habitaturban.ro\/index.php?rest_route=\/wp\/v2\/posts\/2720\/revisions"}],"predecessor-version":[{"id":2721,"href":"https:\/\/www.habitaturban.ro\/index.php?rest_route=\/wp\/v2\/posts\/2720\/revisions\/2721"}],"wp:attachment":[{"href":"https:\/\/www.habitaturban.ro\/index.php?rest_route=%2Fwp%2Fv2%2Fmedia&parent=2720"}],"wp:term":[{"taxonomy":"category","embeddable":true,"href":"https:\/\/www.habitaturban.ro\/index.php?rest_route=%2Fwp%2Fv2%2Fcategories&post=2720"},{"taxonomy":"post_tag","embeddable":true,"href":"https:\/\/www.habitaturban.ro\/index.php?rest_route=%2Fwp%2Fv2%2Ftags&post=2720"}],"curies":[{"name":"wp","href":"https:\/\/api.w.org\/{rel}","templated":true}]}}