{"id":2733,"date":"2018-12-03T16:50:40","date_gmt":"2018-12-03T14:50:40","guid":{"rendered":"http:\/\/www.habitaturban.ro\/?p=2733"},"modified":"2018-12-03T16:50:40","modified_gmt":"2018-12-03T14:50:40","slug":"radet-bucure%c8%99ti-%e2%80%93-2-ani-in-insolven%c8%9ba-ce-s-a-facut-ce-urmeaza","status":"publish","type":"post","link":"https:\/\/www.habitaturban.ro\/?p=2733","title":{"rendered":"RADET Bucure\u0219ti \u2013 2 ani in insolven\u021ba! Ce s-a facut? Ce urmeaza?&#8221;"},"content":{"rendered":"<p>In  cadrul seminariilor complet gratuite adresate membrilor si reprezentantilor  asociatiilor de proprietari, miercuri, <strong><u>05.12.2018<\/u><\/strong>, ora 11.00, la  Sala de Conferinte de la RADET Ilioara (etaj 3, str. Strada Ilioara nr. 16 \u2013  fosta Scoala de soferi, Sectorului 3 Bucuresti), are loc Dezbaterea cu tema  principala: &quot;<strong><u>RADET Bucure\u0219ti \u2013 2 ani in insolven\u021ba! Ce  s-a facut? Ce urmeaza?<\/u>&quot;<\/strong><strong> <\/strong><\/p>\n<p><strong><em><u>Dezbaterea\u00a0 va viza:<\/u><\/em><\/strong><\/p>\n<ul>\n<li><strong><em>Insolventa  RADET<\/em><\/strong><\/li>\n<li><em>Relatia asociatiilor de  proprietari cu RADET Bucuresti;<\/em><\/li>\n<li><strong><em>Evaluarea si  Monitorizarea <\/em><\/strong><strong><em>aliment\u0103rii cu energie termic\u0103 a Municipiului Bucure\u015fti<\/em><\/strong><strong><\/strong><\/li>\n<li><em>Alte teme propuse (in deschidere)<\/em><\/li>\n<ul>\n<li><em>Asigurarea obligatorie a  locuintelor<\/em><\/li>\n<li><em>Scurta  prezentare a noutatilor legate de Deratizare<\/em><\/li>\n<li><em>Solu\u021bionarea alternativa a litigiilor\/disputelor din  domeniul serviciilor financiare \u2013 b\u0103nci, institu\u021bii financiare non-bancare \u2013 \u00een  afara cadrului instan\u021belor de judecat\u0103.<\/em><\/li>\n<\/ul>\n<\/ul>\n<p><strong><em><u>Invitati:<\/u><\/em><\/strong><\/p>\n<ul>\n<li><em>Reprezentanti ai asociatiilor  de proprietari din Bucuresti;<\/em><\/li>\n<li><em>Reprezentanti ai Serviciilor  pentru Asociatiile de Proprietari din cadrul Primariilor de Sector; <\/em><\/li>\n<li><em>Reprezentanti ai ROMINSOLV, AMRSP, PMB, CGMB, <\/em><\/li>\n<li><em>INVITATI PERMANENTI: RADET BUCURESTI,  Coral Impex SRL \u2013 operator Deratizare la nivelul municipiului Bucuresti <\/em><\/li>\n<li><em>Specialisti in domeniu;<\/em><\/li>\n<\/ul>\n<div style=\"border:#666 1px solid\">\n<p><strong>NUM\u0102R  LIMITAT DE LOCURI! V\u0102 RUG\u0102M S\u0102 CONFIRMA\u0162I PARTICIPAREA LA 0726.949.000, 0743.627.705, 021.341.30.62, <\/strong><strong><a href=\"mailto:dana.hutan@habitaturban.ro\">dana.hutan@habitaturban.ro<\/a>;<\/strong><\/p>\n<\/div>\n<h2 align=\"center\"><strong>Mihai Mereuta<\/strong><\/h2>\n<p align=\"center\"><strong>Presedinte<\/strong><\/p>\n<table border=\"0\" cellspacing=\"0\" cellpadding=\"0\" width=\"100%\">\n<tbody>\n<tr>\n<td width=\"50%\" align=\"center\" valign=\"top\" style=\"border:none;\">\n<p align=\"center\"><strong><em>LIGA    ASOCIA\u0162IILOR DE PROPRIETARI <\/em><\/strong><br \/>\n      <strong><em>HABITAT<\/em><\/strong><\/p>\n<\/td>\n<td width=\"50%\" align=\"center\" valign=\"top\" style=\"border:none;\">\n<p align=\"center\"><strong><em>ASOCIA<\/em><\/strong><strong><em>\u0162<\/em><\/strong><strong><em>IA ROM<\/em><\/strong><strong><em>\u00c2<\/em><\/strong><strong><em>N<\/em><\/strong><strong><em>\u0102<\/em><\/strong><strong><em> PENTRU LOCUIN<\/em><\/strong><strong><em>\u0162<\/em><\/strong><strong><em>E<\/em><\/strong><br \/>\n    <strong><em>CASA PLUS <\/em><\/strong><\/p>\n<\/td>\n<\/tr>\n<\/tbody>\n<\/table>\n<p><\/p>\n<p align=\"center\"><strong>AGENDA  EVENIMENTULUI <\/strong><\/p>\n<table width=\"100%\" border=\"1\" cellpadding=\"3\" cellspacing=\"0\">\n<tr>\n<td colspan=\"2\" valign=\"top\">\n<p align=\"center\"><strong><em>MIERCURI,    05 DECEMBRIE 2018, <\/em><\/strong><strong><em>SALA DE    CONFERINTE &#8211; RADET ILIOARA <\/em><\/strong><strong><\/strong><\/p>\n<\/td>\n<\/tr>\n<tr>\n<td width=\"111\" valign=\"top\">\n<p><em>10:30 \u2013 11:00<\/em><\/p>\n<\/td>\n<td width=\"546\" valign=\"top\">\n<p><em>Primirea si \u00eenregistrarea participantilor<\/em><\/p>\n<\/td>\n<\/tr>\n<tr>\n<td width=\"111\" valign=\"top\">\n<p><em>11:00 \u2013 11:05<\/em><\/p>\n<\/td>\n<td width=\"546\" valign=\"top\">\n<p><em>Cuv\u00e2nt introductiv, prezentarea    invita\u0163ilor, lansarea Dezbaterii<\/em><br \/>\n          <em>Mihai MEREU\u0162\u0102 \u2013 Presedinte Liga    Asociatiilor de Proprietari Habitat<\/em><\/p>\n<\/td>\n<\/tr>\n<tr>\n<td width=\"111\" valign=\"top\">\n<p><em>11:05 \u2013 11.15<\/em><\/p>\n<\/td>\n<td width=\"546\" valign=\"top\">\n<p><em>Prezentari TEME DESCHIDERE<\/em><\/p>\n<ul>\n<li><em>PAID    ROMANIA \u2013 5 MIN <\/em><\/li>\n<li><em>CORAL    IMPEX SRL \u2013 5 MIN <\/em><\/li>\n<\/ul>\n<\/td>\n<\/tr>\n<tr>\n<td width=\"111\" valign=\"top\">\n<p><em>11.15-12.00<\/em><\/p>\n<\/td>\n<td width=\"546\" valign=\"top\">\n<p><em>Prezentari TEMA PRINCIPALA<\/em><\/p>\n<ul>\n<li><em>ROMINSOLV    &#8211; 15 MIN <\/em><\/li>\n<li><em>RADET \u2013    15 MIN <\/em><\/li>\n<li><em>PMB \u2013 5    MIN <\/em><\/li>\n<li><em>CGMB <\/em><\/li>\n<li><em>AMRSP \u2013    5 MIN <\/em><\/li>\n<li><em>SMART ECO PLUS <\/em><em>\u2013 5 MIN<\/em><\/li>\n<li><em>ISTA <\/em><em>\u2013 5 MIN<\/em><\/li>\n<\/ul>\n<\/td>\n<\/tr>\n<tr>\n<td width=\"111\" valign=\"top\">\n<p><em>12:00 \u2013 13:00&nbsp; <\/em><\/p>\n<\/td>\n<td width=\"546\" valign=\"top\">\n<ul>\n<li><em>Interventii ale membrilor si reprezentantilor    asociatiilor de proprietari; <\/em><\/li>\n<li><em>Intrebari \/ Raspunsuri \/ Concluzii<\/em><\/li>\n<\/ul>\n<\/td>\n<\/tr>\n<\/table>\n","protected":false},"excerpt":{"rendered":"<p>In cadrul seminariilor complet gratuite adresate membrilor si reprezentantilor asociatiilor de proprietari, miercuri, 05.12.2018, ora 11.00, la Sala de Conferinte de la RADET Ilioara (etaj 3, str. Strada Ilioara nr. 16 \u2013 fosta Scoala de soferi, Sectorului 3 Bucuresti), are loc Dezbaterea cu tema principala: &quot;RADET Bucure\u0219ti \u2013 2 ani in insolven\u021ba! Ce s-a facut? [&hellip;]<\/p>\n","protected":false},"author":3,"featured_media":0,"comment_status":"open","ping_status":"open","sticky":false,"template":"","format":"standard","meta":{"footnotes":""},"categories":[1],"tags":[],"class_list":["post-2733","post","type-post","status-publish","format-standard","hentry","category-noutati"],"_links":{"self":[{"href":"https:\/\/www.habitaturban.ro\/index.php?rest_route=\/wp\/v2\/posts\/2733","targetHints":{"allow":["GET"]}}],"collection":[{"href":"https:\/\/www.habitaturban.ro\/index.php?rest_route=\/wp\/v2\/posts"}],"about":[{"href":"https:\/\/www.habitaturban.ro\/index.php?rest_route=\/wp\/v2\/types\/post"}],"author":[{"embeddable":true,"href":"https:\/\/www.habitaturban.ro\/index.php?rest_route=\/wp\/v2\/users\/3"}],"replies":[{"embeddable":true,"href":"https:\/\/www.habitaturban.ro\/index.php?rest_route=%2Fwp%2Fv2%2Fcomments&post=2733"}],"version-history":[{"count":1,"href":"https:\/\/www.habitaturban.ro\/index.php?rest_route=\/wp\/v2\/posts\/2733\/revisions"}],"predecessor-version":[{"id":2734,"href":"https:\/\/www.habitaturban.ro\/index.php?rest_route=\/wp\/v2\/posts\/2733\/revisions\/2734"}],"wp:attachment":[{"href":"https:\/\/www.habitaturban.ro\/index.php?rest_route=%2Fwp%2Fv2%2Fmedia&parent=2733"}],"wp:term":[{"taxonomy":"category","embeddable":true,"href":"https:\/\/www.habitaturban.ro\/index.php?rest_route=%2Fwp%2Fv2%2Fcategories&post=2733"},{"taxonomy":"post_tag","embeddable":true,"href":"https:\/\/www.habitaturban.ro\/index.php?rest_route=%2Fwp%2Fv2%2Ftags&post=2733"}],"curies":[{"name":"wp","href":"https:\/\/api.w.org\/{rel}","templated":true}]}}