{"id":2746,"date":"2019-02-06T12:28:01","date_gmt":"2019-02-06T10:28:01","guid":{"rendered":"http:\/\/www.habitaturban.ro\/?p=2746"},"modified":"2019-02-06T12:28:01","modified_gmt":"2019-02-06T10:28:01","slug":"conferinta-uniunii-locale-a-asociatiilor-locative-arad-ulala","status":"publish","type":"post","link":"https:\/\/www.habitaturban.ro\/?p=2746","title":{"rendered":"Conferinta Uniunii Locale a Asociatiilor Locative Arad (ULALA)"},"content":{"rendered":"<p><strong>Luni,<\/strong> <strong>11 februarie<\/strong>,  ora <strong>17.00<\/strong>, la Sala Mare a Consiliului  Judetean <strong>Arad<\/strong> <strong><em>(<\/em><\/strong><strong><em>Str. Corneliu Coposu, nr. 22), <\/em><\/strong><strong>Uniunea Local\u0103 a Asocia\u0163iilor  Locative Arad (ULALA), cu participarea <\/strong><strong>Ligii Na\u021bionale a Asocia\u021biilor de Proprietari Habitat, <\/strong>cu sprijinul deosebit al Consiliului  Judetean<strong> Arad, <\/strong>organizeaza <strong><em>Conferinta <\/em><\/strong><strong><em>U<\/em><\/strong><strong><em>niunii Locale a Asociatiilor Locative Arad (ULALA).<\/em><\/strong><br \/>\n  <strong><em>ORDINEA DE ZI:<\/em><\/strong><\/p>\n<ul>\n<li><em>DAREA DE SEAM\u0102 A COMITETULUI DIRECTOR ULAL ARAD PE ANUL  2018 <\/em><\/li>\n<li><em>PREZENTAREA RAPORTULUI COMISIEI DE CENZORI PENTRU ANUL  2018<\/em><\/li>\n<li><em>APROBAREA BUGETULUI DE VENITURI \u015eI CHELTUIELI PE ANUL  2019<\/em><\/li>\n<li><em>PROBLEME ORGANIZATORICE ALE UNIUNII &#8211; COMPLETAREA  COMITETULUI EXECUTIV<\/em><\/li>\n<li><em>PREZENTAREA INVITA\u0162ILOR \u015eI A URM\u0102TOARELOR TEME:<\/em><\/li>\n<ul>\n<li><em>Legea nr. 196\/2018 privind  \u00eenfiin\u0163area, organizarea \u015fi func\u0163ionarea asocia\u0163iilor de proprietari \u015fi  administrarea condominiilor <\/em><\/li>\n<li><em>Asigurarea obligatorie a locuintelor<\/em><\/li>\n<li><em>Solu\u021bionarea alternativa a litigiilor\/disputelor din  domeniul serviciilor financiare \u2013 b\u0103nci, institu\u021bii financiare non-bancare \u2013 \u00een  afara cadrului instan\u021belor de judecat\u0103.<\/em><\/li>\n<li><em>Evaluarea si Monitorizarea Serviciile  Comunitare de Utilit\u0103\u021bi Publice in Arad- APA \/ CANAL, SALUBRIZARE<\/em><\/li>\n<li><em>Noutati fiscalitate, contabilitate, legislatie -asociatii de proprietari<\/em><\/li>\n<\/ul>\n<li><em>INSPECTORATUL  DE POLI\u021aIE \u2013 PREVENIREA UNOR FAPTE ANTISOCIALE, INCALCAREA NORMELOR DE  CONVIETUIRE SOCIALE, A ORDINII SI LINISTII PUBLICE <\/em><\/li>\n<li><em>INVITATI  DIN PARTEA CONSILIULUI JUDETEAN, AGENTIA PENTRU PROTECTIA MEDIULUI ARAD \u2013  PRIVIND SALUBRIZAREA MUNICIPIULUI.\u00a0 <br \/>\n  <\/em><\/li>\n<\/ul>\n<p><strong><em>Pentru inscriere sau pt informatii suplimentare: <\/em><\/strong><br \/>\n  <em>&#8211;<strong>Liga  Asociatiilor de Proprietari Habitat &#8211; MIHAI MEREU<\/strong><\/em><strong><em>\u0162\u0102<\/em><\/strong><strong><em> &#8211; 0744.751.416; <\/em><\/strong><em><a href=\"mailto:mihai.mereuta@habitaturban.ro\">mihai.mereuta@habitaturban.ro<\/a><\/em><strong><em>; presedinte\u00a0 Liga  Asociatiilor de Proprietari Habitat, Asociatia Romana pentru Locuinte Casa Plus<\/em><\/strong><\/p>\n<div style=\"border:#666 1px solid\">\n<p>\n  <strong><em>Uniunea Local\u0103 a Asocia\u021biilor  Locative Arad (ULALA) <\/em><\/strong><br \/>\n<strong><em>-Dorina Lup\u0219e\u2013 presedinte \u2013<\/em><\/strong><em> 0357\/408.210,  0257\/285.053; 0740.458.537, <a href=\"mailto:ulal_arad@yahoo.com\">ulal_arad@yahoo.com<\/a>, <\/em><em>strada George Co\u0219buc, la num\u0103rul 33, Codul  po\u0219tal 310018, <\/em><em>Arad, Judetul Arad, \u00a0Romania<\/em><\/p>\n<\/div>\n<p><em>Va dorim <strong>succes<\/strong> in activitatea pe care o  desfasurati, va multumim pentru colaborare si sprijin si va asiguram de  intreaga noastra consideratie.<\/em><\/p>\n<table border=\"0\" cellspacing=\"0\" cellpadding=\"0\" width=\"98%\">\n<tbody>\n<tr>\n<td width=\"329\" valign=\"top\" style=\"border:none\">\n<h2 align=\"center\"><strong>Mihai Mereuta<\/strong><\/h2>\n<p align=\"center\">\n      <strong>Presedinte<\/strong><strong><\/strong><\/p>\n<\/td>\n<td width=\"321\" valign=\"top\" style=\"border:none\">\n<h2 align=\"center\"><strong>Dorina Lupse<\/strong><\/h2>\n<p align=\"center\">\n      <strong>Presedinte<\/strong><\/p>\n<\/td>\n<\/tr>\n<tr>\n<td width=\"50%\" align=\"center\" valign=\"top\" style=\"border:none\">\n<p><strong><em>LIGA  ASOCIA\u0162IILOR DE PROPRIETARI <br \/> HABITAT <\/em><\/strong><\/p>\n<\/td>\n<td width=\"50%\" align=\"center\" valign=\"top\" style=\"border:none\">\n<p align=\"center\"><strong><em>Uniunea Local\u0103 a Asocia\u0163iilor Locative Arad<br \/>(ULALA)<\/em><\/strong><\/p>\n<\/td>\n<\/tr>\n<\/tbody>\n<\/table>\n<p><\/p>\n<p align=\"center\"><strong>AGENDA  EVENIMENTULUI <\/strong><\/p>\n<table border=\"1\" cellspacing=\"0\" cellpadding=\"3\" width=\"100%\">\n<tr>\n<td  colspan=\"2\" valign=\"top\">\n<p align=\"center\"><strong>LUNI,    11 FEBRUARIE 2019, <\/strong><strong>SALA MARE A CONSILIULUI JUDETEAN ARAD <\/strong><\/p>\n<\/td>\n<\/tr>\n<tr>\n<td width=\"64\" valign=\"top\">\n<p><strong><em>16.30 \u2013 17:00<\/em><\/strong><\/p>\n<\/td>\n<td  valign=\"top\">\n<p><strong><em>Primirea si \u00eenregistrarea participantilor<\/em><\/strong><\/p>\n<\/td>\n<\/tr>\n<tr>\n<td width=\"64\" valign=\"top\">\n<p><strong><em>17:00 \u2013 17:15<\/em><\/strong><\/p>\n<\/td>\n<td  valign=\"top\">\n<p><strong><em>Cuv\u00e2nt introductiv, prezentarea    invita\u0163ilor, lansarea Conferintei &#8211;<\/em><\/strong><strong><em>Dorina Lup\u0219e\u2013 presedinte <\/em><\/strong><strong><em>&#8211;\u00a0 <\/em><\/strong><strong><em>U<\/em><\/strong><strong><em>niunea Local\u0103 a Asocia\u021biilor Locative    Arad (ULALA)<\/em><\/strong><strong><\/strong><strong><\/strong><\/p>\n<\/td>\n<\/tr>\n<tr>\n<td width=\"64\" valign=\"top\">\n<p><strong><em>17:15 \u2013 <\/em><\/strong><br \/>\n          <strong><em>18.00<\/em><\/strong><\/p>\n<\/td>\n<td  valign=\"top\">\n<ul>\n<li><strong><em>DAREA DE    SEAM\u0102 A COMITETULUI DIRECTOR ULAL ARAD PE ANUL 2018 <\/em><\/strong><\/li>\n<li><strong><em>PREZENTAREA    RAPORTULUI COMISIEI DE CENZORI PENTRU ANUL 2018<\/em><\/strong><\/li>\n<li><strong><em>APROBAREA    BUGETULUI DE VENITURI \u015eI CHELTUIELI PE ANUL 2019<\/em><\/strong><\/li>\n<li><strong><em>PROBLEME    ORGANIZATORICE ALE UNIUNII &#8211; COMPLETAREA COMITETULUI EXECUTIV<\/em><\/strong><\/li>\n<\/ul>\n<\/td>\n<\/tr>\n<tr>\n<td width=\"64\" valign=\"top\">\n<p><strong><em>18.00-<\/em><\/strong><br \/>\n          <strong><em>18.30<\/em><\/strong><\/p>\n<\/td>\n<td  valign=\"top\">\n<p><strong><em>PREZENTARI <\/em><\/strong><\/p>\n<ul>\n<li><strong><em>ASIGURAREA OBLIGATORIE A LOCUINTELOR \u2013 REPREZENTANT    PAID ROMANIA <\/em><\/strong><\/li>\n<li><strong><em>PREVENIREA UNOR FAPTE    ANTISOCIALE, INCALCAREA NORMELOR DE CONVIETUIRE SOCIALE, A ORDINII SI    LINISTII PUBLICE &#8211; INSPECTORATUL DE POLI\u021aIE<\/em><\/strong><strong><\/strong><\/li>\n<li><strong><em>EVALUAREA SI MONITORIZAREA SERVICIILE    COMUNITARE DE UTILIT\u0102\u021aI PUBLICE IN <\/em><\/strong><strong><em>ARAD<\/em><\/strong><strong><em>&#8211; APA \/    CANAL, SALUBRIZARE<\/em><\/strong><strong><em>\u2013<\/em><\/strong><strong><em> REPREZENTANTI CONSILIUL JUDETEAN ARAD, AGENTIA PENTRU    PROTECTIA MEDIULUI ARAD,<\/em><\/strong><strong><em> ANRSC<\/em><\/strong><strong><\/strong><\/li>\n<li><strong><em>LEGEA NR. 196\/2018 PRIVIND \u00ceNFIIN\u0162AREA, ORGANIZAREA    \u015eI FUNC\u0162IONAREA ASOCIA\u0162IILOR DE PROPRIETARI \u015eI ADMINISTRAREA CONDOMINIILOR <\/em><\/strong><strong><em>\u2013 <\/em><\/strong><strong><em>MIHAI MEREUTA \u2013 PRESEDINTE LIGA ASOCIATIILOR DE    PROPRIETARI HABITAT<\/em><\/strong><strong><\/strong><\/li>\n<li><strong><em>NOUTATI FISCALITATE, CONTABILITATE, LEGISLATIE    -ASOCIATII DE PROPRIETARI \u2013 <\/em><\/strong><strong><em>MIHAI    MEREUTA \u2013 PRESEDINTE LIGA ASOCIATIILOR DE PROPRIETARI HABITAT <\/em><\/strong><\/li>\n<\/ul>\n<\/td>\n<\/tr>\n<tr>\n<td width=\"64\" valign=\"top\">\n<p><strong><em>18:30 \u2013 19:00&nbsp; <\/em><\/strong><\/p>\n<\/td>\n<td  valign=\"top\">\n<p><strong><em>Interventii ale membrilor si reprezentantilor    asociatiilor de proprietari \u2013 <\/em><\/strong><strong><em>Arad<\/em><\/strong><strong><\/strong><\/p>\n<\/td>\n<\/tr>\n<\/table>\n","protected":false},"excerpt":{"rendered":"<p>Luni, 11 februarie, ora 17.00, la Sala Mare a Consiliului Judetean Arad (Str. Corneliu Coposu, nr. 22), Uniunea Local\u0103 a Asocia\u0163iilor Locative Arad (ULALA), cu participarea Ligii Na\u021bionale a Asocia\u021biilor de Proprietari Habitat, cu sprijinul deosebit al Consiliului Judetean Arad, organizeaza Conferinta Uniunii Locale a Asociatiilor Locative Arad (ULALA). ORDINEA DE ZI: DAREA DE SEAM\u0102 [&hellip;]<\/p>\n","protected":false},"author":3,"featured_media":0,"comment_status":"open","ping_status":"open","sticky":false,"template":"","format":"standard","meta":{"footnotes":""},"categories":[1],"tags":[],"class_list":["post-2746","post","type-post","status-publish","format-standard","hentry","category-noutati"],"_links":{"self":[{"href":"https:\/\/www.habitaturban.ro\/index.php?rest_route=\/wp\/v2\/posts\/2746","targetHints":{"allow":["GET"]}}],"collection":[{"href":"https:\/\/www.habitaturban.ro\/index.php?rest_route=\/wp\/v2\/posts"}],"about":[{"href":"https:\/\/www.habitaturban.ro\/index.php?rest_route=\/wp\/v2\/types\/post"}],"author":[{"embeddable":true,"href":"https:\/\/www.habitaturban.ro\/index.php?rest_route=\/wp\/v2\/users\/3"}],"replies":[{"embeddable":true,"href":"https:\/\/www.habitaturban.ro\/index.php?rest_route=%2Fwp%2Fv2%2Fcomments&post=2746"}],"version-history":[{"count":1,"href":"https:\/\/www.habitaturban.ro\/index.php?rest_route=\/wp\/v2\/posts\/2746\/revisions"}],"predecessor-version":[{"id":2747,"href":"https:\/\/www.habitaturban.ro\/index.php?rest_route=\/wp\/v2\/posts\/2746\/revisions\/2747"}],"wp:attachment":[{"href":"https:\/\/www.habitaturban.ro\/index.php?rest_route=%2Fwp%2Fv2%2Fmedia&parent=2746"}],"wp:term":[{"taxonomy":"category","embeddable":true,"href":"https:\/\/www.habitaturban.ro\/index.php?rest_route=%2Fwp%2Fv2%2Fcategories&post=2746"},{"taxonomy":"post_tag","embeddable":true,"href":"https:\/\/www.habitaturban.ro\/index.php?rest_route=%2Fwp%2Fv2%2Ftags&post=2746"}],"curies":[{"name":"wp","href":"https:\/\/api.w.org\/{rel}","templated":true}]}}