{"id":2783,"date":"2019-03-15T14:09:33","date_gmt":"2019-03-15T12:09:33","guid":{"rendered":"http:\/\/www.habitaturban.ro\/?p=2783"},"modified":"2019-03-15T14:09:33","modified_gmt":"2019-03-15T12:09:33","slug":"dezbatere-asociatii-de-proprietari-odorheiu-secuiesc","status":"publish","type":"post","link":"https:\/\/www.habitaturban.ro\/?p=2783","title":{"rendered":"Dezbatere: Asocia\u0163ii de Proprietari Odorheiu Secuiesc"},"content":{"rendered":"<p><strong><em>Marti,  19 martie<\/em><\/strong><em>, la <\/em><em>Odorheiu Secuiesc<\/em><em>, Liga  Nationala a Asociatiilor de Proprietari Habitat, cu sprijinul deosebit al Primariei <\/em><em>Odorheiu Secuiesc<\/em><em>, <\/em><em>cu participarea domnului primar  G\u00e1lfi \u00c1rp\u00e1d,<\/em><em>organizeaza o dezabatere  adresata membrilor si reprezentantilor asociatiilor de proprietari. Evenimentul  se va desfasura la <\/em>Sala de  festivitatii Szent Istv\u00e1n <em>de la <strong>Primaria Municipiului  Odorheiu Secuiesc<\/strong><\/em><strong><\/strong><em>(Pia\u021ba Prim\u0103riei nr. 5)<strong>, <\/strong>intre orele<strong> 11.00-14.00.<\/strong><\/em><strong><\/strong><br \/>\n  <strong><em>Dezbaterile vor viza<\/em><\/strong><\/p>\n<ul type=\"disc\">\n<li><em>Asigurarea obligatorie a locuintelor \u2013 reprezentant PAID<\/em><\/li>\n<li><em>Noutati &#8211; <\/em><em>serviciile comunitare  de utilit\u0103\u0163i publice<\/em><em>\u2013ANRSC<\/em><\/li>\n<li><strong><em>Evaluarea si Monitorizarea Serviciile Comunitare de Utilit\u0103\u021bi       Publice in <\/em><\/strong><em>Odorheiu       Secuiesc<\/em><\/li>\n<li><em>\u2013 <\/em><em>Mihai  Mereuta \u2013 Presedinte Liga Asociatiilor de Proprietari Habitat<\/em><\/li>\n<li><em>Noutati &#8211; fiscalitate,       contabilitate, legislatie -asociatii de proprietari (Legea 196 \/ 2019, Reglementari       noi cu privire la organizarea si functionarea asociatiilor de proprietari)       \u2013 <\/em><em>Mihai Mereuta \u2013 Presedinte Liga Asociatiilor de Proprietari Habitat<\/em><\/li>\n<li><em>Probleme interne ale       asociatiilor de proprietari din <\/em><em>Odorheiu       Secuiesc<\/em><\/li>\n<\/ul>\n<h2><em>Ne face o deosebita placere de a va invita  la acesta Dezbatere!<\/em><\/h2>\n<p><em>Sprijinul  dumneavoastra, participarea specialistilor delegati sunt factori ce contribuie  la succesul acestei actiuni.<\/em><br \/>\n  <strong>Va rugam sa confirmati participarea. <\/strong><strong><em>Pentru inscriere sau pt informatii suplimentare: <\/em><\/strong><br \/>\n  <em>&#8211;<strong>Liga  Asociatiilor de Proprietari Habitat &#8211; MIHAI  MEREU<\/strong><\/em><strong><em>\u0162\u0102<\/em><\/strong><strong><em> &#8211; 0744.751.416; <\/em><\/strong><em><a href=\"mailto:mihai.mereuta@habitaturban.ro\">mihai.mereuta@habitaturban.ro<\/a><\/em><strong><em>; presedinte\u00a0 Liga  Asociatiilor de Proprietari Habitat, Asociatia Romana pentru Locuinte Casa Plus<\/em><\/strong><\/p>\n<div style=\"border:#666 1px solid\">\n<p>Prim\u0103ria Municipiului Odorheiu Secuiesc,<br \/><strong>Persoana de contact: ANDR&Aacute;S EM\u0150KE, Consilier<\/strong><br \/>Num\u0103r de telefon: 0744-202230<br \/>E-mail:<a href=\"mailto:andras.emoke@udvarhely.ro\">andras.emoke@udvarhely.ro<\/a><\/p>\n<\/p><\/div>\n<p><em>Va dorim <strong>succes<\/strong> in activitatea pe care o  desfasurati, va multumim pentru colaborare si sprijin si va asiguram de  intreaga noastra consideratie.<\/em><\/p>\n<table border=\"0\" cellspacing=\"0\" cellpadding=\"0\" width=\"98%\">\n<tbody>\n<tr>\n<td width=\"329\" valign=\"top\" style=\"border:none\">\n<h2 align=\"center\"><strong>Mihai Mereuta<\/strong><\/h2>\n<p align=\"center\">\n      <strong>Presedinte<\/strong><strong><\/strong><\/p>\n<\/td>\n<td width=\"321\" valign=\"top\" style=\"border:none\">\n<h2 align=\"center\"><strong>Galfi Arpad<\/strong><\/h2>\n<p align=\"center\">\n      <strong>Primar<\/strong><\/p>\n<\/td>\n<\/tr>\n<tr>\n<td width=\"50%\" align=\"center\" valign=\"top\" style=\"border:none\">\n<p><strong><em>LIGA  ASOCIA\u0162IILOR DE PROPRIETARI <br \/> HABITAT <\/em><\/strong><\/p>\n<\/td>\n<td width=\"50%\" align=\"center\" valign=\"top\" style=\"border:none\">\n<p align=\"center\"><strong><em>MUNICIPIUL ODORHEIU SECUIESC<\/em><\/strong><\/p>\n<\/td>\n<\/tr>\n<\/tbody>\n<\/table>\n<p><\/p>\n<p align=\"center\"><strong>AGENDA EVENIMENTULUI <\/strong><\/p>\n<table border=\"1\" cellspacing=\"0\" cellpadding=\"3\" width=\"100%\">\n<tr>\n<td colspan=\"2\" valign=\"top\">\n          <strong><em>MARTI, 19 MARTIE, <\/em><\/strong><strong><em>PRIMARIA    ODORHEIU SECUIESC<\/em><\/strong><strong><\/strong><\/td>\n<\/tr>\n<tr>\n<td width=\"130\" valign=\"top\">\n<p><strong><em>10:30 \u2013 11:00<\/em><\/strong><\/p>\n<\/td>\n<td  valign=\"top\">\n<p><strong><em>Primirea si \u00eenregistrarea participantilor<\/em><\/strong><\/p>\n<\/td>\n<\/tr>\n<tr>\n<td width=\"130\" valign=\"top\">\n<p><strong><em>11:00 \u2013 11:15<\/em><\/strong><\/p>\n<\/td>\n<td  valign=\"top\">\n<p><strong><em>Cuv\u00e2nt introductiv, prezentarea invita\u0163ilor, lansarea Conferintei<\/em><\/strong><\/p>\n<p><em><strong>Galfi Arpad<\/strong> <\/em><strong><em>&#8211; primarul municipiului <\/em><em>Odorheiu Secuiesc<\/em><\/strong><strong><em> \u2013 mesaj de bun venit!<\/em><\/strong><\/p>\n<ul type=\"disc\">\n<li><strong><em>Mihai Mereuta \u2013 Presedinte         Liga Asociatiilor de Proprietari Habitat <\/em><\/strong><\/li>\n<\/ul>\n<\/td>\n<\/tr>\n<tr>\n<td width=\"130\" valign=\"top\">\n<p><strong><em>11:15 \u2013 13:30<\/em><\/strong><\/p>\n<\/td>\n<td  valign=\"top\">\n<p><strong><em>Prezentari <\/em><\/strong><\/p>\n<ul type=\"disc\">\n<li><em>Asigurarea         obligatorie a locuintelor \u2013 reprezentant PAID<\/em><\/li>\n<li><em>Noutati &#8211; <\/em><em>serviciile comunitare de         utilit\u0103\u0163i publice;<\/em><strong><em>Evaluarea si Monitorizarea Serviciile Comunitare de Utilit\u0103\u021bi         Publice in<\/em><\/strong><em>T\u00e2rgu-Mure\u015f<\/em><em>&#8211; <\/em><em>APA \/ CANAL, SALUBRIZARE         \u2013 reprezentant <\/em><em>ANRSC<\/em><\/li>\n<li><strong><em>Prezentarea domnului Primar <\/em><\/strong><strong><em>Galfi Arpad<\/em><\/strong><strong><\/strong><\/li>\n<li><em>Probleme interne ale asociatiilor de         proprietari din <\/em><em>Odorheiu Secuiesc<\/em><\/li>\n<\/ul>\n<ul>\n<li><em>Legea 196 2018 cu privire la organizarea si    functionarea asociatiilor de proprietari \u2013 <\/em><em>Mihai Mereuta \u2013 Presedinte Liga Asociatiilor de    Proprietari Habitat<\/em><\/li>\n<\/ul>\n<ul type=\"disc\">\n<li><em>Noutati fiscalitate, contabilitate, legislatie         -asociatii de proprietari \u2013 <\/em><em>Mihai Mereuta \u2013 Presedinte Liga Asociatiilor de         Proprietari Habitat<\/em><\/li>\n<li><em>Alte teme<\/em><\/li>\n<\/ul>\n<\/td>\n<\/tr>\n<tr>\n<td width=\"130\" valign=\"top\">\n<p><strong><em>13:30 \u2013 14:00&nbsp; <\/em><\/strong><\/p>\n<\/td>\n<td  valign=\"top\">\n<p><strong><em>Interventii ale membrilor si reprezentantilor asociatiilor de proprietari    \u2013 <\/em><\/strong><strong><em>Odorheiu    Secuiesc<\/em><\/strong><strong><\/strong><\/p>\n<\/td>\n<\/tr>\n<\/table>\n","protected":false},"excerpt":{"rendered":"<p>Marti, 19 martie, la Odorheiu Secuiesc, Liga Nationala a Asociatiilor de Proprietari Habitat, cu sprijinul deosebit al Primariei Odorheiu Secuiesc, cu participarea domnului primar G\u00e1lfi \u00c1rp\u00e1d,organizeaza o dezabatere adresata membrilor si reprezentantilor asociatiilor de proprietari. Evenimentul se va desfasura la Sala de festivitatii Szent Istv\u00e1n de la Primaria Municipiului Odorheiu Secuiesc(Pia\u021ba Prim\u0103riei nr. 5), intre [&hellip;]<\/p>\n","protected":false},"author":3,"featured_media":0,"comment_status":"open","ping_status":"open","sticky":false,"template":"","format":"standard","meta":{"footnotes":""},"categories":[1],"tags":[],"class_list":["post-2783","post","type-post","status-publish","format-standard","hentry","category-noutati"],"_links":{"self":[{"href":"https:\/\/www.habitaturban.ro\/index.php?rest_route=\/wp\/v2\/posts\/2783","targetHints":{"allow":["GET"]}}],"collection":[{"href":"https:\/\/www.habitaturban.ro\/index.php?rest_route=\/wp\/v2\/posts"}],"about":[{"href":"https:\/\/www.habitaturban.ro\/index.php?rest_route=\/wp\/v2\/types\/post"}],"author":[{"embeddable":true,"href":"https:\/\/www.habitaturban.ro\/index.php?rest_route=\/wp\/v2\/users\/3"}],"replies":[{"embeddable":true,"href":"https:\/\/www.habitaturban.ro\/index.php?rest_route=%2Fwp%2Fv2%2Fcomments&post=2783"}],"version-history":[{"count":1,"href":"https:\/\/www.habitaturban.ro\/index.php?rest_route=\/wp\/v2\/posts\/2783\/revisions"}],"predecessor-version":[{"id":2784,"href":"https:\/\/www.habitaturban.ro\/index.php?rest_route=\/wp\/v2\/posts\/2783\/revisions\/2784"}],"wp:attachment":[{"href":"https:\/\/www.habitaturban.ro\/index.php?rest_route=%2Fwp%2Fv2%2Fmedia&parent=2783"}],"wp:term":[{"taxonomy":"category","embeddable":true,"href":"https:\/\/www.habitaturban.ro\/index.php?rest_route=%2Fwp%2Fv2%2Fcategories&post=2783"},{"taxonomy":"post_tag","embeddable":true,"href":"https:\/\/www.habitaturban.ro\/index.php?rest_route=%2Fwp%2Fv2%2Ftags&post=2783"}],"curies":[{"name":"wp","href":"https:\/\/api.w.org\/{rel}","templated":true}]}}